{"id":173453,"date":"2024-02-29T19:11:11","date_gmt":"2024-02-29T22:11:11","guid":{"rendered":"https:\/\/www.hoymercedes.com.ar\/principal\/?p=173453"},"modified":"2024-02-29T19:11:14","modified_gmt":"2024-02-29T22:11:14","slug":"los-humedales-artificiales-y-el-uso-del-agua-circular","status":"publish","type":"post","link":"https:\/\/www.hoymercedes.com.ar\/principal\/2024\/02\/29\/los-humedales-artificiales-y-el-uso-del-agua-circular\/","title":{"rendered":"Los humedales artificiales y el uso del agua circular"},"content":{"rendered":"\n<p>Por Cristian Frers &#8211; Los humedales albergan un ecosistema \u00fanico donde el medio acu\u00e1tico y el terrestre se funden para dar refugio a un sinf\u00edn de especies. Para simular este ecosistema natural naci\u00f3 la idea de los\u00a0humedales artificiales con el fin de depurar aguas sucias provenientes de industrias o hogares.<\/p>\n\n\n\n<p>La idea fundamental o soluci\u00f3n biotecnol\u00f3gica consiste en la instalaci\u00f3n de humedales artificiales que act\u00faan como filtros naturales. Ubicados entre la planta y los recursos acu\u00e1ticos (r\u00edos, lagos, lagunas), estos sistemas, adem\u00e1s de no necesitar mantenimiento ni consumir energ\u00eda el\u00e9ctrica, cuestan menos que la cuarta parte de un sistema de tratamiento tradicional. Los humedales se construyen utilizando diferentes especies de plantas que abundan en la zona: totoras, repollitos de agua, camalotes o juncos.<\/p>\n\n\n\n<p>Desde el a\u00f1o 2006 que estoy impulsando el uso de humedales artificiales en el Municipio de Carmen de Areco \u2013 Provincia de Buenos Aires, para evitar la contaminaci\u00f3n por fosfatos (detergentes) en una fuente de agua dulce como es el rio Areco. Y\u2026 la verdad es que la gesti\u00f3n anterior encabezada por Marcelo Alejandro Skansi (2007 \u2013 2019) y la gesti\u00f3n actual encabezada por Ivan Villagran (2019 \u2013 2027, ya que se impuso en las \u00faltimas elecciones locales) junto a los funcionarios p\u00fablicos miraron y miran para otro lado, como si no les interesara el tema.<\/p>\n\n\n\n<p>El tema es que el aporte excesivo en las aguas del r\u00edo Areco de f\u00f3sforo y nitr\u00f3geno favorecen un proceso que se conoce como<em>&nbsp;<\/em>eutrofizaci\u00f3n del agua, que consiste en una fertilizaci\u00f3n que origina un crecimiento desmedido de algunas especies de algas en superficie que terminan por impedir el paso de la luz, de manera que las algas del fondo no pueden realizar la fotos\u00edntesis y el agua acaba perdiendo casi todo el ox\u00edgeno, por ende, termina con la vida de los peces.<\/p>\n\n\n\n<p>Si se hubiese aplicado los humedales artificiales, seguramente hoy la localidad ser\u00eda pionera en aguas circulares con una experiencia de 12 o 13 a\u00f1os en el tema, pero ni ciudadanos, ni funcionarios p\u00fablicos ni pol\u00edticos de aquellas \u00e9pocas o de la actualidad se mostraron o muestran interesados en el tema.<\/p>\n\n\n\n<p>La necesidad de afrontar la reducci\u00f3n de la calidad de los recursos h\u00eddricos y la gran demanda de agua de los sectores econ\u00f3micos hacen esencial una transformaci\u00f3n del modelo en la gesti\u00f3n de este recurso vital. Es necesario que reconsideremos nuestros enfoques tradicionales e ineficientes del consumo del agua y adoptemos nuevas estrategias que posibiliten que este recurso vital sea reutilizado lo m\u00e1s posible, y lograr normas eficientes para la gesti\u00f3n del agua.<\/p>\n\n\n\n<p>La econom\u00eda circular del agua, se plantea como un enfoque innovador y necesario en medio de la demanda de recursos naturales a nivel local, provincial y nacional. Ante una creciente y constante demanda de los recursos naturales, el agua es un recurso cr\u00edtico cuya disponibilidad se encuentra amenazada por el crecimiento de la poblaci\u00f3n, el aumento de la actividad industrial, la agricultura en expansi\u00f3n y los desaf\u00edos del cambio clim\u00e1tico.<\/p>\n\n\n\n<p>La circularidad del agua consiste en la transformaci\u00f3n econ\u00f3mico lineal del agua, es decir, usar y verter este l\u00edquido esencial, en un modelo circular que consiste en el reus\u00f3 de las aguas tratadas para disminuir el consumo neto del agua potable en otras aplicaciones.<\/p>\n\n\n\n<p>La econom\u00eda circular del agua se plantea como una de las estrategias potenciales para abordar los desaf\u00edos actuales y futuros relacionados con el agua, y as\u00ed garantizar un futuro m\u00e1s sostenible.<\/p>\n\n\n\n<p>Resulta evidente que la gravedad del problema abarca y compromete distintos sectores involucrados frente a los problemas que sufre un r\u00edo que puede ofrecer todav\u00eda mejores posibilidades, de las que se aprovechan en estos momentos. Lo cierto es que, como en tantos otros casos, los argentinos disponemos en el r\u00edo Areco de un rico patrimonio y muy poco es lo que se hace por preservarlo. La lucha por el saneamiento es una batalla contra la corrupci\u00f3n, la burocracia, la incapacidad, la apat\u00eda y la mentira; es en definitiva una lucha emblem\u00e1tica contra la mediocridad.<\/p>\n\n\n\n<p>Merecer el r\u00edo significa saber hacer uso de \u00e9l, amarlo, amar sus habitantes, su medio y fundamentalmente desear que nunca deje de ser lo que es hoy, para nuestros hijos y nuestros nietos; y actuar en consecuencia. Merecer el r\u00edo significa respetar las reglamentaciones, educarse para adoptar una actitud que contribuya a mejorar las condiciones del mismo.<\/p>\n\n\n\n<p>*Cristian Frers \u2013 T\u00e9cnico Superior en Gesti\u00f3n Ambiental y T\u00e9cnico Superior en Comunicaci\u00f3n Social (Periodista}.<\/p>\n","protected":false},"excerpt":{"rendered":"<p>Por Cristian Frers &#8211; Los humedales albergan un ecosistema \u00fanico donde el medio acu\u00e1tico y el terrestre se funden para &#8230; <a title=\"Los humedales artificiales y el uso del agua circular\" class=\"read-more\" href=\"https:\/\/www.hoymercedes.com.ar\/principal\/2024\/02\/29\/los-humedales-artificiales-y-el-uso-del-agua-circular\/\" aria-label=\"Leer m\u00e1s sobre Los humedales artificiales y el uso del agua circular\">Leer m\u00e1s<\/a><\/p>\n","protected":false},"author":1,"featured_media":64763,"comment_status":"closed","ping_status":"open","sticky":false,"template":"","format":"standard","meta":{"_monsterinsights_skip_tracking":false,"_monsterinsights_sitenote_active":false,"_monsterinsights_sitenote_note":"","_monsterinsights_sitenote_category":0,"jetpack_post_was_ever_published":false,"_jetpack_newsletter_access":"","_jetpack_dont_email_post_to_subs":false,"_jetpack_newsletter_tier_id":0,"_jetpack_memberships_contains_paywalled_content":false,"_jetpack_memberships_contains_paid_content":false,"footnotes":"","jetpack_publicize_message":"","jetpack_publicize_feature_enabled":true,"jetpack_social_post_already_shared":true,"jetpack_social_options":{"image_generator_settings":{"template":"highway","default_image_id":0,"font":"","enabled":false},"version":2},"_wpas_customize_per_network":false},"categories":[8],"tags":[],"class_list":["post-173453","post","type-post","status-publish","format-standard","has-post-thumbnail","hentry","category-sociedad","generate-columns","tablet-grid-50","mobile-grid-100","grid-parent","grid-50"],"jetpack_publicize_connections":[],"jetpack_featured_media_url":"https:\/\/www.hoymercedes.com.ar\/principal\/wp-content\/uploads\/2017\/07\/10-humedales.jpg","wps_subtitle":"","jetpack_sharing_enabled":true,"_links":{"self":[{"href":"https:\/\/www.hoymercedes.com.ar\/principal\/wp-json\/wp\/v2\/posts\/173453","targetHints":{"allow":["GET"]}}],"collection":[{"href":"https:\/\/www.hoymercedes.com.ar\/principal\/wp-json\/wp\/v2\/posts"}],"about":[{"href":"https:\/\/www.hoymercedes.com.ar\/principal\/wp-json\/wp\/v2\/types\/post"}],"author":[{"embeddable":true,"href":"https:\/\/www.hoymercedes.com.ar\/principal\/wp-json\/wp\/v2\/users\/1"}],"replies":[{"embeddable":true,"href":"https:\/\/www.hoymercedes.com.ar\/principal\/wp-json\/wp\/v2\/comments?post=173453"}],"version-history":[{"count":0,"href":"https:\/\/www.hoymercedes.com.ar\/principal\/wp-json\/wp\/v2\/posts\/173453\/revisions"}],"wp:featuredmedia":[{"embeddable":true,"href":"https:\/\/www.hoymercedes.com.ar\/principal\/wp-json\/wp\/v2\/media\/64763"}],"wp:attachment":[{"href":"https:\/\/www.hoymercedes.com.ar\/principal\/wp-json\/wp\/v2\/media?parent=173453"}],"wp:term":[{"taxonomy":"category","embeddable":true,"href":"https:\/\/www.hoymercedes.com.ar\/principal\/wp-json\/wp\/v2\/categories?post=173453"},{"taxonomy":"post_tag","embeddable":true,"href":"https:\/\/www.hoymercedes.com.ar\/principal\/wp-json\/wp\/v2\/tags?post=173453"}],"curies":[{"name":"wp","href":"https:\/\/api.w.org\/{rel}","templated":true}]}}