{"id":173456,"date":"2024-02-29T20:00:00","date_gmt":"2024-02-29T23:00:00","guid":{"rendered":"https:\/\/www.hoymercedes.com.ar\/principal\/?p=173456"},"modified":"2024-02-29T19:51:50","modified_gmt":"2024-02-29T22:51:50","slug":"juraron-nuevos-matriculados-en-el-colegio-de-abogados","status":"publish","type":"post","link":"https:\/\/www.hoymercedes.com.ar\/principal\/2024\/02\/29\/juraron-nuevos-matriculados-en-el-colegio-de-abogados\/","title":{"rendered":"Juraron nuevos matriculados en el Colegio de Abogados"},"content":{"rendered":"\n<p>D\u00edas atr\u00e1s, el Colegio de Abogados del Departamento Judicial Mercedes llev\u00f3 adelante un nuevo acto de jura para nuevos matriculados en la instituci\u00f3n. El acto estuvo presidido por el Dr. Hern\u00e1n Alberto Salaverri (presidente del CADJMercedes) y el Dr. C\u00e9sar Arnaldo Peisino (consejero y formador de mediadores), quienes dirigieron unas palabras a los nuevos matriculados.\u00a0\u00a0<\/p>\n\n\n<div class=\"wp-block-image\">\n<figure class=\"aligncenter size-full\"><img loading=\"lazy\" decoding=\"async\" width=\"800\" height=\"534\" data-attachment-id=\"173457\" data-permalink=\"https:\/\/www.hoymercedes.com.ar\/principal\/2024\/02\/29\/juraron-nuevos-matriculados-en-el-colegio-de-abogados\/coleg-abogados\/#main\" data-orig-file=\"https:\/\/www.hoymercedes.com.ar\/principal\/wp-content\/uploads\/2024\/02\/coleg-abogados-.jpg\" data-orig-size=\"800,534\" data-comments-opened=\"0\" data-image-meta=\"{&quot;aperture&quot;:&quot;0&quot;,&quot;credit&quot;:&quot;&quot;,&quot;camera&quot;:&quot;&quot;,&quot;caption&quot;:&quot;&quot;,&quot;created_timestamp&quot;:&quot;0&quot;,&quot;copyright&quot;:&quot;&quot;,&quot;focal_length&quot;:&quot;0&quot;,&quot;iso&quot;:&quot;0&quot;,&quot;shutter_speed&quot;:&quot;0&quot;,&quot;title&quot;:&quot;&quot;,&quot;orientation&quot;:&quot;0&quot;}\" data-image-title=\"coleg abogados\" data-image-description=\"\" data-image-caption=\"\" data-large-file=\"https:\/\/www.hoymercedes.com.ar\/principal\/wp-content\/uploads\/2024\/02\/coleg-abogados-.jpg\" src=\"https:\/\/www.hoymercedes.com.ar\/principal\/wp-content\/uploads\/2024\/02\/coleg-abogados-.jpg\" alt=\"\" class=\"wp-image-173457\" srcset=\"https:\/\/www.hoymercedes.com.ar\/principal\/wp-content\/uploads\/2024\/02\/coleg-abogados-.jpg 800w, https:\/\/www.hoymercedes.com.ar\/principal\/wp-content\/uploads\/2024\/02\/coleg-abogados--630x421.jpg 630w, https:\/\/www.hoymercedes.com.ar\/principal\/wp-content\/uploads\/2024\/02\/coleg-abogados--150x100.jpg 150w\" sizes=\"auto, (max-width: 800px) 100vw, 800px\" \/><\/figure>\n<\/div>\n\n\n<p>El evento celebrado en las instalaciones del Colegio de Abogados juraron de los nuevos matriculados. Los profesionales que prestaron juramento fueron: <br>Deluchi, Catalina Soledad<br>Paludi, Vanina Andrea<br>Romero, Manuela <br>Russo, Mar\u00eda Paula<br>Burga, Lorenzo<br>Acu\u00f1a Mufarrege, Tom\u00e1s Pedro<\/p>\n\n\n\n<p>Cada uno de ellos se aproxim\u00f3 al escenario del Sal\u00f3n \u00abDr. Arturo Acu\u00f1a Anzorena\u00bb del Colegio departamental para formalizar la firma y recibir sus respectivos diplomas.<\/p>\n\n\n\n<p>El Dr. Hern\u00e1n Salaverri y el Dr. C\u00e9sar Peisino compartieron palabras emotivas de bienvenida, expresando su gratitud hacia los reci\u00e9n matriculados por haber elegido inscribirse en nuestra jurisdicci\u00f3n.<\/p>\n\n\n\n<p>Fuente: Prensa\u00a0CADJMercedes<\/p>\n","protected":false},"excerpt":{"rendered":"<p>D\u00edas atr\u00e1s, el Colegio de Abogados del Departamento Judicial Mercedes llev\u00f3 adelante un nuevo acto de jura para nuevos matriculados &#8230; <a title=\"Juraron nuevos matriculados en el Colegio de Abogados\" class=\"read-more\" href=\"https:\/\/www.hoymercedes.com.ar\/principal\/2024\/02\/29\/juraron-nuevos-matriculados-en-el-colegio-de-abogados\/\" aria-label=\"Leer m\u00e1s sobre Juraron nuevos matriculados en el Colegio de Abogados\">Leer m\u00e1s<\/a><\/p>\n","protected":false},"author":1,"featured_media":173457,"comment_status":"closed","ping_status":"open","sticky":false,"template":"","format":"standard","meta":{"_monsterinsights_skip_tracking":false,"_monsterinsights_sitenote_active":false,"_monsterinsights_sitenote_note":"","_monsterinsights_sitenote_category":0,"jetpack_post_was_ever_published":false,"_jetpack_newsletter_access":"","_jetpack_dont_email_post_to_subs":false,"_jetpack_newsletter_tier_id":0,"_jetpack_memberships_contains_paywalled_content":false,"_jetpack_memberships_contains_paid_content":false,"footnotes":"","jetpack_publicize_message":"","jetpack_publicize_feature_enabled":true,"jetpack_social_post_already_shared":true,"jetpack_social_options":{"image_generator_settings":{"template":"highway","default_image_id":0,"font":"","enabled":false},"version":2},"_wpas_customize_per_network":false},"categories":[8],"tags":[],"class_list":["post-173456","post","type-post","status-publish","format-standard","has-post-thumbnail","hentry","category-sociedad","generate-columns","tablet-grid-50","mobile-grid-100","grid-parent","grid-50"],"jetpack_publicize_connections":[],"jetpack_featured_media_url":"https:\/\/www.hoymercedes.com.ar\/principal\/wp-content\/uploads\/2024\/02\/coleg-abogados-.jpg","wps_subtitle":"","jetpack_sharing_enabled":true,"_links":{"self":[{"href":"https:\/\/www.hoymercedes.com.ar\/principal\/wp-json\/wp\/v2\/posts\/173456","targetHints":{"allow":["GET"]}}],"collection":[{"href":"https:\/\/www.hoymercedes.com.ar\/principal\/wp-json\/wp\/v2\/posts"}],"about":[{"href":"https:\/\/www.hoymercedes.com.ar\/principal\/wp-json\/wp\/v2\/types\/post"}],"author":[{"embeddable":true,"href":"https:\/\/www.hoymercedes.com.ar\/principal\/wp-json\/wp\/v2\/users\/1"}],"replies":[{"embeddable":true,"href":"https:\/\/www.hoymercedes.com.ar\/principal\/wp-json\/wp\/v2\/comments?post=173456"}],"version-history":[{"count":0,"href":"https:\/\/www.hoymercedes.com.ar\/principal\/wp-json\/wp\/v2\/posts\/173456\/revisions"}],"wp:featuredmedia":[{"embeddable":true,"href":"https:\/\/www.hoymercedes.com.ar\/principal\/wp-json\/wp\/v2\/media\/173457"}],"wp:attachment":[{"href":"https:\/\/www.hoymercedes.com.ar\/principal\/wp-json\/wp\/v2\/media?parent=173456"}],"wp:term":[{"taxonomy":"category","embeddable":true,"href":"https:\/\/www.hoymercedes.com.ar\/principal\/wp-json\/wp\/v2\/categories?post=173456"},{"taxonomy":"post_tag","embeddable":true,"href":"https:\/\/www.hoymercedes.com.ar\/principal\/wp-json\/wp\/v2\/tags?post=173456"}],"curies":[{"name":"wp","href":"https:\/\/api.w.org\/{rel}","templated":true}]}}