{"id":173467,"date":"2024-03-02T07:44:00","date_gmt":"2024-03-02T10:44:00","guid":{"rendered":"https:\/\/www.hoymercedes.com.ar\/principal\/?p=173467"},"modified":"2024-03-01T20:56:06","modified_gmt":"2024-03-01T23:56:06","slug":"enero-bastante-movido-para-los-bomberos-voluntarios","status":"publish","type":"post","link":"https:\/\/www.hoymercedes.com.ar\/principal\/2024\/03\/02\/enero-bastante-movido-para-los-bomberos-voluntarios\/","title":{"rendered":"Enero bastante movido para los Bomberos Voluntarios"},"content":{"rendered":"\n<p>En el&nbsp; mes de enero tuvieron m\u00e1s de medio centenar de salidas a diversas atenciones. El Cuerpo expuso las estad\u00edsticas donde los incendios forestales fueron el principal motivo de intervenci\u00f3n, seguido por los incendios \u201cgenerales\u201d siendo viviendas, autos, entre otros.<\/p>\n\n\n\n<p>Una vez m\u00e1s el Cuerpo de Bomberos Voluntarios dio cuenta de las intervenciones. En esta ocasi\u00f3n tuvieron 51 salidas, siendo 12 por incendios individuales, 2 auxilios o rescates, 4 apoyos especiales a otras instituciones, y 33 los incendios de tipo forestal.<\/p>\n\n\n\n<p>Adem\u00e1s expresaron que \u201cahora hemos incorporado otro m\u00f3vil a nuestra flota, un Cami\u00f3n IVECO que adquirimos en Europa gracias al esfuerzo de todos los que siempre colaboran y nos apoyan. Estamos en proceso de carrozarlo, para as\u00ed poder utilizarlo lo m\u00e1s pronto posible, este trabajo tiene un presupuesto de $ 34.000.000\u201d y especificaron que \u201csi desean ayudarnos haciendo un peque\u00f1o Aporte Voluntario estaremos tremendamente agradecidos\u201d siendo el alias \u201cbomberosmercedes\u201d con may\u00fasculas.<\/p>\n\n\n\n<p><strong>Asociarse<\/strong><\/p>\n\n\n\n<p>Otra opci\u00f3n para poder ayudarnos es asociarse a Bomberos Voluntarios de Mercedes.<\/p>\n\n\n\n<p>Te dejamos un link para que rellenes un formulario, si no lo pod\u00e9s abrir, pasate por nuestra biograf\u00eda: forms.gle\/6kb98oc9SvyF9kmw9<\/p>\n\n\n\n<p>Tambi\u00e9n pueden llamar a los tel\u00e9fonos de administraci\u00f3n 2324 427 300 \u00f3 +54 9 2324 585242<\/p>\n","protected":false},"excerpt":{"rendered":"<p>En el&nbsp; mes de enero tuvieron m\u00e1s de medio centenar de salidas a diversas atenciones. El Cuerpo expuso las estad\u00edsticas &#8230; <a title=\"Enero bastante movido para los Bomberos Voluntarios\" class=\"read-more\" href=\"https:\/\/www.hoymercedes.com.ar\/principal\/2024\/03\/02\/enero-bastante-movido-para-los-bomberos-voluntarios\/\" aria-label=\"Leer m\u00e1s sobre Enero bastante movido para los Bomberos Voluntarios\">Leer m\u00e1s<\/a><\/p>\n","protected":false},"author":1,"featured_media":163017,"comment_status":"closed","ping_status":"open","sticky":false,"template":"","format":"standard","meta":{"_monsterinsights_skip_tracking":false,"_monsterinsights_sitenote_active":false,"_monsterinsights_sitenote_note":"","_monsterinsights_sitenote_category":0,"jetpack_post_was_ever_published":false,"_jetpack_newsletter_access":"","_jetpack_dont_email_post_to_subs":false,"_jetpack_newsletter_tier_id":0,"_jetpack_memberships_contains_paywalled_content":false,"_jetpack_memberships_contains_paid_content":false,"footnotes":"","jetpack_publicize_message":"","jetpack_publicize_feature_enabled":true,"jetpack_social_post_already_shared":true,"jetpack_social_options":{"image_generator_settings":{"template":"highway","default_image_id":0,"font":"","enabled":false},"version":2},"_wpas_customize_per_network":false},"categories":[8],"tags":[3030],"class_list":["post-173467","post","type-post","status-publish","format-standard","has-post-thumbnail","hentry","category-sociedad","tag-bomberos-voluntarios-mercedes","generate-columns","tablet-grid-50","mobile-grid-100","grid-parent","grid-50"],"jetpack_publicize_connections":[],"jetpack_featured_media_url":"https:\/\/www.hoymercedes.com.ar\/principal\/wp-content\/uploads\/2023\/06\/bomberos-acto-5.jpg","wps_subtitle":"Siempre es necesario apoyarlos","jetpack_sharing_enabled":true,"_links":{"self":[{"href":"https:\/\/www.hoymercedes.com.ar\/principal\/wp-json\/wp\/v2\/posts\/173467","targetHints":{"allow":["GET"]}}],"collection":[{"href":"https:\/\/www.hoymercedes.com.ar\/principal\/wp-json\/wp\/v2\/posts"}],"about":[{"href":"https:\/\/www.hoymercedes.com.ar\/principal\/wp-json\/wp\/v2\/types\/post"}],"author":[{"embeddable":true,"href":"https:\/\/www.hoymercedes.com.ar\/principal\/wp-json\/wp\/v2\/users\/1"}],"replies":[{"embeddable":true,"href":"https:\/\/www.hoymercedes.com.ar\/principal\/wp-json\/wp\/v2\/comments?post=173467"}],"version-history":[{"count":0,"href":"https:\/\/www.hoymercedes.com.ar\/principal\/wp-json\/wp\/v2\/posts\/173467\/revisions"}],"wp:featuredmedia":[{"embeddable":true,"href":"https:\/\/www.hoymercedes.com.ar\/principal\/wp-json\/wp\/v2\/media\/163017"}],"wp:attachment":[{"href":"https:\/\/www.hoymercedes.com.ar\/principal\/wp-json\/wp\/v2\/media?parent=173467"}],"wp:term":[{"taxonomy":"category","embeddable":true,"href":"https:\/\/www.hoymercedes.com.ar\/principal\/wp-json\/wp\/v2\/categories?post=173467"},{"taxonomy":"post_tag","embeddable":true,"href":"https:\/\/www.hoymercedes.com.ar\/principal\/wp-json\/wp\/v2\/tags?post=173467"}],"curies":[{"name":"wp","href":"https:\/\/api.w.org\/{rel}","templated":true}]}}