{"id":173492,"date":"2024-03-01T18:25:00","date_gmt":"2024-03-01T21:25:00","guid":{"rendered":"https:\/\/www.hoymercedes.com.ar\/principal\/?p=173492"},"modified":"2024-03-01T20:28:58","modified_gmt":"2024-03-01T23:28:58","slug":"jorge-mehaudy-presenta-flamenco-sefaradi","status":"publish","type":"post","link":"https:\/\/www.hoymercedes.com.ar\/principal\/2024\/03\/01\/jorge-mehaudy-presenta-flamenco-sefaradi\/","title":{"rendered":"Jorge Mehaudy presenta Flamenco Sefarad\u00ed"},"content":{"rendered":"\n<p><strong><em>El cantautor mercedino llega con un espect\u00e1culo \u00fanico acompa\u00f1ado por H\u00e9ctor Romero, el m\u00e1s importante int\u00e9rprete de la guitarra Flamenca. Ser\u00e1 el pr\u00f3ximo s\u00e1bado 2 de marzo desde las 21 horas.<\/em><\/strong><\/p>\n\n\n<div class=\"wp-block-image\">\n<figure class=\"aligncenter size-full\"><img loading=\"lazy\" decoding=\"async\" width=\"696\" height=\"344\" data-attachment-id=\"173493\" data-permalink=\"https:\/\/www.hoymercedes.com.ar\/principal\/2024\/03\/01\/jorge-mehaudy-presenta-flamenco-sefaradi\/image-49\/#main\" data-orig-file=\"https:\/\/www.hoymercedes.com.ar\/principal\/wp-content\/uploads\/2024\/03\/image.png\" data-orig-size=\"696,344\" data-comments-opened=\"0\" data-image-meta=\"{&quot;aperture&quot;:&quot;0&quot;,&quot;credit&quot;:&quot;&quot;,&quot;camera&quot;:&quot;&quot;,&quot;caption&quot;:&quot;&quot;,&quot;created_timestamp&quot;:&quot;0&quot;,&quot;copyright&quot;:&quot;&quot;,&quot;focal_length&quot;:&quot;0&quot;,&quot;iso&quot;:&quot;0&quot;,&quot;shutter_speed&quot;:&quot;0&quot;,&quot;title&quot;:&quot;&quot;,&quot;orientation&quot;:&quot;0&quot;}\" data-image-title=\"image\" data-image-description=\"\" data-image-caption=\"\" data-large-file=\"https:\/\/www.hoymercedes.com.ar\/principal\/wp-content\/uploads\/2024\/03\/image.png\" src=\"https:\/\/www.hoymercedes.com.ar\/principal\/wp-content\/uploads\/2024\/03\/image.png\" alt=\"\" class=\"wp-image-173493\" srcset=\"https:\/\/www.hoymercedes.com.ar\/principal\/wp-content\/uploads\/2024\/03\/image.png 696w, https:\/\/www.hoymercedes.com.ar\/principal\/wp-content\/uploads\/2024\/03\/image-630x311.png 630w, https:\/\/www.hoymercedes.com.ar\/principal\/wp-content\/uploads\/2024\/03\/image-150x74.png 150w\" sizes=\"auto, (max-width: 696px) 100vw, 696px\" \/><\/figure>\n<\/div>\n\n\n<p>El pr\u00f3ximo s\u00e1bado 2 de marzo en el \u201cGalp\u00f3n Chico\u201d de la Trocha, el cantautor mercedino Jorge Mehaudy junto a H\u00e9ctor Romero, el m\u00e1s importante int\u00e9rprete de la guitarra Flamenca, presentan el espect\u00e1culo \u201cRomero \/ Mehaudy, Flamenco Sefarad\u00ed\u201d desde las 21 horas.<\/p>\n\n\n\n<p>En una noche \u00fanica, Meahudy y Romero convocan a los fan\u00e1ticos de la m\u00fasica a vivir un show sin precedente en la ciudad, donde estar\u00e1n acompa\u00f1ados de la andaluza Carmen Mesa, una de las m\u00e1ximas figuras del baile Flamenco en Espa\u00f1a. Completa el elenco la bailarina medio oriental Eve Riquelme y el excelente percusionista mercedino Marcelo Giorgione.<\/p>\n\n\n\n<p>Dando un pantallazo inicial a los que ser\u00e1 el show, desde la organizaci\u00f3n manifestaron que \u201cescucharemos canciones Sefarad\u00edes y Flamencas con sus ritmos y toques originales y fusionados, adem\u00e1s del &nbsp;baile Flamenco y Medio Oriental\u201d. La noche tambi\u00e9n contar\u00e1 con la participaci\u00f3n especial del grupo de percusi\u00f3n \u201cDrum Ritmia\u201d y un cuarteto de voces formado por Elizabeth Mehaudy, Andrea Del P\u00f3polo, Santiago Bustos Berrondo y Marcelo Pittoni.<\/p>\n\n\n\n<p>Las entradas a est\u00e1n a la venta y se pueden conseguir&nbsp;en Legacy, calle 25 y 26, La Casa de Claudia, calle 25 y 16, P\u00e1ramo, calle 16 y 21 y Vegued Collection, calle 25 entre 20 y 18.<\/p>\n\n\n\n<p><strong>Flamenco y Sefarad\u00ed<\/strong><\/p>\n\n\n\n<p>El Sefarad\u00ed es un g\u00e9nero musical nacido de las entra\u00f1as de la Espa\u00f1a medieval. Fue desarrollado y cultivado por los Jud\u00edos Sefarad\u00edes que vivieron en Marruecos y el Imperio Otomano, a partir de la expulsi\u00f3n de Espa\u00f1a en 1492.<\/p>\n\n\n\n<p>El Flamenco es una expresi\u00f3n art\u00edstica que nace de la mezcla de las culturas \u00e1rabe, jud\u00eda, gitana y andaluza. Es una manifestaci\u00f3n cultural, \u00fanica y m\u00faltiple, s\u00edmbolo de identidad de Andaluc\u00eda y que la representa art\u00edsticamente en todo el mundo.<\/p>\n\n\n\n<p>En ese sentido, Mehaudy estar\u00e1 acompa\u00f1ado por H\u00e9ctor Romero, un referente del g\u00e9nero que viene trabajando desde1989 con diferentes artistas como Roc\u00edo Jurado, Ricardo Montaner, Eladia Bl\u00e1zquez, Los Tarantos, el cantaor Mario Vargas, el grupo Mecano, la actriz Elo\u00edsa Ca\u00f1izares, Carlos Vil\u00e1n, los bailaores Carmela Romero, Antonio Ortega, Rafael Amargo, Soledad Pastoruti y el Chango Far\u00edas G\u00f3mez entre otros. Asisti\u00f3 musicalmente en clases de Torombo, la Toromba, Bel\u00e9n Maya, Eva Yerba Buena entre muchos otros.<\/p>\n\n\n\n<p>En el 2000 recibi\u00f3 el premio \u00abReconocimiento al int\u00e9rprete de mayor crecimiento en el arte flamenco\u00bb, otorgado por la colectividad andaluza en Argentina. En 2008 fue premiado por el Consejo Internacional de la Danza -UNESCO- con diploma de honor por su aporte a la danza.<\/p>\n\n\n\n<p>En 2014 estuvo invitado a presentarse en el ciclo de m\u00fasica del Sal\u00f3n Blanco en la Casa Rosada donde recibe una estatuilla en \u00abReconocimiento a su trayectoria art\u00edstica\u00bb<\/p>\n\n\n\n<p>En el 2017 se destac\u00f3 la participaci\u00f3n en el primer festival internacional de guitarristas en Montevideo, donde participan un guitarrista de cada pa\u00eds de Sudam\u00e9rica.<\/p>\n\n\n\n<p>En el 2018\u00a0 fue premiado con el t\u00edtulo de \u00abMiembro de honor del consejo internacional de las artes\u00bb en el rubro flamenco y m\u00fasica espa\u00f1ola en Argentina, otorgado por la UNESCO.<\/p>\n\n\n\n<p>Colaboraci\u00f3n Mariano Oyarz\u00fa<\/p>\n","protected":false},"excerpt":{"rendered":"<p>El cantautor mercedino llega con un espect\u00e1culo \u00fanico acompa\u00f1ado por H\u00e9ctor Romero, el m\u00e1s importante int\u00e9rprete de la guitarra Flamenca. &#8230; <a title=\"Jorge Mehaudy presenta Flamenco Sefarad\u00ed\" class=\"read-more\" href=\"https:\/\/www.hoymercedes.com.ar\/principal\/2024\/03\/01\/jorge-mehaudy-presenta-flamenco-sefaradi\/\" aria-label=\"Leer m\u00e1s sobre Jorge Mehaudy presenta Flamenco Sefarad\u00ed\">Leer m\u00e1s<\/a><\/p>\n","protected":false},"author":1,"featured_media":173493,"comment_status":"closed","ping_status":"open","sticky":false,"template":"","format":"standard","meta":{"_monsterinsights_skip_tracking":false,"_monsterinsights_sitenote_active":false,"_monsterinsights_sitenote_note":"","_monsterinsights_sitenote_category":0,"jetpack_post_was_ever_published":false,"_jetpack_newsletter_access":"","_jetpack_dont_email_post_to_subs":false,"_jetpack_newsletter_tier_id":0,"_jetpack_memberships_contains_paywalled_content":false,"_jetpack_memberships_contains_paid_content":false,"footnotes":"","jetpack_publicize_message":"","jetpack_publicize_feature_enabled":true,"jetpack_social_post_already_shared":true,"jetpack_social_options":{"image_generator_settings":{"template":"highway","default_image_id":0,"font":"","enabled":false},"version":2},"_wpas_customize_per_network":false},"categories":[104],"tags":[7805],"class_list":["post-173492","post","type-post","status-publish","format-standard","has-post-thumbnail","hentry","category-cultura","tag-cultura","generate-columns","tablet-grid-50","mobile-grid-100","grid-parent","grid-50"],"jetpack_publicize_connections":[],"jetpack_featured_media_url":"https:\/\/www.hoymercedes.com.ar\/principal\/wp-content\/uploads\/2024\/03\/image.png","wps_subtitle":"","jetpack_sharing_enabled":true,"_links":{"self":[{"href":"https:\/\/www.hoymercedes.com.ar\/principal\/wp-json\/wp\/v2\/posts\/173492","targetHints":{"allow":["GET"]}}],"collection":[{"href":"https:\/\/www.hoymercedes.com.ar\/principal\/wp-json\/wp\/v2\/posts"}],"about":[{"href":"https:\/\/www.hoymercedes.com.ar\/principal\/wp-json\/wp\/v2\/types\/post"}],"author":[{"embeddable":true,"href":"https:\/\/www.hoymercedes.com.ar\/principal\/wp-json\/wp\/v2\/users\/1"}],"replies":[{"embeddable":true,"href":"https:\/\/www.hoymercedes.com.ar\/principal\/wp-json\/wp\/v2\/comments?post=173492"}],"version-history":[{"count":0,"href":"https:\/\/www.hoymercedes.com.ar\/principal\/wp-json\/wp\/v2\/posts\/173492\/revisions"}],"wp:featuredmedia":[{"embeddable":true,"href":"https:\/\/www.hoymercedes.com.ar\/principal\/wp-json\/wp\/v2\/media\/173493"}],"wp:attachment":[{"href":"https:\/\/www.hoymercedes.com.ar\/principal\/wp-json\/wp\/v2\/media?parent=173492"}],"wp:term":[{"taxonomy":"category","embeddable":true,"href":"https:\/\/www.hoymercedes.com.ar\/principal\/wp-json\/wp\/v2\/categories?post=173492"},{"taxonomy":"post_tag","embeddable":true,"href":"https:\/\/www.hoymercedes.com.ar\/principal\/wp-json\/wp\/v2\/tags?post=173492"}],"curies":[{"name":"wp","href":"https:\/\/api.w.org\/{rel}","templated":true}]}}