{"id":173505,"date":"2024-03-01T21:45:00","date_gmt":"2024-03-02T00:45:00","guid":{"rendered":"https:\/\/www.hoymercedes.com.ar\/principal\/?p=173505"},"modified":"2024-03-01T21:17:17","modified_gmt":"2024-03-02T00:17:17","slug":"conmemoracion-por-la-llegada-del-ferrocarril-a-mercedes","status":"publish","type":"post","link":"https:\/\/www.hoymercedes.com.ar\/principal\/2024\/03\/01\/conmemoracion-por-la-llegada-del-ferrocarril-a-mercedes\/","title":{"rendered":"Conmemoraci\u00f3n por la llegada del ferrocarril a Mercedes"},"content":{"rendered":"\n<p>El Centro de Ingenieros de Mercedes record\u00f3 la llegada del Ferrocarril Oeste (hoy Sarmiento) a la ciudad de Mercedes. El 1\u00b0 de marzo, hace 159 a\u00f1os, llegaba el primer tren a la localidad. <\/p>\n\n\n\n<p>\u00abNuestro Centro continuar\u00e1 realizando todas las acciones que est\u00e9n a su alcance para la reactivaci\u00f3n de las tres l\u00edneas ferroviarias (Sarmiento, San Mart\u00edn y Belgrano) en nuestro Partido, la creaci\u00f3n de un Nodo Ferro-vial y la preservaci\u00f3n de los terrenos de las tres l\u00edneas ferroviarias, como lo establece la Ordenanza 7716\/15 que fuera votada por unanimidad\u00bb, destacan desde el Centro de Ingenieros.<\/p>\n\n\n\n<p><\/p>\n","protected":false},"excerpt":{"rendered":"<p>El Centro de Ingenieros de Mercedes record\u00f3 la llegada del Ferrocarril Oeste (hoy Sarmiento) a la ciudad de Mercedes. El &#8230; <a title=\"Conmemoraci\u00f3n por la llegada del ferrocarril a Mercedes\" class=\"read-more\" href=\"https:\/\/www.hoymercedes.com.ar\/principal\/2024\/03\/01\/conmemoracion-por-la-llegada-del-ferrocarril-a-mercedes\/\" aria-label=\"Leer m\u00e1s sobre Conmemoraci\u00f3n por la llegada del ferrocarril a Mercedes\">Leer m\u00e1s<\/a><\/p>\n","protected":false},"author":1,"featured_media":41790,"comment_status":"closed","ping_status":"open","sticky":false,"template":"","format":"standard","meta":{"_monsterinsights_skip_tracking":false,"_monsterinsights_sitenote_active":false,"_monsterinsights_sitenote_note":"","_monsterinsights_sitenote_category":0,"jetpack_post_was_ever_published":false,"_jetpack_newsletter_access":"","_jetpack_dont_email_post_to_subs":false,"_jetpack_newsletter_tier_id":0,"_jetpack_memberships_contains_paywalled_content":false,"_jetpack_memberships_contains_paid_content":false,"footnotes":"","jetpack_publicize_message":"","jetpack_publicize_feature_enabled":true,"jetpack_social_post_already_shared":true,"jetpack_social_options":{"image_generator_settings":{"template":"highway","default_image_id":0,"font":"","enabled":false},"version":2},"_wpas_customize_per_network":false},"categories":[8],"tags":[],"class_list":["post-173505","post","type-post","status-publish","format-standard","has-post-thumbnail","hentry","category-sociedad","generate-columns","tablet-grid-50","mobile-grid-100","grid-parent","grid-50"],"jetpack_publicize_connections":[],"jetpack_featured_media_url":"https:\/\/www.hoymercedes.com.ar\/principal\/wp-content\/uploads\/2015\/05\/mercedes-estacion.jpg","wps_subtitle":"","jetpack_sharing_enabled":true,"_links":{"self":[{"href":"https:\/\/www.hoymercedes.com.ar\/principal\/wp-json\/wp\/v2\/posts\/173505","targetHints":{"allow":["GET"]}}],"collection":[{"href":"https:\/\/www.hoymercedes.com.ar\/principal\/wp-json\/wp\/v2\/posts"}],"about":[{"href":"https:\/\/www.hoymercedes.com.ar\/principal\/wp-json\/wp\/v2\/types\/post"}],"author":[{"embeddable":true,"href":"https:\/\/www.hoymercedes.com.ar\/principal\/wp-json\/wp\/v2\/users\/1"}],"replies":[{"embeddable":true,"href":"https:\/\/www.hoymercedes.com.ar\/principal\/wp-json\/wp\/v2\/comments?post=173505"}],"version-history":[{"count":0,"href":"https:\/\/www.hoymercedes.com.ar\/principal\/wp-json\/wp\/v2\/posts\/173505\/revisions"}],"wp:featuredmedia":[{"embeddable":true,"href":"https:\/\/www.hoymercedes.com.ar\/principal\/wp-json\/wp\/v2\/media\/41790"}],"wp:attachment":[{"href":"https:\/\/www.hoymercedes.com.ar\/principal\/wp-json\/wp\/v2\/media?parent=173505"}],"wp:term":[{"taxonomy":"category","embeddable":true,"href":"https:\/\/www.hoymercedes.com.ar\/principal\/wp-json\/wp\/v2\/categories?post=173505"},{"taxonomy":"post_tag","embeddable":true,"href":"https:\/\/www.hoymercedes.com.ar\/principal\/wp-json\/wp\/v2\/tags?post=173505"}],"curies":[{"name":"wp","href":"https:\/\/api.w.org\/{rel}","templated":true}]}}