{"id":173561,"date":"2024-03-02T23:40:53","date_gmt":"2024-03-03T02:40:53","guid":{"rendered":"https:\/\/www.hoymercedes.com.ar\/principal\/?p=173561"},"modified":"2024-03-02T23:40:59","modified_gmt":"2024-03-03T02:40:59","slug":"bomberos-rescatan-a-vecino-en-fuerte-siniestro-vial","status":"publish","type":"post","link":"https:\/\/www.hoymercedes.com.ar\/principal\/2024\/03\/02\/bomberos-rescatan-a-vecino-en-fuerte-siniestro-vial\/","title":{"rendered":"Bomberos rescatan a vecino en fuerte siniestro vial"},"content":{"rendered":"\n<figure class=\"wp-block-image size-large\"><img loading=\"lazy\" decoding=\"async\" width=\"1024\" height=\"576\" data-attachment-id=\"173562\" data-permalink=\"https:\/\/www.hoymercedes.com.ar\/principal\/2024\/03\/02\/bomberos-rescatan-a-vecino-en-fuerte-siniestro-vial\/ford-siniestrovial-02-03-2-024-1\/#main\" data-orig-file=\"https:\/\/www.hoymercedes.com.ar\/principal\/wp-content\/uploads\/2024\/03\/Ford-Siniestrovial-02.03.2.024-1.jpeg\" data-orig-size=\"1280,720\" data-comments-opened=\"0\" data-image-meta=\"{&quot;aperture&quot;:&quot;0&quot;,&quot;credit&quot;:&quot;&quot;,&quot;camera&quot;:&quot;&quot;,&quot;caption&quot;:&quot;&quot;,&quot;created_timestamp&quot;:&quot;0&quot;,&quot;copyright&quot;:&quot;&quot;,&quot;focal_length&quot;:&quot;0&quot;,&quot;iso&quot;:&quot;0&quot;,&quot;shutter_speed&quot;:&quot;0&quot;,&quot;title&quot;:&quot;&quot;,&quot;orientation&quot;:&quot;0&quot;}\" data-image-title=\"Ford-Siniestrovial-02.03.2.024-1\" data-image-description=\"&lt;p&gt;Un fuert\u00edsimo siniestro vial se vivi\u00f3 cerca del mediod\u00eda en nuestra ciudad cuando tres personas debieron ser atendidas por SAME, Bomberos y Protecci\u00f3n Civil. Dos trasladadas al Hospital y el tercero rescatado por los Bomberos que tuvieron que romper la carrocer\u00eda del autom\u00f3vil en que se movilizaban. &lt;\/p&gt;\n\" data-image-caption=\"&lt;p&gt;Un fuert\u00edsimo siniestro vial se vivi\u00f3 cerca del mediod\u00eda en nuestra ciudad cuando tres personas debieron ser atendidas por SAME, Bomberos y Protecci\u00f3n Civil. Dos trasladadas al Hospital y el tercero rescatado por los Bomberos que tuvieron que romper la carrocer\u00eda del autom\u00f3vil en que se movilizaban. &lt;\/p&gt;\n\" data-large-file=\"https:\/\/www.hoymercedes.com.ar\/principal\/wp-content\/uploads\/2024\/03\/Ford-Siniestrovial-02.03.2.024-1-1024x576.jpeg\" src=\"https:\/\/www.hoymercedes.com.ar\/principal\/wp-content\/uploads\/2024\/03\/Ford-Siniestrovial-02.03.2.024-1-1024x576.jpeg\" alt=\"\" class=\"wp-image-173562\" srcset=\"https:\/\/www.hoymercedes.com.ar\/principal\/wp-content\/uploads\/2024\/03\/Ford-Siniestrovial-02.03.2.024-1-1024x576.jpeg 1024w, https:\/\/www.hoymercedes.com.ar\/principal\/wp-content\/uploads\/2024\/03\/Ford-Siniestrovial-02.03.2.024-1-630x354.jpeg 630w, https:\/\/www.hoymercedes.com.ar\/principal\/wp-content\/uploads\/2024\/03\/Ford-Siniestrovial-02.03.2.024-1-150x84.jpeg 150w, https:\/\/www.hoymercedes.com.ar\/principal\/wp-content\/uploads\/2024\/03\/Ford-Siniestrovial-02.03.2.024-1.jpeg 1280w\" sizes=\"auto, (max-width: 1024px) 100vw, 1024px\" \/><\/figure>\n\n\n\n<p>Un fuert\u00edsimo siniestro vial se vivi\u00f3 cerca del mediod\u00eda en nuestra ciudad cuando tres personas debieron ser atendidas por SAME, Bomberos y Protecci\u00f3n Civil. Dos trasladadas al Hospital y el tercero rescatado por los Bomberos que tuvieron que romper la carrocer\u00eda del autom\u00f3vil en que se movilizaban.<\/p>\n\n\n\n<p>En el siniestro se produjo en 46 y 113 por motivos que se desconocen, pero lleg\u00f3 a que un Ford ocupado por dos mujeres y un hombre termine en la zanja con un fuert\u00edsimo impacto que hizo las femeninas fueran trasladadas al Hospital Dubarry y al hombre tambi\u00e9n, pero luego de ser rescatado por los Bomberos Voluntarios que debieron cortar el parante del veh\u00edculo para lograr ser rescatado por lo trabado de los fierros.<\/p>\n\n\n\n<p>En el lugar actuaron adem\u00e1s de Bomberos, Polic\u00eda Comunal, SAME y la Direcci\u00f3n de Protecci\u00f3n Civil a cargo de Agustina Lor\u00e9.<\/p>\n","protected":false},"excerpt":{"rendered":"<p>Un fuert\u00edsimo siniestro vial se vivi\u00f3 cerca del mediod\u00eda en nuestra ciudad cuando tres personas debieron ser atendidas por SAME, &#8230; <a title=\"Bomberos rescatan a vecino en fuerte siniestro vial\" class=\"read-more\" href=\"https:\/\/www.hoymercedes.com.ar\/principal\/2024\/03\/02\/bomberos-rescatan-a-vecino-en-fuerte-siniestro-vial\/\" aria-label=\"Leer m\u00e1s sobre Bomberos rescatan a vecino en fuerte siniestro vial\">Leer m\u00e1s<\/a><\/p>\n","protected":false},"author":1,"featured_media":173562,"comment_status":"closed","ping_status":"open","sticky":false,"template":"","format":"standard","meta":{"_monsterinsights_skip_tracking":false,"_monsterinsights_sitenote_active":false,"_monsterinsights_sitenote_note":"","_monsterinsights_sitenote_category":0,"jetpack_post_was_ever_published":false,"_jetpack_newsletter_access":"","_jetpack_dont_email_post_to_subs":false,"_jetpack_newsletter_tier_id":0,"_jetpack_memberships_contains_paywalled_content":false,"_jetpack_memberships_contains_paid_content":false,"footnotes":"","jetpack_publicize_message":"","jetpack_publicize_feature_enabled":true,"jetpack_social_post_already_shared":true,"jetpack_social_options":{"image_generator_settings":{"template":"highway","default_image_id":0,"font":"","enabled":false},"version":2},"_wpas_customize_per_network":false},"categories":[85],"tags":[10395],"class_list":["post-173561","post","type-post","status-publish","format-standard","has-post-thumbnail","hentry","category-policial","tag-siniestro-vial","generate-columns","tablet-grid-50","mobile-grid-100","grid-parent","grid-50"],"jetpack_publicize_connections":[],"jetpack_featured_media_url":"https:\/\/www.hoymercedes.com.ar\/principal\/wp-content\/uploads\/2024\/03\/Ford-Siniestrovial-02.03.2.024-1.jpeg","wps_subtitle":"Fuerte impacto","jetpack_sharing_enabled":true,"_links":{"self":[{"href":"https:\/\/www.hoymercedes.com.ar\/principal\/wp-json\/wp\/v2\/posts\/173561","targetHints":{"allow":["GET"]}}],"collection":[{"href":"https:\/\/www.hoymercedes.com.ar\/principal\/wp-json\/wp\/v2\/posts"}],"about":[{"href":"https:\/\/www.hoymercedes.com.ar\/principal\/wp-json\/wp\/v2\/types\/post"}],"author":[{"embeddable":true,"href":"https:\/\/www.hoymercedes.com.ar\/principal\/wp-json\/wp\/v2\/users\/1"}],"replies":[{"embeddable":true,"href":"https:\/\/www.hoymercedes.com.ar\/principal\/wp-json\/wp\/v2\/comments?post=173561"}],"version-history":[{"count":0,"href":"https:\/\/www.hoymercedes.com.ar\/principal\/wp-json\/wp\/v2\/posts\/173561\/revisions"}],"wp:featuredmedia":[{"embeddable":true,"href":"https:\/\/www.hoymercedes.com.ar\/principal\/wp-json\/wp\/v2\/media\/173562"}],"wp:attachment":[{"href":"https:\/\/www.hoymercedes.com.ar\/principal\/wp-json\/wp\/v2\/media?parent=173561"}],"wp:term":[{"taxonomy":"category","embeddable":true,"href":"https:\/\/www.hoymercedes.com.ar\/principal\/wp-json\/wp\/v2\/categories?post=173561"},{"taxonomy":"post_tag","embeddable":true,"href":"https:\/\/www.hoymercedes.com.ar\/principal\/wp-json\/wp\/v2\/tags?post=173561"}],"curies":[{"name":"wp","href":"https:\/\/api.w.org\/{rel}","templated":true}]}}