{"id":173637,"date":"2024-03-05T09:38:00","date_gmt":"2024-03-05T12:38:00","guid":{"rendered":"https:\/\/www.hoymercedes.com.ar\/principal\/?p=173637"},"modified":"2024-03-05T00:44:05","modified_gmt":"2024-03-05T03:44:05","slug":"con-apoyo-en-central-de-camaras-realizan-allanamiento-por-robo-en-acceso","status":"publish","type":"post","link":"https:\/\/www.hoymercedes.com.ar\/principal\/2024\/03\/05\/con-apoyo-en-central-de-camaras-realizan-allanamiento-por-robo-en-acceso\/","title":{"rendered":"Con apoyo en Central de C\u00e1maras realizan allanamiento por robo en Acceso"},"content":{"rendered":"\n<p>Con apoyatura clave en las c\u00e1maras del Centro de Monitoreo y datos pesquisados en la investigaci\u00f3n se logr\u00f3 un positivo allanamiento vinculado a un hecho delictivo vivido durante la semana que pas\u00f3. Con los datos recabados la Polic\u00eda Comunal efectu\u00f3 el registro en la localidad de Gowland logrando detener a un sospechoso e incautar un arma de fuego posiblemente vinculada al delito.<\/p>\n\n\n\n<p>El detenido tiene 21 a\u00f1os de edad y es un hombre domiciliado en la mencionada localidad de nuestro Partido.<\/p>\n\n\n\n<p><strong>Delito<\/strong><\/p>\n\n\n\n<p>El acto delictivo hab\u00eda tomado conocimiento p\u00fablico, a la par que se remarcaba la importancia de no dar datos precisos a trav\u00e9s de los medios porque hab\u00eda fuertes indicios previos que hac\u00edan prever iba a encontrar avances r\u00e1pidos.<\/p>\n\n\n\n<p>La Polic\u00eda Comunal y la Justicia, responsables ambos de la seguridad de las y los vecinos, obtuvieron elementos claves para el caso v\u00eda Centro de Monitoreo Municipal a cargo de la Secretar\u00eda de Seguridad, desde donde hubo un activo rol para efectuar los aportes.<\/p>\n\n\n\n<p><strong>Allanamiento<\/strong><\/p>\n\n\n\n<p>Con la informaci\u00f3n conseguida y con caratula \u201crobo agravado en poblado, banda y con uso de arma de fuego\u201d se logr\u00f3 este domingo la aprensi\u00f3n del sospechoso, adem\u00e1s obteniendo elementos de prueba diversos, incluido un arma de fuego calibre 32, que seguir\u00e1n nutriendo la causa.<\/p>\n\n\n\n<p>Desde el il\u00edcito a la detenci\u00f3n pasaron apenas unos d\u00edas. &nbsp;Se prev\u00e9n m\u00e1s actuaciones.<\/p>\n","protected":false},"excerpt":{"rendered":"<p>Con apoyatura clave en las c\u00e1maras del Centro de Monitoreo y datos pesquisados en la investigaci\u00f3n se logr\u00f3 un positivo &#8230; <a title=\"Con apoyo en Central de C\u00e1maras realizan allanamiento por robo en Acceso\" class=\"read-more\" href=\"https:\/\/www.hoymercedes.com.ar\/principal\/2024\/03\/05\/con-apoyo-en-central-de-camaras-realizan-allanamiento-por-robo-en-acceso\/\" aria-label=\"Leer m\u00e1s sobre Con apoyo en Central de C\u00e1maras realizan allanamiento por robo en Acceso\">Leer m\u00e1s<\/a><\/p>\n","protected":false},"author":1,"featured_media":69337,"comment_status":"closed","ping_status":"open","sticky":false,"template":"","format":"standard","meta":{"_monsterinsights_skip_tracking":false,"_monsterinsights_sitenote_active":false,"_monsterinsights_sitenote_note":"","_monsterinsights_sitenote_category":0,"jetpack_post_was_ever_published":false,"_jetpack_newsletter_access":"","_jetpack_dont_email_post_to_subs":false,"_jetpack_newsletter_tier_id":0,"_jetpack_memberships_contains_paywalled_content":false,"_jetpack_memberships_contains_paid_content":false,"footnotes":"","jetpack_publicize_message":"","jetpack_publicize_feature_enabled":true,"jetpack_social_post_already_shared":true,"jetpack_social_options":{"image_generator_settings":{"template":"highway","default_image_id":0,"font":"","enabled":false},"version":2},"_wpas_customize_per_network":false},"categories":[8],"tags":[],"class_list":["post-173637","post","type-post","status-publish","format-standard","has-post-thumbnail","hentry","category-sociedad","generate-columns","tablet-grid-50","mobile-grid-100","grid-parent","grid-50"],"jetpack_publicize_connections":[],"jetpack_featured_media_url":"https:\/\/www.hoymercedes.com.ar\/principal\/wp-content\/uploads\/2017\/11\/ustarroz-camaras-2.jpg","wps_subtitle":"Seguridad en Mercecedes ","jetpack_sharing_enabled":true,"_links":{"self":[{"href":"https:\/\/www.hoymercedes.com.ar\/principal\/wp-json\/wp\/v2\/posts\/173637","targetHints":{"allow":["GET"]}}],"collection":[{"href":"https:\/\/www.hoymercedes.com.ar\/principal\/wp-json\/wp\/v2\/posts"}],"about":[{"href":"https:\/\/www.hoymercedes.com.ar\/principal\/wp-json\/wp\/v2\/types\/post"}],"author":[{"embeddable":true,"href":"https:\/\/www.hoymercedes.com.ar\/principal\/wp-json\/wp\/v2\/users\/1"}],"replies":[{"embeddable":true,"href":"https:\/\/www.hoymercedes.com.ar\/principal\/wp-json\/wp\/v2\/comments?post=173637"}],"version-history":[{"count":0,"href":"https:\/\/www.hoymercedes.com.ar\/principal\/wp-json\/wp\/v2\/posts\/173637\/revisions"}],"wp:featuredmedia":[{"embeddable":true,"href":"https:\/\/www.hoymercedes.com.ar\/principal\/wp-json\/wp\/v2\/media\/69337"}],"wp:attachment":[{"href":"https:\/\/www.hoymercedes.com.ar\/principal\/wp-json\/wp\/v2\/media?parent=173637"}],"wp:term":[{"taxonomy":"category","embeddable":true,"href":"https:\/\/www.hoymercedes.com.ar\/principal\/wp-json\/wp\/v2\/categories?post=173637"},{"taxonomy":"post_tag","embeddable":true,"href":"https:\/\/www.hoymercedes.com.ar\/principal\/wp-json\/wp\/v2\/tags?post=173637"}],"curies":[{"name":"wp","href":"https:\/\/api.w.org\/{rel}","templated":true}]}}