{"id":173697,"date":"2024-03-07T17:46:37","date_gmt":"2024-03-07T20:46:37","guid":{"rendered":"https:\/\/www.hoymercedes.com.ar\/principal\/?p=173697"},"modified":"2024-03-07T17:46:39","modified_gmt":"2024-03-07T20:46:39","slug":"diversas-actividades-por-el-cuidado-animal","status":"publish","type":"post","link":"https:\/\/www.hoymercedes.com.ar\/principal\/2024\/03\/07\/diversas-actividades-por-el-cuidado-animal\/","title":{"rendered":"Diversas actividades por el cuidado animal"},"content":{"rendered":"\n<figure class=\"wp-block-image size-large\"><img loading=\"lazy\" decoding=\"async\" width=\"1024\" height=\"682\" data-attachment-id=\"173698\" data-permalink=\"https:\/\/www.hoymercedes.com.ar\/principal\/2024\/03\/07\/diversas-actividades-por-el-cuidado-animal\/mascotas-3\/#main\" data-orig-file=\"https:\/\/www.hoymercedes.com.ar\/principal\/wp-content\/uploads\/2024\/03\/Mascotas.jpg\" data-orig-size=\"1319,879\" data-comments-opened=\"0\" data-image-meta=\"{&quot;aperture&quot;:&quot;0&quot;,&quot;credit&quot;:&quot;&quot;,&quot;camera&quot;:&quot;&quot;,&quot;caption&quot;:&quot;&quot;,&quot;created_timestamp&quot;:&quot;0&quot;,&quot;copyright&quot;:&quot;&quot;,&quot;focal_length&quot;:&quot;0&quot;,&quot;iso&quot;:&quot;0&quot;,&quot;shutter_speed&quot;:&quot;0&quot;,&quot;title&quot;:&quot;&quot;,&quot;orientation&quot;:&quot;0&quot;}\" data-image-title=\"Mascotas\" data-image-description=\"&lt;p&gt;Cuidado de las mascotas&lt;\/p&gt;\n\" data-image-caption=\"&lt;p&gt;Cuidado de las mascotas&lt;\/p&gt;\n\" data-large-file=\"https:\/\/www.hoymercedes.com.ar\/principal\/wp-content\/uploads\/2024\/03\/Mascotas-1024x682.jpg\" src=\"https:\/\/www.hoymercedes.com.ar\/principal\/wp-content\/uploads\/2024\/03\/Mascotas-1024x682.jpg\" alt=\"\" class=\"wp-image-173698\" srcset=\"https:\/\/www.hoymercedes.com.ar\/principal\/wp-content\/uploads\/2024\/03\/Mascotas-1024x682.jpg 1024w, https:\/\/www.hoymercedes.com.ar\/principal\/wp-content\/uploads\/2024\/03\/Mascotas-630x420.jpg 630w, https:\/\/www.hoymercedes.com.ar\/principal\/wp-content\/uploads\/2024\/03\/Mascotas-150x100.jpg 150w, https:\/\/www.hoymercedes.com.ar\/principal\/wp-content\/uploads\/2024\/03\/Mascotas-700x465.jpg 700w, https:\/\/www.hoymercedes.com.ar\/principal\/wp-content\/uploads\/2024\/03\/Mascotas.jpg 1319w\" sizes=\"auto, (max-width: 1024px) 100vw, 1024px\" \/><\/figure>\n\n\n\n<p>A partir de la semana que viene el quir\u00f3fano m\u00f3vil del \u00e1rea de zoonosis municipal estar\u00e1 emplazado por dos semanas en el barrio Mutti (calle 61 y 5) donde realizar\u00e1 vacunaciones y castraciones -con turno previo- de manera gratuita.<\/p>\n\n\n\n<p>La veterinaria<strong> Tamara Franceschelli<\/strong>, qui\u00e9n es parte del equipo de zoonosis, se\u00f1al\u00f3 \u201cesta semana finalizamos en el predio de la Trocha y nos vamos a mover con el quir\u00f3fano m\u00f3vil al barrio Mutti (calle 61 y 5) donde estaremos castrando con turno llamando al n\u00famero de Zoonosis 02324-15350038\u201d y agreg\u00f3 \u201ctambi\u00e9n vamos a estar vacunando contra la rabia, entregando antiparasitario y dando informaci\u00f3n sobre castraci\u00f3n y vacunaci\u00f3n\u201d.<\/p>\n\n\n\n<p>\u201cLos perros y gatos se vacunan a partir de los 3 meses de edad\u201d cont\u00f3 Franceschelli y destac\u00f3 \u201cel animal debe llegar con 8 horas de ayuna \u2013alimentos- y por la ma\u00f1ana, 3 horas antes de concurrir, se le debe retirar el agua para concurrir en ayuna l\u00edquida tambi\u00e9n, esto es sumamente importante puntualmente para evitar inconvenientes con la anestesia. Los perros deben concurrir con collar y correa, los gatos en transportadora o bolso, y traer una manta para abrigarlos despu\u00e9s de la cirug\u00eda\u201d.<\/p>\n\n\n\n<p>Asimismo, Tamara indic\u00f3 \u201clas castraciones tambi\u00e9n las estamos realizando en el Centro de Zoonosis en calle 2 y 11 y todas se hacen con turno. Ah\u00ed vamos a estar durante todo el a\u00f1o, y con el quir\u00f3fano m\u00f3vil vamos recorriendo la ciudad\u201d.<\/p>\n\n\n\n<p>Todas las castraciones son con turno previo que lo obtienen llamando al n\u00famero de Zoonosis 02324-15350038<\/p>\n\n\n\n<p>JORNADA DE ADOPCI\u00d3N<\/p>\n\n\n\n<p>Por otro lado, la veterinaria Tamara Franceschelli inform\u00f3 \u201cel domingo 10 de marzo en el Complejo Cultural La Trocha, de 14:00 a 17:00 horas vamos a estar realizando una jornada de adopci\u00f3n, donde estar\u00e1n los grupos de protectoras de animales de la ciudad, habr\u00e1 espacios para los ni\u00f1os para que las familias puedan pasar un lindo momento\u201d &nbsp;&nbsp;<\/p>\n","protected":false},"excerpt":{"rendered":"<p>A partir de la semana que viene el quir\u00f3fano m\u00f3vil del \u00e1rea de zoonosis municipal estar\u00e1 emplazado por dos semanas &#8230; <a title=\"Diversas actividades por el cuidado animal\" class=\"read-more\" href=\"https:\/\/www.hoymercedes.com.ar\/principal\/2024\/03\/07\/diversas-actividades-por-el-cuidado-animal\/\" aria-label=\"Leer m\u00e1s sobre Diversas actividades por el cuidado animal\">Leer m\u00e1s<\/a><\/p>\n","protected":false},"author":1,"featured_media":173698,"comment_status":"closed","ping_status":"open","sticky":false,"template":"","format":"standard","meta":{"_monsterinsights_skip_tracking":false,"_monsterinsights_sitenote_active":false,"_monsterinsights_sitenote_note":"","_monsterinsights_sitenote_category":0,"jetpack_post_was_ever_published":false,"_jetpack_newsletter_access":"","_jetpack_dont_email_post_to_subs":false,"_jetpack_newsletter_tier_id":0,"_jetpack_memberships_contains_paywalled_content":false,"_jetpack_memberships_contains_paid_content":false,"footnotes":"","jetpack_publicize_message":"","jetpack_publicize_feature_enabled":true,"jetpack_social_post_already_shared":true,"jetpack_social_options":{"image_generator_settings":{"template":"highway","default_image_id":0,"font":"","enabled":false},"version":2},"_wpas_customize_per_network":false},"categories":[8],"tags":[19274],"class_list":["post-173697","post","type-post","status-publish","format-standard","has-post-thumbnail","hentry","category-sociedad","tag-cuidad-animal","generate-columns","tablet-grid-50","mobile-grid-100","grid-parent","grid-50"],"jetpack_publicize_connections":[],"jetpack_featured_media_url":"https:\/\/www.hoymercedes.com.ar\/principal\/wp-content\/uploads\/2024\/03\/Mascotas.jpg","wps_subtitle":"Protecci\u00f3n animal","jetpack_sharing_enabled":true,"_links":{"self":[{"href":"https:\/\/www.hoymercedes.com.ar\/principal\/wp-json\/wp\/v2\/posts\/173697","targetHints":{"allow":["GET"]}}],"collection":[{"href":"https:\/\/www.hoymercedes.com.ar\/principal\/wp-json\/wp\/v2\/posts"}],"about":[{"href":"https:\/\/www.hoymercedes.com.ar\/principal\/wp-json\/wp\/v2\/types\/post"}],"author":[{"embeddable":true,"href":"https:\/\/www.hoymercedes.com.ar\/principal\/wp-json\/wp\/v2\/users\/1"}],"replies":[{"embeddable":true,"href":"https:\/\/www.hoymercedes.com.ar\/principal\/wp-json\/wp\/v2\/comments?post=173697"}],"version-history":[{"count":0,"href":"https:\/\/www.hoymercedes.com.ar\/principal\/wp-json\/wp\/v2\/posts\/173697\/revisions"}],"wp:featuredmedia":[{"embeddable":true,"href":"https:\/\/www.hoymercedes.com.ar\/principal\/wp-json\/wp\/v2\/media\/173698"}],"wp:attachment":[{"href":"https:\/\/www.hoymercedes.com.ar\/principal\/wp-json\/wp\/v2\/media?parent=173697"}],"wp:term":[{"taxonomy":"category","embeddable":true,"href":"https:\/\/www.hoymercedes.com.ar\/principal\/wp-json\/wp\/v2\/categories?post=173697"},{"taxonomy":"post_tag","embeddable":true,"href":"https:\/\/www.hoymercedes.com.ar\/principal\/wp-json\/wp\/v2\/tags?post=173697"}],"curies":[{"name":"wp","href":"https:\/\/api.w.org\/{rel}","templated":true}]}}