{"id":173738,"date":"2024-03-08T20:13:00","date_gmt":"2024-03-08T23:13:00","guid":{"rendered":"https:\/\/www.hoymercedes.com.ar\/principal\/?p=173738"},"modified":"2024-03-08T19:16:45","modified_gmt":"2024-03-08T22:16:45","slug":"con-excelente-acompanamiento-se-inauguro-la-obra-teatral-temperley","status":"publish","type":"post","link":"https:\/\/www.hoymercedes.com.ar\/principal\/2024\/03\/08\/con-excelente-acompanamiento-se-inauguro-la-obra-teatral-temperley\/","title":{"rendered":"Con excelente acompa\u00f1amiento se inaugur\u00f3 la obra teatral \u201cTemperley\u00bb"},"content":{"rendered":"\n<figure class=\"wp-block-image size-large\"><img loading=\"lazy\" decoding=\"async\" width=\"1024\" height=\"682\" data-attachment-id=\"173739\" data-permalink=\"https:\/\/www.hoymercedes.com.ar\/principal\/2024\/03\/08\/con-excelente-acompanamiento-se-inauguro-la-obra-teatral-temperley\/sja_4775\/#main\" data-orig-file=\"https:\/\/www.hoymercedes.com.ar\/principal\/wp-content\/uploads\/2024\/03\/SJA_4775.jpg\" data-orig-size=\"1319,879\" data-comments-opened=\"0\" data-image-meta=\"{&quot;aperture&quot;:&quot;0&quot;,&quot;credit&quot;:&quot;SEBASTIANAMBROSSIO&quot;,&quot;camera&quot;:&quot;&quot;,&quot;caption&quot;:&quot;&quot;,&quot;created_timestamp&quot;:&quot;0&quot;,&quot;copyright&quot;:&quot;SebastianAmbrossio&quot;,&quot;focal_length&quot;:&quot;0&quot;,&quot;iso&quot;:&quot;0&quot;,&quot;shutter_speed&quot;:&quot;0&quot;,&quot;title&quot;:&quot;&quot;,&quot;orientation&quot;:&quot;0&quot;}\" data-image-title=\"En el marco de la \u201cComedia Municipal de Teatro\u201d se inaugur\u00f3 la nueva obra de Gabriela Lorusso, titulada \u201cTemperley\u201d. Fue con excelente recepci\u00f3n en el Teatro Argentino en su restaurada y renovada tecnol\u00f3gicamente sala A.\" data-image-description=\"&lt;p&gt;En el marco de la \u201cComedia Municipal de Teatro\u201d se inaugur\u00f3 la nueva obra de Gabriela Lorusso, titulada \u201cTemperley\u201d. Fue con excelente recepci\u00f3n en el Teatro Argentino en su restaurada y renovada tecnol\u00f3gicamente sala A.&lt;\/p&gt;\n\" data-image-caption=\"&lt;p&gt;En el marco de la \u201cComedia Municipal de Teatro\u201d se inaugur\u00f3 la nueva obra de Gabriela Lorusso, titulada \u201cTemperley\u201d. Fue con excelente recepci\u00f3n en el Teatro Argentino en su restaurada y renovada tecnol\u00f3gicamente sala A.&lt;\/p&gt;\n\" data-large-file=\"https:\/\/www.hoymercedes.com.ar\/principal\/wp-content\/uploads\/2024\/03\/SJA_4775-1024x682.jpg\" src=\"https:\/\/www.hoymercedes.com.ar\/principal\/wp-content\/uploads\/2024\/03\/SJA_4775-1024x682.jpg\" alt=\"\" class=\"wp-image-173739\" srcset=\"https:\/\/www.hoymercedes.com.ar\/principal\/wp-content\/uploads\/2024\/03\/SJA_4775-1024x682.jpg 1024w, https:\/\/www.hoymercedes.com.ar\/principal\/wp-content\/uploads\/2024\/03\/SJA_4775-630x420.jpg 630w, https:\/\/www.hoymercedes.com.ar\/principal\/wp-content\/uploads\/2024\/03\/SJA_4775-150x100.jpg 150w, https:\/\/www.hoymercedes.com.ar\/principal\/wp-content\/uploads\/2024\/03\/SJA_4775-700x465.jpg 700w, https:\/\/www.hoymercedes.com.ar\/principal\/wp-content\/uploads\/2024\/03\/SJA_4775.jpg 1319w\" sizes=\"auto, (max-width: 1024px) 100vw, 1024px\" \/><\/figure>\n\n\n\n<p>En el marco de la \u201cComedia Municipal de Teatro\u201d se inaugur\u00f3 la nueva obra de Gabriela Lorusso, titulada \u201cTemperley\u201d. Fue con excelente recepci\u00f3n en el Teatro Argentino en su restaurada y renovada tecnol\u00f3gicamente sala A.<\/p>\n\n\n\n<p>D\u00edas atr\u00e1s su directora, Gabriela Lorruso, cont\u00f3 que \u201cesta es una obra cuyos autores son Luciano Suardi y Alejandro Tartani\u00e1n, que son dos representantes del teatro contempor\u00e1neo argentino, donde se pone el foco en el tema de la inmigraci\u00f3n\u201d y apunt\u00f3 \u201cla obra trata de dos hermanas que vienen de Espa\u00f1a luego de la guerra civil, en esta suerte de esperar una vida mejor en nuestro pa\u00eds\u201d.<\/p>\n\n\n\n<p>Lorusso tambi\u00e9n expres\u00f3 al finalizar la obra y dialogar con el p\u00fablico su alegr\u00eda por un estado presente \u00a0que sigue trabajando por la cultura que es tan importante para el desarrollo de las sociedades en general y el teatro en particular.<\/p>\n\n\n\n<figure class=\"wp-block-image size-large\"><img loading=\"lazy\" decoding=\"async\" width=\"1024\" height=\"682\" data-attachment-id=\"173740\" data-permalink=\"https:\/\/www.hoymercedes.com.ar\/principal\/2024\/03\/08\/con-excelente-acompanamiento-se-inauguro-la-obra-teatral-temperley\/sja_4714\/#main\" data-orig-file=\"https:\/\/www.hoymercedes.com.ar\/principal\/wp-content\/uploads\/2024\/03\/SJA_4714.jpg\" data-orig-size=\"1319,879\" data-comments-opened=\"0\" data-image-meta=\"{&quot;aperture&quot;:&quot;0&quot;,&quot;credit&quot;:&quot;SEBASTIANAMBROSSIO&quot;,&quot;camera&quot;:&quot;&quot;,&quot;caption&quot;:&quot;&quot;,&quot;created_timestamp&quot;:&quot;0&quot;,&quot;copyright&quot;:&quot;SebastianAmbrossio&quot;,&quot;focal_length&quot;:&quot;0&quot;,&quot;iso&quot;:&quot;0&quot;,&quot;shutter_speed&quot;:&quot;0&quot;,&quot;title&quot;:&quot;&quot;,&quot;orientation&quot;:&quot;0&quot;}\" data-image-title=\"En el marco de la \u201cComedia Municipal de Teatro\u201d se inaugur\u00f3 la nueva obra de Gabriela Lorusso, titulada \u201cTemperley\u201d. Fue con excelente recepci\u00f3n en el Teatro Argentino en su restaurada y renovada tecnol\u00f3gicamente sala A.\" data-image-description=\"&lt;p&gt;En el marco de la \u201cComedia Municipal de Teatro\u201d se inaugur\u00f3 la nueva obra de Gabriela Lorusso, titulada \u201cTemperley\u201d. Fue con excelente recepci\u00f3n en el Teatro Argentino en su restaurada y renovada tecnol\u00f3gicamente sala A.&lt;\/p&gt;\n\" data-image-caption=\"&lt;p&gt;En el marco de la \u201cComedia Municipal de Teatro\u201d se inaugur\u00f3 la nueva obra de Gabriela Lorusso, titulada \u201cTemperley\u201d. Fue con excelente recepci\u00f3n en el Teatro Argentino en su restaurada y renovada tecnol\u00f3gicamente sala A.&lt;\/p&gt;\n\" data-large-file=\"https:\/\/www.hoymercedes.com.ar\/principal\/wp-content\/uploads\/2024\/03\/SJA_4714-1024x682.jpg\" src=\"https:\/\/www.hoymercedes.com.ar\/principal\/wp-content\/uploads\/2024\/03\/SJA_4714-1024x682.jpg\" alt=\"\" class=\"wp-image-173740\" srcset=\"https:\/\/www.hoymercedes.com.ar\/principal\/wp-content\/uploads\/2024\/03\/SJA_4714-1024x682.jpg 1024w, https:\/\/www.hoymercedes.com.ar\/principal\/wp-content\/uploads\/2024\/03\/SJA_4714-630x420.jpg 630w, https:\/\/www.hoymercedes.com.ar\/principal\/wp-content\/uploads\/2024\/03\/SJA_4714-150x100.jpg 150w, https:\/\/www.hoymercedes.com.ar\/principal\/wp-content\/uploads\/2024\/03\/SJA_4714-700x465.jpg 700w, https:\/\/www.hoymercedes.com.ar\/principal\/wp-content\/uploads\/2024\/03\/SJA_4714.jpg 1319w\" sizes=\"auto, (max-width: 1024px) 100vw, 1024px\" \/><\/figure>\n\n\n\n<p>Por su parte, la directora de cultura, Jimena Rivas, expres\u00f3 que \u201ces una gran alegr\u00eda ver esta obra en escena, el compromiso de su elenco, de su directora, del personal del teatro, de quienes han logrado las y los mercedinos podamos disfrutarla\u201d afirm\u00f3 y dijo \u201cdeseamos felicitarlas y felicitarlos y reiterar a la ciudadan\u00eda que es una presentaci\u00f3n libre, p\u00fablica y gratuita. Las y los esperamos\u201d.<\/p>\n\n\n\n<p>Con una escenograf\u00eda y vestuario a cargo de Yasmin Salom\u00f3n y Laura Vezzosi respectivamente, y una banda sonora original creada por Nicol\u00e1s Rigano, \u201cTemperley\u201d cumpli\u00f3 con las expectativas y dejo un excelente momento para quienes asistieron a la funci\u00f3n de gala.<\/p>\n\n\n\n<figure class=\"wp-block-image size-large\"><img loading=\"lazy\" decoding=\"async\" width=\"1024\" height=\"682\" data-attachment-id=\"173741\" data-permalink=\"https:\/\/www.hoymercedes.com.ar\/principal\/2024\/03\/08\/con-excelente-acompanamiento-se-inauguro-la-obra-teatral-temperley\/sja_4801\/#main\" data-orig-file=\"https:\/\/www.hoymercedes.com.ar\/principal\/wp-content\/uploads\/2024\/03\/SJA_4801.jpg\" data-orig-size=\"1319,879\" data-comments-opened=\"0\" data-image-meta=\"{&quot;aperture&quot;:&quot;0&quot;,&quot;credit&quot;:&quot;SEBASTIANAMBROSSIO&quot;,&quot;camera&quot;:&quot;&quot;,&quot;caption&quot;:&quot;&quot;,&quot;created_timestamp&quot;:&quot;0&quot;,&quot;copyright&quot;:&quot;SebastianAmbrossio&quot;,&quot;focal_length&quot;:&quot;0&quot;,&quot;iso&quot;:&quot;0&quot;,&quot;shutter_speed&quot;:&quot;0&quot;,&quot;title&quot;:&quot;&quot;,&quot;orientation&quot;:&quot;0&quot;}\" data-image-title=\"SJA_4801\" data-image-description=\"&lt;p&gt;En el marco de la \u201cComedia Municipal de Teatro\u201d se inaugur\u00f3 la nueva obra de Gabriela Lorusso, titulada \u201cTemperley\u201d. Fue con excelente recepci\u00f3n en el Teatro Argentino en su restaurada y renovada tecnol\u00f3gicamente sala A.&lt;\/p&gt;\n\" data-image-caption=\"\" data-large-file=\"https:\/\/www.hoymercedes.com.ar\/principal\/wp-content\/uploads\/2024\/03\/SJA_4801-1024x682.jpg\" src=\"https:\/\/www.hoymercedes.com.ar\/principal\/wp-content\/uploads\/2024\/03\/SJA_4801-1024x682.jpg\" alt=\"\" class=\"wp-image-173741\" srcset=\"https:\/\/www.hoymercedes.com.ar\/principal\/wp-content\/uploads\/2024\/03\/SJA_4801-1024x682.jpg 1024w, https:\/\/www.hoymercedes.com.ar\/principal\/wp-content\/uploads\/2024\/03\/SJA_4801-630x420.jpg 630w, https:\/\/www.hoymercedes.com.ar\/principal\/wp-content\/uploads\/2024\/03\/SJA_4801-150x100.jpg 150w, https:\/\/www.hoymercedes.com.ar\/principal\/wp-content\/uploads\/2024\/03\/SJA_4801-700x465.jpg 700w, https:\/\/www.hoymercedes.com.ar\/principal\/wp-content\/uploads\/2024\/03\/SJA_4801.jpg 1319w\" sizes=\"auto, (max-width: 1024px) 100vw, 1024px\" \/><\/figure>\n\n\n\n<p>Ahora las funciones contin\u00faan hasta hasta al 10 de marzo y luego del 14 al 17 a las 21hs. Entradas libres y gratuitas en boleter\u00eda del teatro.<\/p>\n","protected":false},"excerpt":{"rendered":"<p>En el marco de la \u201cComedia Municipal de Teatro\u201d se inaugur\u00f3 la nueva obra de Gabriela Lorusso, titulada \u201cTemperley\u201d. Fue &#8230; <a title=\"Con excelente acompa\u00f1amiento se inaugur\u00f3 la obra teatral \u201cTemperley\u00bb\" class=\"read-more\" href=\"https:\/\/www.hoymercedes.com.ar\/principal\/2024\/03\/08\/con-excelente-acompanamiento-se-inauguro-la-obra-teatral-temperley\/\" aria-label=\"Leer m\u00e1s sobre Con excelente acompa\u00f1amiento se inaugur\u00f3 la obra teatral \u201cTemperley\u00bb\">Leer m\u00e1s<\/a><\/p>\n","protected":false},"author":1,"featured_media":173739,"comment_status":"closed","ping_status":"open","sticky":false,"template":"","format":"standard","meta":{"_monsterinsights_skip_tracking":false,"_monsterinsights_sitenote_active":false,"_monsterinsights_sitenote_note":"","_monsterinsights_sitenote_category":0,"jetpack_post_was_ever_published":false,"_jetpack_newsletter_access":"","_jetpack_dont_email_post_to_subs":false,"_jetpack_newsletter_tier_id":0,"_jetpack_memberships_contains_paywalled_content":false,"_jetpack_memberships_contains_paid_content":false,"footnotes":"","jetpack_publicize_message":"","jetpack_publicize_feature_enabled":true,"jetpack_social_post_already_shared":true,"jetpack_social_options":{"image_generator_settings":{"template":"highway","default_image_id":0,"font":"","enabled":false},"version":2},"_wpas_customize_per_network":false},"categories":[104],"tags":[8155,19279,19278,5693],"class_list":["post-173738","post","type-post","status-publish","format-standard","has-post-thumbnail","hentry","category-cultura","tag-gabriela-lorusso","tag-jimena-rivas","tag-obra-de-teatro-temperley","tag-teatro-argentino-mercedes","generate-columns","tablet-grid-50","mobile-grid-100","grid-parent","grid-50"],"jetpack_publicize_connections":[],"jetpack_featured_media_url":"https:\/\/www.hoymercedes.com.ar\/principal\/wp-content\/uploads\/2024\/03\/SJA_4775.jpg","wps_subtitle":"Teatro mercedino","jetpack_sharing_enabled":true,"_links":{"self":[{"href":"https:\/\/www.hoymercedes.com.ar\/principal\/wp-json\/wp\/v2\/posts\/173738","targetHints":{"allow":["GET"]}}],"collection":[{"href":"https:\/\/www.hoymercedes.com.ar\/principal\/wp-json\/wp\/v2\/posts"}],"about":[{"href":"https:\/\/www.hoymercedes.com.ar\/principal\/wp-json\/wp\/v2\/types\/post"}],"author":[{"embeddable":true,"href":"https:\/\/www.hoymercedes.com.ar\/principal\/wp-json\/wp\/v2\/users\/1"}],"replies":[{"embeddable":true,"href":"https:\/\/www.hoymercedes.com.ar\/principal\/wp-json\/wp\/v2\/comments?post=173738"}],"version-history":[{"count":0,"href":"https:\/\/www.hoymercedes.com.ar\/principal\/wp-json\/wp\/v2\/posts\/173738\/revisions"}],"wp:featuredmedia":[{"embeddable":true,"href":"https:\/\/www.hoymercedes.com.ar\/principal\/wp-json\/wp\/v2\/media\/173739"}],"wp:attachment":[{"href":"https:\/\/www.hoymercedes.com.ar\/principal\/wp-json\/wp\/v2\/media?parent=173738"}],"wp:term":[{"taxonomy":"category","embeddable":true,"href":"https:\/\/www.hoymercedes.com.ar\/principal\/wp-json\/wp\/v2\/categories?post=173738"},{"taxonomy":"post_tag","embeddable":true,"href":"https:\/\/www.hoymercedes.com.ar\/principal\/wp-json\/wp\/v2\/tags?post=173738"}],"curies":[{"name":"wp","href":"https:\/\/api.w.org\/{rel}","templated":true}]}}