{"id":173808,"date":"2024-03-11T17:05:37","date_gmt":"2024-03-11T20:05:37","guid":{"rendered":"https:\/\/www.hoymercedes.com.ar\/principal\/?p=173808"},"modified":"2024-03-11T17:05:40","modified_gmt":"2024-03-11T20:05:40","slug":"la-tormenta-dejo-sin-luz-diferentes-barrios-de-mercedes","status":"publish","type":"post","link":"https:\/\/www.hoymercedes.com.ar\/principal\/2024\/03\/11\/la-tormenta-dejo-sin-luz-diferentes-barrios-de-mercedes\/","title":{"rendered":"La tormenta dej\u00f3 sin luz diferentes barrios de Mercedes"},"content":{"rendered":"\n<p>Desde la empresa EDEN informaron que con la tormenta el\u00e9ctrica de la madrugada del lunes, se produjo una falla en la l\u00ednea de media tensi\u00f3n. La ca\u00edda de un rayo habr\u00eda dejado fuera de servicio un alimentador que abastece la zona norte y sur de la ciudad de Mercedes.<\/p>\n\n\n\n<p>Las cuadrillas de la empresa ya se encuentran trabajando en la zona, donde adem\u00e1s deber\u00e1 reponerse el tendido el\u00e9ctrico derribado por \u00e1rboles y postes ca\u00eddos. La empresa estima que la normalizaci\u00f3n del servicio el\u00e9ctrico tendr\u00e1 lugar en el transcurso de la tarde, y advierte que se realizar\u00e1n maniobras necesarias para reparar la infraestructura de red, que podr\u00eda resultar en interrupciones de suministro moment\u00e1neas.<\/p>\n\n\n\n<p>EDEN recuerda a los usuarios la importancia de generar los reclamos por los canales oficiales de la empresa. Ello le permite al Centro Operativo hacer un seguimiento pormenorizado del estado del servicio. Los canales de atenci\u00f3n para reclamos t\u00e9cnicos, disponibles las 24 hs, son: WhatsApp: 3364 52-6944 o 0800-999-3336, App EDEN M\u00f3vil y la Oficina Virtual ingresando en www.oficinavirtual.edensa.com.ar<\/p>\n","protected":false},"excerpt":{"rendered":"<p>Desde la empresa EDEN informaron que con la tormenta el\u00e9ctrica de la madrugada del lunes, se produjo una falla en &#8230; <a title=\"La tormenta dej\u00f3 sin luz diferentes barrios de Mercedes\" class=\"read-more\" href=\"https:\/\/www.hoymercedes.com.ar\/principal\/2024\/03\/11\/la-tormenta-dejo-sin-luz-diferentes-barrios-de-mercedes\/\" aria-label=\"Leer m\u00e1s sobre La tormenta dej\u00f3 sin luz diferentes barrios de Mercedes\">Leer m\u00e1s<\/a><\/p>\n","protected":false},"author":1,"featured_media":173809,"comment_status":"closed","ping_status":"open","sticky":false,"template":"","format":"standard","meta":{"_monsterinsights_skip_tracking":false,"_monsterinsights_sitenote_active":false,"_monsterinsights_sitenote_note":"","_monsterinsights_sitenote_category":0,"jetpack_post_was_ever_published":false,"_jetpack_newsletter_access":"","_jetpack_dont_email_post_to_subs":false,"_jetpack_newsletter_tier_id":0,"_jetpack_memberships_contains_paywalled_content":false,"_jetpack_memberships_contains_paid_content":false,"footnotes":"","jetpack_publicize_message":"","jetpack_publicize_feature_enabled":true,"jetpack_social_post_already_shared":true,"jetpack_social_options":{"image_generator_settings":{"template":"highway","default_image_id":0,"font":"","enabled":false},"version":2},"_wpas_customize_per_network":false},"categories":[8],"tags":[],"class_list":["post-173808","post","type-post","status-publish","format-standard","has-post-thumbnail","hentry","category-sociedad","generate-columns","tablet-grid-50","mobile-grid-100","grid-parent","grid-50"],"jetpack_publicize_connections":[],"jetpack_featured_media_url":"https:\/\/www.hoymercedes.com.ar\/principal\/wp-content\/uploads\/2024\/03\/Tormentas-Electricas-800x400-1.jpeg","wps_subtitle":"","jetpack_sharing_enabled":true,"_links":{"self":[{"href":"https:\/\/www.hoymercedes.com.ar\/principal\/wp-json\/wp\/v2\/posts\/173808","targetHints":{"allow":["GET"]}}],"collection":[{"href":"https:\/\/www.hoymercedes.com.ar\/principal\/wp-json\/wp\/v2\/posts"}],"about":[{"href":"https:\/\/www.hoymercedes.com.ar\/principal\/wp-json\/wp\/v2\/types\/post"}],"author":[{"embeddable":true,"href":"https:\/\/www.hoymercedes.com.ar\/principal\/wp-json\/wp\/v2\/users\/1"}],"replies":[{"embeddable":true,"href":"https:\/\/www.hoymercedes.com.ar\/principal\/wp-json\/wp\/v2\/comments?post=173808"}],"version-history":[{"count":0,"href":"https:\/\/www.hoymercedes.com.ar\/principal\/wp-json\/wp\/v2\/posts\/173808\/revisions"}],"wp:featuredmedia":[{"embeddable":true,"href":"https:\/\/www.hoymercedes.com.ar\/principal\/wp-json\/wp\/v2\/media\/173809"}],"wp:attachment":[{"href":"https:\/\/www.hoymercedes.com.ar\/principal\/wp-json\/wp\/v2\/media?parent=173808"}],"wp:term":[{"taxonomy":"category","embeddable":true,"href":"https:\/\/www.hoymercedes.com.ar\/principal\/wp-json\/wp\/v2\/categories?post=173808"},{"taxonomy":"post_tag","embeddable":true,"href":"https:\/\/www.hoymercedes.com.ar\/principal\/wp-json\/wp\/v2\/tags?post=173808"}],"curies":[{"name":"wp","href":"https:\/\/api.w.org\/{rel}","templated":true}]}}