{"id":17382,"date":"2012-10-29T23:16:02","date_gmt":"2012-10-29T23:16:02","guid":{"rendered":"http:\/\/www.hoymercedes.com.ar\/principal\/?p=17382"},"modified":"2012-10-29T23:16:20","modified_gmt":"2012-10-29T23:16:20","slug":"masserio-y-un-mensaje-a-principi-hay-que-respetar-escalafones","status":"publish","type":"post","link":"https:\/\/www.hoymercedes.com.ar\/principal\/2012\/10\/29\/masserio-y-un-mensaje-a-principi-hay-que-respetar-escalafones\/","title":{"rendered":"Masserio y un mensaje a Pr\u00edncipi: \u00abhay que respetar escalafones\u00bb"},"content":{"rendered":"<p><a href=\"https:\/\/www.hoymercedes.com.ar\/principal\/wp-content\/uploads\/2012\/10\/Masserio.jpg\"><img loading=\"lazy\" decoding=\"async\" data-attachment-id=\"17384\" data-permalink=\"https:\/\/www.hoymercedes.com.ar\/principal\/2012\/10\/29\/masserio-y-un-mensaje-a-principi-hay-que-respetar-escalafones\/masserio\/#main\" data-orig-file=\"https:\/\/www.hoymercedes.com.ar\/principal\/wp-content\/uploads\/2012\/10\/Masserio.jpg\" data-orig-size=\"616,344\" data-comments-opened=\"1\" data-image-meta=\"{&quot;aperture&quot;:&quot;0&quot;,&quot;credit&quot;:&quot;&quot;,&quot;camera&quot;:&quot;&quot;,&quot;caption&quot;:&quot;&quot;,&quot;created_timestamp&quot;:&quot;0&quot;,&quot;copyright&quot;:&quot;&quot;,&quot;focal_length&quot;:&quot;0&quot;,&quot;iso&quot;:&quot;0&quot;,&quot;shutter_speed&quot;:&quot;0&quot;,&quot;title&quot;:&quot;&quot;}\" data-image-title=\"Masserio\" data-image-description=\"\" data-image-caption=\"\" data-large-file=\"https:\/\/www.hoymercedes.com.ar\/principal\/wp-content\/uploads\/2012\/10\/Masserio.jpg\" class=\"aligncenter size-full wp-image-17384\" title=\"Masserio\" src=\"https:\/\/www.hoymercedes.com.ar\/principal\/wp-content\/uploads\/2012\/10\/Masserio.jpg\" alt=\"\" width=\"616\" height=\"344\" \/><\/a><\/p>\n<p>La Directora de Salud del Municipio habl\u00f3 con una radio local sobre los bienes que desde un tiempo a esta parte han arribado al nosocomio local y que tanta pol\u00e9mica han despertado en relaci\u00f3n al Director del Dubarry, Fito Pr\u00edncipi, su rol como concejal, el papel de la oposici\u00f3n y qu\u00e9 deber\u00eda haber decidido a la hora de recibirlos as\u00ed como las denominadas \u00abfotos\u00bb de Fito con el Frente Mercedino.<\/p>\n<p>Desde el bolet\u00edn de noticias oficial del municipio se reproducen las declaraciones de Masserio que son, tal cual las difundieron, las siguientes:<\/p>\n<p style=\"padding-left: 30px;\">Pudieron escucharse opiniones sobre la llegada de algunos elementos al Hospital Blas L. Dubarry, y la titular del\u00a0\u00e1rea\u00a0de Salud de la Municipalidad Dra. Liliana Masserio, emiti\u00f3 su opini\u00f3n tambi\u00e9n a trav\u00e9s de una radio local. La directora de Salud dijo que: \u201c<em>cuando las cosas no van bien, hay que aceptar todo lo que venga y de donde venga. Yo en el lugar del Director tambi\u00e9n hubiera recibido todo, solo que invitar\u00eda a las autoridades correspondientes a acompa\u00f1ar el momento, digo, respetar\u00eda los escalafones que hay que respetar, como lo hice siempre\u201d<\/em> respecto a la situaci\u00f3n del Hospital.<\/p>\n<p style=\"padding-left: 30px;\"><em>\u201cSolo que creo que hay que respetar escalafones. Por ejemplo, el Hospital depende de la provincia.\u00a0Ac\u00e1\u00a0la\u00a0Naci\u00f3n\u00a0 no ha respetado al Ministerio provincial, antes que al Gobierno Municipal o a otras instituciones.\u00a0Ac\u00e1\u00a0la\u00a0Naci\u00f3n\u00a0 se ha salteado todo, mostrando que tienen dinero, y tienen poder para hacerlo. Claro que viene bien para nuestro Hospital, el tema es la falta de respeto a las autoridades.\u201d<\/em><\/p>\n<p style=\"padding-left: 30px;\">Seg\u00fan las palabras de la Dra. Masserio, <em>\u201csiempre los programas, subsidios y similares, parten de la\u00a0Naci\u00f3n\u00a0 quienes lo bajan a Provincia, para que el municipio entregue al Hospital insumos y cosas\u00a0as\u00ed\u00a0 Pero esta vez, y es una pena, se ha mezclado la pol\u00edtica\u201d<\/em><\/p>\n<p style=\"padding-left: 30px;\">Es lamentable que, primero que se falte el respeto\u00a0as\u00ed\u00a0a las instituciones de la democracia, y luego que se utilicen estos temas para la \u201c<em>pol\u00edtica partidaria\u201d<\/em><\/p>\n<p style=\"padding-left: 30px;\"><em>\u201cNi creo que el Ministro de Salud de la provincia, se haya enterado de esta entrega, de esta llegada de cosas al nosocomio local. Realmente lamentable que lo utilicen pol\u00edticamente\u201d.<\/em><\/p>\n","protected":false},"excerpt":{"rendered":"<p>La Directora de Salud del Municipio habl\u00f3 con una radio local sobre los bienes que desde un tiempo a esta &#8230; <a title=\"Masserio y un mensaje a Pr\u00edncipi: \u00abhay que respetar escalafones\u00bb\" class=\"read-more\" href=\"https:\/\/www.hoymercedes.com.ar\/principal\/2012\/10\/29\/masserio-y-un-mensaje-a-principi-hay-que-respetar-escalafones\/\" aria-label=\"Leer m\u00e1s sobre Masserio y un mensaje a Pr\u00edncipi: \u00abhay que respetar escalafones\u00bb\">Leer m\u00e1s<\/a><\/p>\n","protected":false},"author":1,"featured_media":0,"comment_status":"open","ping_status":"open","sticky":false,"template":"","format":"standard","meta":{"_monsterinsights_skip_tracking":false,"_monsterinsights_sitenote_active":false,"_monsterinsights_sitenote_note":"","_monsterinsights_sitenote_category":0,"jetpack_post_was_ever_published":false,"_jetpack_newsletter_access":"","_jetpack_dont_email_post_to_subs":false,"_jetpack_newsletter_tier_id":0,"_jetpack_memberships_contains_paywalled_content":false,"_jetpack_memberships_contains_paid_content":false,"footnotes":"","jetpack_publicize_message":"","jetpack_publicize_feature_enabled":true,"jetpack_social_post_already_shared":false,"jetpack_social_options":{"image_generator_settings":{"template":"highway","default_image_id":0,"font":"","enabled":false},"version":2},"_wpas_customize_per_network":false},"categories":[5],"tags":[2907,532,2906,1871],"class_list":["post-17382","post","type-post","status-publish","format-standard","hentry","category-politica","tag-dra-masserio","tag-fito-principi","tag-liliana-masserio","tag-rodolfo-principi","generate-columns","tablet-grid-50","mobile-grid-100","grid-parent","grid-50"],"jetpack_publicize_connections":[],"jetpack_featured_media_url":"","wps_subtitle":"","jetpack_sharing_enabled":true,"_links":{"self":[{"href":"https:\/\/www.hoymercedes.com.ar\/principal\/wp-json\/wp\/v2\/posts\/17382","targetHints":{"allow":["GET"]}}],"collection":[{"href":"https:\/\/www.hoymercedes.com.ar\/principal\/wp-json\/wp\/v2\/posts"}],"about":[{"href":"https:\/\/www.hoymercedes.com.ar\/principal\/wp-json\/wp\/v2\/types\/post"}],"author":[{"embeddable":true,"href":"https:\/\/www.hoymercedes.com.ar\/principal\/wp-json\/wp\/v2\/users\/1"}],"replies":[{"embeddable":true,"href":"https:\/\/www.hoymercedes.com.ar\/principal\/wp-json\/wp\/v2\/comments?post=17382"}],"version-history":[{"count":0,"href":"https:\/\/www.hoymercedes.com.ar\/principal\/wp-json\/wp\/v2\/posts\/17382\/revisions"}],"wp:attachment":[{"href":"https:\/\/www.hoymercedes.com.ar\/principal\/wp-json\/wp\/v2\/media?parent=17382"}],"wp:term":[{"taxonomy":"category","embeddable":true,"href":"https:\/\/www.hoymercedes.com.ar\/principal\/wp-json\/wp\/v2\/categories?post=17382"},{"taxonomy":"post_tag","embeddable":true,"href":"https:\/\/www.hoymercedes.com.ar\/principal\/wp-json\/wp\/v2\/tags?post=17382"}],"curies":[{"name":"wp","href":"https:\/\/api.w.org\/{rel}","templated":true}]}}