{"id":173837,"date":"2024-03-12T11:15:00","date_gmt":"2024-03-12T14:15:00","guid":{"rendered":"https:\/\/www.hoymercedes.com.ar\/principal\/?p=173837"},"modified":"2024-03-12T10:51:44","modified_gmt":"2024-03-12T13:51:44","slug":"se-abre-una-nueva-fabrica-en-mercedes-todo-listo-la-empresa-agroenergie-one","status":"publish","type":"post","link":"https:\/\/www.hoymercedes.com.ar\/principal\/2024\/03\/12\/se-abre-una-nueva-fabrica-en-mercedes-todo-listo-la-empresa-agroenergie-one\/","title":{"rendered":"Se abre una nueva f\u00e1brica en Mercedes, todo listo la empresa Agroenergie One"},"content":{"rendered":"\n<p><\/p>\n\n\n\n<p>La pol\u00edtica industrial del gobierno de Ustarroz tendr\u00e1 un gran momento cuando en abril se produzca la inauguraci\u00f3n de la planta de Agroenergie One S.A en el Sector Industrial Planificado. Fue el arribo de la f\u00e1brica con el impulso de distintos sectores, un logro de nuestra comunidad, tal como narr\u00f3 el jefe comunal en el discurso de inicio de sesiones.<\/p>\n\n\n\n<p>En agosto de 2020 tras un largo debate en el Concejo Deliberante, impulso de la C\u00e1mara Econ\u00f3mica y el Departamento Ejecutivo que buscaron todos los caminos posibles para que as\u00ed sea, la empresa firm\u00f3 con el intendente Ustarroz la compra del terreno en el Sector Industrial Planificado para instalarse en nuestra ciudad.<\/p>\n\n\n\n<p><strong>Agradecimiento<\/strong><\/p>\n\n\n\n<p>El aquellos d\u00edas tan importantes, el intendente agradeci\u00f3 \u201ca la empresa por apostar a nuestra ciudad, por apostar a trav\u00e9s de la inversi\u00f3n a la producci\u00f3n, al empleo y al desarrollo de nuestro pa\u00eds. A la C\u00e1mara Econ\u00f3mica de Mercedes que, desde el primer momento, no solamente nos acompa\u00f1\u00f3, sino que nos inst\u00f3 mucho a avanzar en esta l\u00ednea y especialmente a un vecino de Mercedes -Larezca- que trajo la propuesta y a trav\u00e9s de la C\u00e1mara empezamos a recorrer un arduo camino que hoy se materializa de forma muy satisfactoria. Agradecer a todo el Concejo Deliberante, a la mesa sindical el acompa\u00f1amiento donde es central el aporte de los y las trabajadoras de un pueblo. Tambi\u00e9n agradecer en la figura de Santiago R\u00e9vora y la subsecretaria a la provincia de Buenos Aires, cuyo acompa\u00f1amiento ha sido permanente y constante. A los periodistas que se tomaron el tiempo de informase para despu\u00e9s informar y a todos los funcionarios que trabajaron arduamente\u201d,<\/p>\n\n\n\n<p>El encuentro hab\u00eda sido, para la firma, en el recinto deliberativo, contando con la presencia del por entonces ministro \u201cWado\u201d de Pedro y especialmente los titulares de Agro Energy One S.A.<\/p>\n\n\n\n<p>Empresa<\/p>\n\n\n\n<p>Rodolfo Mangue, presidente de la empresa Agro Energy One, hab\u00eda expresado en aquella jornada que \u201cvamos a tratar de poner nuestra parte\u201d y \u201clo que son peque\u00f1as y medianas empresas en el mundo entero, generan el ochenta (80) por ciento del producto bruto interno del mundo\u201d mencionando que \u201cqueremos indicarles y tomamos compromiso que siempre vamos a tratar de tener la mejor tecnolog\u00eda, vamos a ser muy honestos con la sociedad mercedina y con nuestro pueblo argentino y b\u00e1sicamente llevarles a nuestros j\u00f3venes -esto es algo que le promet\u00ed al intendente Ustarroz-, tener nuestras clases de qu\u00edmica y ver que los chicos puedan venir a la planta y estudiar, y aquel que le guste pueda crecer en nuestra empresa\u201d hab\u00eda afirmado.<\/p>\n\n\n\n<p><strong>Realidad<\/strong><\/p>\n\n\n\n<p>Finalmente, poco m\u00e1s de dos a\u00f1os despu\u00e9s, la planta ser\u00e1 inaugurada a fin del mes de abril siendo sumamente importante para el espacio fabril, para la generaci\u00f3n de empleo y proyecci\u00f3n de la ciudad.<\/p>\n","protected":false},"excerpt":{"rendered":"<p>La pol\u00edtica industrial del gobierno de Ustarroz tendr\u00e1 un gran momento cuando en abril se produzca la inauguraci\u00f3n de la &#8230; <a title=\"Se abre una nueva f\u00e1brica en Mercedes, todo listo la empresa Agroenergie One\" class=\"read-more\" href=\"https:\/\/www.hoymercedes.com.ar\/principal\/2024\/03\/12\/se-abre-una-nueva-fabrica-en-mercedes-todo-listo-la-empresa-agroenergie-one\/\" aria-label=\"Leer m\u00e1s sobre Se abre una nueva f\u00e1brica en Mercedes, todo listo la empresa Agroenergie One\">Leer m\u00e1s<\/a><\/p>\n","protected":false},"author":1,"featured_media":173838,"comment_status":"closed","ping_status":"open","sticky":false,"template":"","format":"standard","meta":{"_monsterinsights_skip_tracking":false,"_monsterinsights_sitenote_active":false,"_monsterinsights_sitenote_note":"","_monsterinsights_sitenote_category":0,"jetpack_post_was_ever_published":false,"_jetpack_newsletter_access":"","_jetpack_dont_email_post_to_subs":false,"_jetpack_newsletter_tier_id":0,"_jetpack_memberships_contains_paywalled_content":false,"_jetpack_memberships_contains_paid_content":false,"footnotes":"","jetpack_publicize_message":"","jetpack_publicize_feature_enabled":true,"jetpack_social_post_already_shared":true,"jetpack_social_options":{"image_generator_settings":{"template":"highway","default_image_id":0,"font":"","enabled":false},"version":2},"_wpas_customize_per_network":false},"categories":[8],"tags":[16195,3251],"class_list":["post-173837","post","type-post","status-publish","format-standard","has-post-thumbnail","hentry","category-sociedad","tag-agroenergie-one","tag-sector-industrial-planificado-mercedes","generate-columns","tablet-grid-50","mobile-grid-100","grid-parent","grid-50"],"jetpack_publicize_connections":[],"jetpack_featured_media_url":"https:\/\/www.hoymercedes.com.ar\/principal\/wp-content\/uploads\/2024\/03\/Agroenergie.one_.mercedes.jpg","wps_subtitle":"Producci\u00f3n y empleo ","jetpack_sharing_enabled":true,"_links":{"self":[{"href":"https:\/\/www.hoymercedes.com.ar\/principal\/wp-json\/wp\/v2\/posts\/173837","targetHints":{"allow":["GET"]}}],"collection":[{"href":"https:\/\/www.hoymercedes.com.ar\/principal\/wp-json\/wp\/v2\/posts"}],"about":[{"href":"https:\/\/www.hoymercedes.com.ar\/principal\/wp-json\/wp\/v2\/types\/post"}],"author":[{"embeddable":true,"href":"https:\/\/www.hoymercedes.com.ar\/principal\/wp-json\/wp\/v2\/users\/1"}],"replies":[{"embeddable":true,"href":"https:\/\/www.hoymercedes.com.ar\/principal\/wp-json\/wp\/v2\/comments?post=173837"}],"version-history":[{"count":0,"href":"https:\/\/www.hoymercedes.com.ar\/principal\/wp-json\/wp\/v2\/posts\/173837\/revisions"}],"wp:featuredmedia":[{"embeddable":true,"href":"https:\/\/www.hoymercedes.com.ar\/principal\/wp-json\/wp\/v2\/media\/173838"}],"wp:attachment":[{"href":"https:\/\/www.hoymercedes.com.ar\/principal\/wp-json\/wp\/v2\/media?parent=173837"}],"wp:term":[{"taxonomy":"category","embeddable":true,"href":"https:\/\/www.hoymercedes.com.ar\/principal\/wp-json\/wp\/v2\/categories?post=173837"},{"taxonomy":"post_tag","embeddable":true,"href":"https:\/\/www.hoymercedes.com.ar\/principal\/wp-json\/wp\/v2\/tags?post=173837"}],"curies":[{"name":"wp","href":"https:\/\/api.w.org\/{rel}","templated":true}]}}