{"id":17395,"date":"2012-10-30T00:12:12","date_gmt":"2012-10-30T00:12:12","guid":{"rendered":"http:\/\/www.hoymercedes.com.ar\/principal\/?p=17395"},"modified":"2012-10-30T00:13:20","modified_gmt":"2012-10-30T00:13:20","slug":"frente-mercedino-recolecta-bienes-para-damnificados","status":"publish","type":"post","link":"https:\/\/www.hoymercedes.com.ar\/principal\/2012\/10\/30\/frente-mercedino-recolecta-bienes-para-damnificados\/","title":{"rendered":"Frente Mercedino recolecta bienes para damnificados"},"content":{"rendered":"<p><a href=\"https:\/\/www.hoymercedes.com.ar\/principal\/wp-content\/uploads\/2012\/10\/Inundaci\u00f3n-Calle29-II.jpg\"><img loading=\"lazy\" decoding=\"async\" data-attachment-id=\"17397\" data-permalink=\"https:\/\/www.hoymercedes.com.ar\/principal\/2012\/10\/30\/frente-mercedino-recolecta-bienes-para-damnificados\/inundacion-calle29-ii\/#main\" data-orig-file=\"https:\/\/www.hoymercedes.com.ar\/principal\/wp-content\/uploads\/2012\/10\/Inundaci\u00f3n-Calle29-II.jpg\" data-orig-size=\"616,462\" data-comments-opened=\"1\" data-image-meta=\"{&quot;aperture&quot;:&quot;3.3&quot;,&quot;credit&quot;:&quot;&quot;,&quot;camera&quot;:&quot;DMC-S1&quot;,&quot;caption&quot;:&quot;&quot;,&quot;created_timestamp&quot;:&quot;1351312374&quot;,&quot;copyright&quot;:&quot;&quot;,&quot;focal_length&quot;:&quot;5.7&quot;,&quot;iso&quot;:&quot;100&quot;,&quot;shutter_speed&quot;:&quot;0.0125&quot;,&quot;title&quot;:&quot;&quot;}\" data-image-title=\"Inundaci\u00f3n-Calle29-II\" data-image-description=\"\" data-image-caption=\"\" data-large-file=\"https:\/\/www.hoymercedes.com.ar\/principal\/wp-content\/uploads\/2012\/10\/Inundaci\u00f3n-Calle29-II.jpg\" class=\"aligncenter size-full wp-image-17397\" title=\"Inundaci\u00f3n-Calle29-II\" src=\"https:\/\/www.hoymercedes.com.ar\/principal\/wp-content\/uploads\/2012\/10\/Inundaci\u00f3n-Calle29-II.jpg\" alt=\"\" width=\"616\" height=\"462\" \/><\/a><\/p>\n<p>El Frente Mercedino para la Victoria hace llegar a la comunidad su preocupaci\u00f3n por los damnificados por la tormenta que estamos viviendo y la situaci\u00f3n que vecinos de nuestra ciudad se encuentran viviendo. Es por ello que ha dispuesto una recolecci\u00f3n de bienes para ser distribuidos solidariamente entre quienes m\u00e1s lo necesiten.<\/p>\n<p>En un comunicado oficial la fuerza pol\u00edtica afirm\u00f3:<\/p>\n<p style=\"padding-left: 30px;\">\u00abComo consecuencia de las fuertes lluvias muchas familias resultaron gravemente afectadas. Por eso se\u00a0estar\u00e1n\u00a0recibiendo frazadas, colchones, ropa, alimentos no perecederos y ZAPATILLAS sobre todo, en nuestro local de calle 25 e\/ 14 y 16 toda esta semana de 17 hs a 20 hs. Con la\u00a0organizaci\u00f3n\u00a0y el compromiso de todos podemos ayudar a quienes mas lo necesitan.\u00bb<\/p>\n<p>De esta forma los mercedinos que deseen colaborar pueden hacerlo en el espacio y horario mencionado.<\/p>\n","protected":false},"excerpt":{"rendered":"<p>El Frente Mercedino para la Victoria hace llegar a la comunidad su preocupaci\u00f3n por los damnificados por la tormenta que &#8230; <a title=\"Frente Mercedino recolecta bienes para damnificados\" class=\"read-more\" href=\"https:\/\/www.hoymercedes.com.ar\/principal\/2012\/10\/30\/frente-mercedino-recolecta-bienes-para-damnificados\/\" aria-label=\"Leer m\u00e1s sobre Frente Mercedino recolecta bienes para damnificados\">Leer m\u00e1s<\/a><\/p>\n","protected":false},"author":1,"featured_media":0,"comment_status":"open","ping_status":"open","sticky":false,"template":"","format":"standard","meta":{"_monsterinsights_skip_tracking":false,"_monsterinsights_sitenote_active":false,"_monsterinsights_sitenote_note":"","_monsterinsights_sitenote_category":0,"jetpack_post_was_ever_published":false,"_jetpack_newsletter_access":"","_jetpack_dont_email_post_to_subs":false,"_jetpack_newsletter_tier_id":0,"_jetpack_memberships_contains_paywalled_content":false,"_jetpack_memberships_contains_paid_content":false,"footnotes":"","jetpack_publicize_message":"","jetpack_publicize_feature_enabled":true,"jetpack_social_post_already_shared":false,"jetpack_social_options":{"image_generator_settings":{"template":"highway","default_image_id":0,"font":"","enabled":false},"version":2},"_wpas_customize_per_network":false},"categories":[5],"tags":[379,2908],"class_list":["post-17395","post","type-post","status-publish","format-standard","hentry","category-politica","tag-frente-mercedino-para-la-victoria","tag-inundaciones","generate-columns","tablet-grid-50","mobile-grid-100","grid-parent","grid-50"],"jetpack_publicize_connections":[],"jetpack_featured_media_url":"","wps_subtitle":"","jetpack_sharing_enabled":true,"_links":{"self":[{"href":"https:\/\/www.hoymercedes.com.ar\/principal\/wp-json\/wp\/v2\/posts\/17395","targetHints":{"allow":["GET"]}}],"collection":[{"href":"https:\/\/www.hoymercedes.com.ar\/principal\/wp-json\/wp\/v2\/posts"}],"about":[{"href":"https:\/\/www.hoymercedes.com.ar\/principal\/wp-json\/wp\/v2\/types\/post"}],"author":[{"embeddable":true,"href":"https:\/\/www.hoymercedes.com.ar\/principal\/wp-json\/wp\/v2\/users\/1"}],"replies":[{"embeddable":true,"href":"https:\/\/www.hoymercedes.com.ar\/principal\/wp-json\/wp\/v2\/comments?post=17395"}],"version-history":[{"count":0,"href":"https:\/\/www.hoymercedes.com.ar\/principal\/wp-json\/wp\/v2\/posts\/17395\/revisions"}],"wp:attachment":[{"href":"https:\/\/www.hoymercedes.com.ar\/principal\/wp-json\/wp\/v2\/media?parent=17395"}],"wp:term":[{"taxonomy":"category","embeddable":true,"href":"https:\/\/www.hoymercedes.com.ar\/principal\/wp-json\/wp\/v2\/categories?post=17395"},{"taxonomy":"post_tag","embeddable":true,"href":"https:\/\/www.hoymercedes.com.ar\/principal\/wp-json\/wp\/v2\/tags?post=17395"}],"curies":[{"name":"wp","href":"https:\/\/api.w.org\/{rel}","templated":true}]}}