{"id":173971,"date":"2024-03-15T17:11:00","date_gmt":"2024-03-15T20:11:00","guid":{"rendered":"https:\/\/www.hoymercedes.com.ar\/principal\/?p=173971"},"modified":"2024-03-15T16:49:19","modified_gmt":"2024-03-15T19:49:19","slug":"preparan-la-fiesta-del-arraigo-en-agote","status":"publish","type":"post","link":"https:\/\/www.hoymercedes.com.ar\/principal\/2024\/03\/15\/preparan-la-fiesta-del-arraigo-en-agote\/","title":{"rendered":"Preparan la Fiesta del Arraigo en Agote"},"content":{"rendered":"\n<p>La comunidad de Agote se encuentra ultimando detalles para el festejo del arraigo de este a\u00f1o. Anunciaron que ser\u00e1 el s\u00e1bado 23 y domingo 24 de marzo. Habr\u00e1 desde carreras de bicicletas antiguas hasta desfile criollo pasando por m\u00fasica en vivo y la degustaci\u00f3n de la cl\u00e1sica buseca agotense que preparan los vecinos<\/p>\n\n\n\n<p><strong>Cronograma<\/strong><\/p>\n\n\n\n<p><strong>S\u00e1bado 23 de marzo<\/strong><br><\/p>\n\n\n\n<ul class=\"wp-block-list\">\n<li>15 hs Apertura de Predio<\/li>\n\n\n\n<li>17 hs Carrera de Bicicletas Antiguas (Vuelta de Agote)<\/li>\n\n\n\n<li>18 30 hs, Zumba con Jony<\/li>\n\n\n\n<li>19 15 hs Actuaci\u00f3n de Cumbia Pica<\/li>\n\n\n\n<li>20 hs Inicio de Fog\u00f3n Demostraci\u00f3n de Malambo Axel Bartolomeo \u201cCompa\u00f1\u00eda Pasi\u00f3n Gaucha\u201d<\/li>\n\n\n\n<li>20 30 hs Buseca Agotense<\/li>\n\n\n\n<li>20 45 hs&nbsp; Actuaci\u00f3n Zoco Larralde, Fog\u00f3n con micr\u00f3fono abierto y artistas invitados<\/li>\n\n\n\n<li>22 hs Actuaci\u00f3n de Tom1&nbsp; (reggaeton y cumbia Rekate)<\/li>\n\n\n\n<li>22 30 hs Actuaci\u00f3n de El Retutu<\/li>\n<\/ul>\n\n\n\n<ul class=\"wp-block-list\">\n<li><strong>Domingo 24 de marzo<\/strong><\/li>\n\n\n\n<li>10 hs Apertura de Predio<\/li>\n\n\n\n<li>11 30 hs Desfile Criollo<\/li>\n\n\n\n<li>13 hs Acto protocolar<\/li>\n\n\n\n<li>13 30 Hs Inicio escenario Ballet Municipal Estrella del Sur<\/li>\n\n\n\n<li>14 hs Apertura Predio Gaucho<\/li>\n\n\n\n<li>14 15 hs Ballet de mi Pueblo<\/li>\n\n\n\n<li>14 30 hs Actuaci\u00f3n de H\u00e9ctor Gomez<\/li>\n\n\n\n<li>15 05 hs Actuaci\u00f3n de Ayec\u00e1n<\/li>\n\n\n\n<li>15 25 hs Herederos de mi tierra<\/li>\n\n\n\n<li>15 40 hs Actuaci\u00f3n de Mart\u00edn Soler<\/li>\n\n\n\n<li>16 15 hs Huellas de Tradici\u00f3n<\/li>\n\n\n\n<li>16 30 hs Actuaci\u00f3n de Los Serenate\u00f1o<\/li>\n\n\n\n<li>17 05 hs Escuela Nuestra Se\u00f1ora de las Mercedes y Taller municipal de Adultos Mayores.<\/li>\n\n\n\n<li>17 30 hs Actuacion Manu Capaccio<\/li>\n\n\n\n<li>18 15 Actuaci\u00f3n Santa Cecilia<\/li>\n\n\n\n<li>18 45 Ballet Almafuerte<\/li>\n\n\n\n<li>19 05 Presentaci\u00f3n Murga Renovando Ilusiones<\/li>\n\n\n\n<li>19 15 Presentaci\u00f3n de Alejandra Garcia<\/li>\n\n\n\n<li>20 hs Actuaci\u00f3n de Angel La Voz<\/li>\n\n\n\n<li>21 hs Cierre&nbsp; a cargo de Jorge Mu\u00f1eco Daniel<\/li>\n\n\n\n<li>Locuci\u00f3n a cargo:<\/li>\n<\/ul>\n\n\n\n<p>Predio Criollo y desfile Carlos Urriza. Animaci\u00f3n Predio criollo Matias Millan. Payador Pocho Garialdi de chacabuco. Animaci\u00f3n general Sergio Miranda\u00a0<\/p>\n\n\n\n<figure class=\"wp-block-image size-large\"><img loading=\"lazy\" decoding=\"async\" width=\"819\" height=\"1024\" data-attachment-id=\"173980\" data-permalink=\"https:\/\/www.hoymercedes.com.ar\/principal\/2024\/03\/15\/preparan-la-fiesta-del-arraigo-en-agote\/432782630_792584966233957_8788331914384031038_n\/#main\" data-orig-file=\"https:\/\/www.hoymercedes.com.ar\/principal\/wp-content\/uploads\/2024\/03\/432782630_792584966233957_8788331914384031038_n.jpg\" data-orig-size=\"1080,1350\" data-comments-opened=\"0\" data-image-meta=\"{&quot;aperture&quot;:&quot;0&quot;,&quot;credit&quot;:&quot;&quot;,&quot;camera&quot;:&quot;&quot;,&quot;caption&quot;:&quot;&quot;,&quot;created_timestamp&quot;:&quot;0&quot;,&quot;copyright&quot;:&quot;&quot;,&quot;focal_length&quot;:&quot;0&quot;,&quot;iso&quot;:&quot;0&quot;,&quot;shutter_speed&quot;:&quot;0&quot;,&quot;title&quot;:&quot;&quot;,&quot;orientation&quot;:&quot;0&quot;}\" data-image-title=\"432782630_792584966233957_8788331914384031038_n\" data-image-description=\"\" data-image-caption=\"\" data-large-file=\"https:\/\/www.hoymercedes.com.ar\/principal\/wp-content\/uploads\/2024\/03\/432782630_792584966233957_8788331914384031038_n-819x1024.jpg\" src=\"https:\/\/www.hoymercedes.com.ar\/principal\/wp-content\/uploads\/2024\/03\/432782630_792584966233957_8788331914384031038_n-819x1024.jpg\" alt=\"\" class=\"wp-image-173980\" srcset=\"https:\/\/www.hoymercedes.com.ar\/principal\/wp-content\/uploads\/2024\/03\/432782630_792584966233957_8788331914384031038_n-819x1024.jpg 819w, https:\/\/www.hoymercedes.com.ar\/principal\/wp-content\/uploads\/2024\/03\/432782630_792584966233957_8788331914384031038_n-496x620.jpg 496w, https:\/\/www.hoymercedes.com.ar\/principal\/wp-content\/uploads\/2024\/03\/432782630_792584966233957_8788331914384031038_n-120x150.jpg 120w, https:\/\/www.hoymercedes.com.ar\/principal\/wp-content\/uploads\/2024\/03\/432782630_792584966233957_8788331914384031038_n.jpg 1080w\" sizes=\"auto, (max-width: 819px) 100vw, 819px\" \/><\/figure>\n","protected":false},"excerpt":{"rendered":"<p>La comunidad de Agote se encuentra ultimando detalles para el festejo del arraigo de este a\u00f1o. Anunciaron que ser\u00e1 el &#8230; <a title=\"Preparan la Fiesta del Arraigo en Agote\" class=\"read-more\" href=\"https:\/\/www.hoymercedes.com.ar\/principal\/2024\/03\/15\/preparan-la-fiesta-del-arraigo-en-agote\/\" aria-label=\"Leer m\u00e1s sobre Preparan la Fiesta del Arraigo en Agote\">Leer m\u00e1s<\/a><\/p>\n","protected":false},"author":1,"featured_media":89975,"comment_status":"closed","ping_status":"open","sticky":false,"template":"","format":"standard","meta":{"_monsterinsights_skip_tracking":false,"_monsterinsights_sitenote_active":false,"_monsterinsights_sitenote_note":"","_monsterinsights_sitenote_category":0,"jetpack_post_was_ever_published":false,"_jetpack_newsletter_access":"","_jetpack_dont_email_post_to_subs":false,"_jetpack_newsletter_tier_id":0,"_jetpack_memberships_contains_paywalled_content":false,"_jetpack_memberships_contains_paid_content":false,"footnotes":"","jetpack_publicize_message":"","jetpack_publicize_feature_enabled":true,"jetpack_social_post_already_shared":true,"jetpack_social_options":{"image_generator_settings":{"template":"highway","default_image_id":0,"font":"","enabled":false},"version":2},"_wpas_customize_per_network":false},"categories":[8],"tags":[],"class_list":["post-173971","post","type-post","status-publish","format-standard","has-post-thumbnail","hentry","category-sociedad","generate-columns","tablet-grid-50","mobile-grid-100","grid-parent","grid-50"],"jetpack_publicize_connections":[],"jetpack_featured_media_url":"https:\/\/www.hoymercedes.com.ar\/principal\/wp-content\/uploads\/2019\/03\/22-arraigo-1.jpg","wps_subtitle":"","jetpack_sharing_enabled":true,"_links":{"self":[{"href":"https:\/\/www.hoymercedes.com.ar\/principal\/wp-json\/wp\/v2\/posts\/173971","targetHints":{"allow":["GET"]}}],"collection":[{"href":"https:\/\/www.hoymercedes.com.ar\/principal\/wp-json\/wp\/v2\/posts"}],"about":[{"href":"https:\/\/www.hoymercedes.com.ar\/principal\/wp-json\/wp\/v2\/types\/post"}],"author":[{"embeddable":true,"href":"https:\/\/www.hoymercedes.com.ar\/principal\/wp-json\/wp\/v2\/users\/1"}],"replies":[{"embeddable":true,"href":"https:\/\/www.hoymercedes.com.ar\/principal\/wp-json\/wp\/v2\/comments?post=173971"}],"version-history":[{"count":0,"href":"https:\/\/www.hoymercedes.com.ar\/principal\/wp-json\/wp\/v2\/posts\/173971\/revisions"}],"wp:featuredmedia":[{"embeddable":true,"href":"https:\/\/www.hoymercedes.com.ar\/principal\/wp-json\/wp\/v2\/media\/89975"}],"wp:attachment":[{"href":"https:\/\/www.hoymercedes.com.ar\/principal\/wp-json\/wp\/v2\/media?parent=173971"}],"wp:term":[{"taxonomy":"category","embeddable":true,"href":"https:\/\/www.hoymercedes.com.ar\/principal\/wp-json\/wp\/v2\/categories?post=173971"},{"taxonomy":"post_tag","embeddable":true,"href":"https:\/\/www.hoymercedes.com.ar\/principal\/wp-json\/wp\/v2\/tags?post=173971"}],"curies":[{"name":"wp","href":"https:\/\/api.w.org\/{rel}","templated":true}]}}