{"id":173974,"date":"2024-03-15T16:16:02","date_gmt":"2024-03-15T19:16:02","guid":{"rendered":"https:\/\/www.hoymercedes.com.ar\/principal\/?p=173974"},"modified":"2024-03-15T16:39:41","modified_gmt":"2024-03-15T19:39:41","slug":"pro-arte-mercedes-inaugura-su-temporada-2024","status":"publish","type":"post","link":"https:\/\/www.hoymercedes.com.ar\/principal\/2024\/03\/15\/pro-arte-mercedes-inaugura-su-temporada-2024\/","title":{"rendered":"Pro Arte Mercedes inaugura su temporada 2024"},"content":{"rendered":"\n<p>Por Susana Spano &#8211; <strong>Pro Arte Mercedes \u2013 Centro de Egresados del Colegio Nacional Florentino Ameghino<\/strong> inaugura su temporada N\u00b0 74,&nbsp; el pr\u00f3ximo 16 de marzo a las 20:00, con un concierto en el que se presenta el <strong>Tr\u00edo de C\u00e1mara<\/strong> integrado por&nbsp; los maestros: por&nbsp; Jos\u00e9 Luis Juri \u2013 piano &#8211;  Pablo Sarav\u00ed \u2013 viol\u00edn \u2013 Cecilia Slamig \u2013 violoncello \u2013 que han denominado: \u201c<strong>Todo Beethoven\u201d<\/strong>.<\/p>\n\n\n\n<figure class=\"wp-block-image size-full\"><img loading=\"lazy\" decoding=\"async\" width=\"800\" height=\"522\" data-attachment-id=\"173976\" data-permalink=\"https:\/\/www.hoymercedes.com.ar\/principal\/2024\/03\/15\/pro-arte-mercedes-inaugura-su-temporada-2024\/img-20240315-wa0017_copy_800x522\/#main\" data-orig-file=\"https:\/\/www.hoymercedes.com.ar\/principal\/wp-content\/uploads\/2024\/03\/IMG-20240315-WA0017_copy_800x522.jpg\" data-orig-size=\"800,522\" data-comments-opened=\"0\" data-image-meta=\"{&quot;aperture&quot;:&quot;0&quot;,&quot;credit&quot;:&quot;&quot;,&quot;camera&quot;:&quot;&quot;,&quot;caption&quot;:&quot;&quot;,&quot;created_timestamp&quot;:&quot;0&quot;,&quot;copyright&quot;:&quot;&quot;,&quot;focal_length&quot;:&quot;0&quot;,&quot;iso&quot;:&quot;0&quot;,&quot;shutter_speed&quot;:&quot;0&quot;,&quot;title&quot;:&quot;&quot;,&quot;orientation&quot;:&quot;0&quot;}\" data-image-title=\"IMG-20240315-WA0017_copy_800x522\" data-image-description=\"\" data-image-caption=\"\" data-large-file=\"https:\/\/www.hoymercedes.com.ar\/principal\/wp-content\/uploads\/2024\/03\/IMG-20240315-WA0017_copy_800x522.jpg\" src=\"https:\/\/www.hoymercedes.com.ar\/principal\/wp-content\/uploads\/2024\/03\/IMG-20240315-WA0017_copy_800x522.jpg\" alt=\"\" class=\"wp-image-173976\" srcset=\"https:\/\/www.hoymercedes.com.ar\/principal\/wp-content\/uploads\/2024\/03\/IMG-20240315-WA0017_copy_800x522.jpg 800w, https:\/\/www.hoymercedes.com.ar\/principal\/wp-content\/uploads\/2024\/03\/IMG-20240315-WA0017_copy_800x522-630x411.jpg 630w, https:\/\/www.hoymercedes.com.ar\/principal\/wp-content\/uploads\/2024\/03\/IMG-20240315-WA0017_copy_800x522-150x98.jpg 150w\" sizes=\"auto, (max-width: 800px) 100vw, 800px\" \/><\/figure>\n\n\n\n<p>El prestigioso conjunto ejecutar\u00e1 obras de c\u00e1mara y, como solista, el maestro <strong>Jos\u00e9 Luis Juri<\/strong> interpretar\u00e1 la sonata&nbsp; para piano N\u00b0 23 en fa menor, Op. 57&nbsp; \u201c<strong>Appassionata\u201d de Beethoven,<\/strong> considerada una de las tres grandes sonatas de su per\u00edodo medio (las otras dos son: <strong>La Sonata<\/strong> <strong>Walstein y&nbsp; Les \u201cAdieux\u201d -Los Adioses -).<\/strong> Fue compuesta en Dobling, un pueblo cercano a Viena y dedicada al <strong>Conde Franz von Brunswick<\/strong><\/p>\n\n\n\n<p><strong>Czerny<\/strong> dec\u00eda que <strong>Beethoven<\/strong> consideraba la \u201c<strong>Appassionata\u201d<\/strong> como su m\u00e1s grande sonata y puede afirmarse que su extraordinaria brillantez, como su dificultad t\u00e9cnica y los sentimientos que la recorren, hacen de esta obra un hito en la producci\u00f3n del compositor.<\/p>\n\n\n\n<p>La<strong> Appassionata y Claro de<\/strong> <strong>Luna <\/strong>se encuentran envueltas en una gran leyenda de amor pero, en rigor, no se conoce con certeza la causa \u00edntima a que obedece su inspiraci\u00f3n.<\/p>\n\n\n\n<p>Lo que con seguridad puede afirmarse es que se evidencia en ella un fuerte combate entre la fatalidad y la voluntad de vencer.<\/p>\n\n\n\n<p>Esta obra singular integra el programa del primer concierto de la temporada 2024 de <strong>Pro Arte<\/strong> <strong>Mercedes<\/strong> que se completa as\u00ed:<\/p>\n\n\n\n<p><strong>Primera Parte<\/strong><br><strong>SONATA Op. 12 N\u00b0 1, en Re mayor, para viol\u00edn y piano\u00a0\u00a0\u00a0\u00a0\u00a0\u00a0<\/strong><br>\u2022 <strong>Allegro con brio<br>\u2022 Tema con variaciones. Andante con moto<br>\u2022 Rond\u00f3. Allegro<\/strong><\/p>\n\n\n\n<p><strong>SONATA Op\u00a0 N\u00b0 57 \u00bb APPASSIONATA \u00ab,<\/strong>\u00a0 para piano<br>\u2022<strong> Allegro assai<\/strong><br><strong>\u2022 Andante con moto<\/strong><br>\u2022 <strong>Allegro ma non troppo<\/strong><\/p>\n\n\n\n<p><strong>SEGUNDA PARTE<\/strong><br><strong>TR\u00cdO Op. N\u00b03, en Do menor<\/strong><br>\u2022<strong> Allegro con brio<\/strong><br><strong>\u2022 Andante cant\u00e1bile con variaciones<\/strong><br><strong>\u2022 Minuetto quasi allegro<\/strong><br><strong>\u2022 Finale- prest\u00edssimo<\/strong><\/p>\n\n\n\n<p>Respecto del <strong>Tr\u00edo Op. N\u00b03, en Do menor<\/strong>, puede decirse que<strong> Beethoven<\/strong>, aunque era conocido como pianista, escribe para cuerdas sin rastro del lenguaje de piano pero con un dominio fluido de los tres instrumentos y al elegir la tonalidad de Do menor, como un \u00e1mbito especial para la expresi\u00f3n de sentimientos intensos, pone de manifiesto la tensi\u00f3n dram\u00e1tica de su futura producci\u00f3n, que tendr\u00e1 su punto culminante en el per\u00edodo medio y&nbsp; concluyente de su obra.<\/p>\n\n\n\n<p>El final del Tr\u00edo est\u00e1 enmarcado en un<strong><em> presto<\/em><\/strong> a\u00fan m\u00e1s r\u00e1pido, lleno de escalas escurridizas y un final caprichoso que constituye un verdadero <strong>\u201ctour de force\u201d <\/strong>para los int\u00e9rpretes.<\/p>\n\n\n\n<p>En una entrevista exclusiva que concedi\u00f3 a <strong>Radio F\u00e9nix \u2013 93.9<\/strong> \u2013 el maestro <strong>Jos\u00e9 Luis Juri<\/strong>,&nbsp; uno de los integrantes del grupo, dio precisiones sobre el programa que desarrollar\u00e1, al tiempo que habl\u00f3 de su exitosa carrera profesional.<\/p>\n\n\n\n<figure class=\"wp-block-embed is-type-video is-provider-youtube wp-block-embed-youtube wp-embed-aspect-4-3 wp-has-aspect-ratio\"><div class=\"wp-block-embed__wrapper\">\n<span class=\"embed-youtube\" style=\"text-align:center; display: block;\"><iframe loading=\"lazy\" class=\"youtube-player\" width=\"1200\" height=\"675\" src=\"https:\/\/www.youtube.com\/embed\/uH_3k_VLogA?version=3&#038;rel=1&#038;showsearch=0&#038;showinfo=1&#038;iv_load_policy=1&#038;fs=1&#038;hl=es-ES&#038;autohide=2&#038;wmode=transparent\" allowfullscreen=\"true\" style=\"border:0;\" sandbox=\"allow-scripts allow-same-origin allow-popups allow-presentation allow-popups-to-escape-sandbox\"><\/iframe><\/span>\n<\/div><\/figure>\n\n\n\n<p>Con renovado entusiasmo y un programa de excelencia <strong>Pro Arte Mercedes<\/strong> invita a la comunidad mercedina a disfrutar de una velada inolvidable, el pr\u00f3ximo s\u00e1bado 16 a partir de las 20:00, en el audit\u00f3rium del <strong>Colegio Nacional, Av. 17&nbsp; N\u00b0 725<\/strong><\/p>\n","protected":false},"excerpt":{"rendered":"<p>Por Susana Spano &#8211; Pro Arte Mercedes \u2013 Centro de Egresados del Colegio Nacional Florentino Ameghino inaugura su temporada N\u00b0 &#8230; <a title=\"Pro Arte Mercedes inaugura su temporada 2024\" class=\"read-more\" href=\"https:\/\/www.hoymercedes.com.ar\/principal\/2024\/03\/15\/pro-arte-mercedes-inaugura-su-temporada-2024\/\" aria-label=\"Leer m\u00e1s sobre Pro Arte Mercedes inaugura su temporada 2024\">Leer m\u00e1s<\/a><\/p>\n","protected":false},"author":1,"featured_media":173976,"comment_status":"closed","ping_status":"open","sticky":false,"template":"","format":"standard","meta":{"_monsterinsights_skip_tracking":false,"_monsterinsights_sitenote_active":false,"_monsterinsights_sitenote_note":"","_monsterinsights_sitenote_category":0,"jetpack_post_was_ever_published":false,"_jetpack_newsletter_access":"","_jetpack_dont_email_post_to_subs":false,"_jetpack_newsletter_tier_id":0,"_jetpack_memberships_contains_paywalled_content":false,"_jetpack_memberships_contains_paid_content":false,"footnotes":"","jetpack_publicize_message":"","jetpack_publicize_feature_enabled":true,"jetpack_social_post_already_shared":true,"jetpack_social_options":{"image_generator_settings":{"template":"highway","default_image_id":0,"font":"","enabled":false},"version":2},"_wpas_customize_per_network":false},"categories":[104],"tags":[7805],"class_list":["post-173974","post","type-post","status-publish","format-standard","has-post-thumbnail","hentry","category-cultura","tag-cultura","generate-columns","tablet-grid-50","mobile-grid-100","grid-parent","grid-50"],"jetpack_publicize_connections":[],"jetpack_featured_media_url":"https:\/\/www.hoymercedes.com.ar\/principal\/wp-content\/uploads\/2024\/03\/IMG-20240315-WA0017_copy_800x522.jpg","wps_subtitle":"","jetpack_sharing_enabled":true,"_links":{"self":[{"href":"https:\/\/www.hoymercedes.com.ar\/principal\/wp-json\/wp\/v2\/posts\/173974","targetHints":{"allow":["GET"]}}],"collection":[{"href":"https:\/\/www.hoymercedes.com.ar\/principal\/wp-json\/wp\/v2\/posts"}],"about":[{"href":"https:\/\/www.hoymercedes.com.ar\/principal\/wp-json\/wp\/v2\/types\/post"}],"author":[{"embeddable":true,"href":"https:\/\/www.hoymercedes.com.ar\/principal\/wp-json\/wp\/v2\/users\/1"}],"replies":[{"embeddable":true,"href":"https:\/\/www.hoymercedes.com.ar\/principal\/wp-json\/wp\/v2\/comments?post=173974"}],"version-history":[{"count":0,"href":"https:\/\/www.hoymercedes.com.ar\/principal\/wp-json\/wp\/v2\/posts\/173974\/revisions"}],"wp:featuredmedia":[{"embeddable":true,"href":"https:\/\/www.hoymercedes.com.ar\/principal\/wp-json\/wp\/v2\/media\/173976"}],"wp:attachment":[{"href":"https:\/\/www.hoymercedes.com.ar\/principal\/wp-json\/wp\/v2\/media?parent=173974"}],"wp:term":[{"taxonomy":"category","embeddable":true,"href":"https:\/\/www.hoymercedes.com.ar\/principal\/wp-json\/wp\/v2\/categories?post=173974"},{"taxonomy":"post_tag","embeddable":true,"href":"https:\/\/www.hoymercedes.com.ar\/principal\/wp-json\/wp\/v2\/tags?post=173974"}],"curies":[{"name":"wp","href":"https:\/\/api.w.org\/{rel}","templated":true}]}}