{"id":173982,"date":"2024-03-15T18:23:00","date_gmt":"2024-03-15T21:23:00","guid":{"rendered":"https:\/\/www.hoymercedes.com.ar\/principal\/?p=173982"},"modified":"2024-03-15T16:54:52","modified_gmt":"2024-03-15T19:54:52","slug":"la-cem-participo-de-la-asamblea-de-feba","status":"publish","type":"post","link":"https:\/\/www.hoymercedes.com.ar\/principal\/2024\/03\/15\/la-cem-participo-de-la-asamblea-de-feba\/","title":{"rendered":"La CEM particip\u00f3 de la Asamblea de FEBA"},"content":{"rendered":"\n<p>La C\u00e1mara Ec\u00f3nomica Mercedina fue parte de asamblea anual de la Federaci\u00f3n Econ\u00f3mica de la provincia (FEBA). Natalia Facciolo, secretaria de la C\u00e1mara, asumi\u00f3 como directora de FEBA por dos a\u00f1os. Ariel Pietrucha, gerente de la entidad local, renov\u00f3 su cargo en el Directorio y como Secretario en Comercio Exterior. <\/p>\n\n\n\n<figure class=\"wp-block-image size-full\"><img loading=\"lazy\" decoding=\"async\" width=\"800\" height=\"533\" data-attachment-id=\"173984\" data-permalink=\"https:\/\/www.hoymercedes.com.ar\/principal\/img-20240315-wa0021_copy_800x533\/\" data-orig-file=\"https:\/\/www.hoymercedes.com.ar\/principal\/wp-content\/uploads\/2024\/03\/IMG-20240315-WA0021_copy_800x533.jpg\" data-orig-size=\"800,533\" data-comments-opened=\"0\" data-image-meta=\"{&quot;aperture&quot;:&quot;0&quot;,&quot;credit&quot;:&quot;&quot;,&quot;camera&quot;:&quot;&quot;,&quot;caption&quot;:&quot;&quot;,&quot;created_timestamp&quot;:&quot;0&quot;,&quot;copyright&quot;:&quot;&quot;,&quot;focal_length&quot;:&quot;0&quot;,&quot;iso&quot;:&quot;0&quot;,&quot;shutter_speed&quot;:&quot;0&quot;,&quot;title&quot;:&quot;&quot;,&quot;orientation&quot;:&quot;0&quot;}\" data-image-title=\"IMG-20240315-WA0021_copy_800x533\" data-image-description=\"\" data-image-caption=\"\" data-large-file=\"https:\/\/www.hoymercedes.com.ar\/principal\/wp-content\/uploads\/2024\/03\/IMG-20240315-WA0021_copy_800x533.jpg\" src=\"https:\/\/www.hoymercedes.com.ar\/principal\/wp-content\/uploads\/2024\/03\/IMG-20240315-WA0021_copy_800x533.jpg\" alt=\"\" class=\"wp-image-173984\" srcset=\"https:\/\/www.hoymercedes.com.ar\/principal\/wp-content\/uploads\/2024\/03\/IMG-20240315-WA0021_copy_800x533.jpg 800w, https:\/\/www.hoymercedes.com.ar\/principal\/wp-content\/uploads\/2024\/03\/IMG-20240315-WA0021_copy_800x533-630x420.jpg 630w, https:\/\/www.hoymercedes.com.ar\/principal\/wp-content\/uploads\/2024\/03\/IMG-20240315-WA0021_copy_800x533-150x100.jpg 150w, https:\/\/www.hoymercedes.com.ar\/principal\/wp-content\/uploads\/2024\/03\/IMG-20240315-WA0021_copy_800x533-700x465.jpg 700w\" sizes=\"auto, (max-width: 800px) 100vw, 800px\" \/><\/figure>\n\n\n\n<p>Hasta las instalaciones del Museo Hist\u00f3rico \u201c17 de octubre\u201d de la localidad de San Vicente se llegaron unos 104 asamble\u00edsta de 66 entidades del territorio bonaerense, que acompa\u00f1aron el proceso eleccionario. En la oportunidad result\u00f3 electa por unanimidad la lista Unidad. <\/p>\n\n\n\n<p>Durante la sesi\u00f3n, Natalia Facciolo, secretaria de la CEM, asumi\u00f3 como directora de FEBA por dos a\u00f1os, mientras que Ariel Pietrucha, el gerente de la entidad local, renov\u00f3 su cargo en el Directorio y como Secretario en Comercio Exterior.<\/p>\n\n\n\n<p>La C\u00e1mara Econ\u00f3mica Mercedina (CEM) fue parte con sus representantes de la asamblea anual de la Federaci\u00f3n Econ\u00f3mica de la provincia de Buenos Aires (FEBA). <\/p>\n\n\n\n<p>En ese marco se aprobaron la Memoria y Balance de ejercicio econ\u00f3mico n\u00famero 70 y el Informe de la Comisi\u00f3n Revisora de Cuentas.<\/p>\n","protected":false},"excerpt":{"rendered":"<p>La C\u00e1mara Ec\u00f3nomica Mercedina fue parte de asamblea anual de la Federaci\u00f3n Econ\u00f3mica de la provincia (FEBA). Natalia Facciolo, secretaria &#8230; <a title=\"La CEM particip\u00f3 de la Asamblea de FEBA\" class=\"read-more\" href=\"https:\/\/www.hoymercedes.com.ar\/principal\/2024\/03\/15\/la-cem-participo-de-la-asamblea-de-feba\/\" aria-label=\"Leer m\u00e1s sobre La CEM particip\u00f3 de la Asamblea de FEBA\">Leer m\u00e1s<\/a><\/p>\n","protected":false},"author":1,"featured_media":173984,"comment_status":"closed","ping_status":"open","sticky":false,"template":"","format":"standard","meta":{"_monsterinsights_skip_tracking":false,"_monsterinsights_sitenote_active":false,"_monsterinsights_sitenote_note":"","_monsterinsights_sitenote_category":0,"jetpack_post_was_ever_published":false,"_jetpack_newsletter_access":"","_jetpack_dont_email_post_to_subs":false,"_jetpack_newsletter_tier_id":0,"_jetpack_memberships_contains_paywalled_content":false,"_jetpack_memberships_contains_paid_content":false,"footnotes":"","jetpack_publicize_message":"","jetpack_publicize_feature_enabled":true,"jetpack_social_post_already_shared":true,"jetpack_social_options":{"image_generator_settings":{"template":"highway","default_image_id":0,"font":"","enabled":false},"version":2},"_wpas_customize_per_network":false},"categories":[8],"tags":[],"class_list":["post-173982","post","type-post","status-publish","format-standard","has-post-thumbnail","hentry","category-sociedad","generate-columns","tablet-grid-50","mobile-grid-100","grid-parent","grid-50"],"jetpack_publicize_connections":[],"jetpack_featured_media_url":"https:\/\/www.hoymercedes.com.ar\/principal\/wp-content\/uploads\/2024\/03\/IMG-20240315-WA0021_copy_800x533.jpg","wps_subtitle":"","jetpack_sharing_enabled":true,"_links":{"self":[{"href":"https:\/\/www.hoymercedes.com.ar\/principal\/wp-json\/wp\/v2\/posts\/173982","targetHints":{"allow":["GET"]}}],"collection":[{"href":"https:\/\/www.hoymercedes.com.ar\/principal\/wp-json\/wp\/v2\/posts"}],"about":[{"href":"https:\/\/www.hoymercedes.com.ar\/principal\/wp-json\/wp\/v2\/types\/post"}],"author":[{"embeddable":true,"href":"https:\/\/www.hoymercedes.com.ar\/principal\/wp-json\/wp\/v2\/users\/1"}],"replies":[{"embeddable":true,"href":"https:\/\/www.hoymercedes.com.ar\/principal\/wp-json\/wp\/v2\/comments?post=173982"}],"version-history":[{"count":0,"href":"https:\/\/www.hoymercedes.com.ar\/principal\/wp-json\/wp\/v2\/posts\/173982\/revisions"}],"wp:featuredmedia":[{"embeddable":true,"href":"https:\/\/www.hoymercedes.com.ar\/principal\/wp-json\/wp\/v2\/media\/173984"}],"wp:attachment":[{"href":"https:\/\/www.hoymercedes.com.ar\/principal\/wp-json\/wp\/v2\/media?parent=173982"}],"wp:term":[{"taxonomy":"category","embeddable":true,"href":"https:\/\/www.hoymercedes.com.ar\/principal\/wp-json\/wp\/v2\/categories?post=173982"},{"taxonomy":"post_tag","embeddable":true,"href":"https:\/\/www.hoymercedes.com.ar\/principal\/wp-json\/wp\/v2\/tags?post=173982"}],"curies":[{"name":"wp","href":"https:\/\/api.w.org\/{rel}","templated":true}]}}