{"id":174044,"date":"2024-03-16T18:18:31","date_gmt":"2024-03-16T21:18:31","guid":{"rendered":"https:\/\/www.hoymercedes.com.ar\/principal\/?p=174044"},"modified":"2024-03-16T18:18:32","modified_gmt":"2024-03-16T21:18:32","slug":"justicia-mercedina-investiga-contrabando-en-chivilcoy","status":"publish","type":"post","link":"https:\/\/www.hoymercedes.com.ar\/principal\/2024\/03\/16\/justicia-mercedina-investiga-contrabando-en-chivilcoy\/","title":{"rendered":"Justicia Mercedina investiga contrabando en Chivilcoy"},"content":{"rendered":"\n<p>Hubo allanamiento en el Parque Industrial de la ciudad de Chivilcoy por orden la <strong>Secretar\u00eda Penal N\u00b0 4 del Juzgado Federal de Primera Instancia de Mercedes.<\/strong> El objetivo era detectar la venta ilegal de neum\u00e1ticos.<\/p>\n\n\n\n<p>En el operativo habr\u00edan encontrado unos 6000 neum\u00e1ticos no declarados estimando su valor entre 2.5 y 4 millones de d\u00f3lares dado que hay de diversos rodados y su costo var\u00eda.<\/p>\n\n\n\n<p>La Polic\u00eda Federal faj\u00f3 el lugar. En el sitio apareci\u00f3 uno de los due\u00f1os qui\u00e9n habr\u00eda declarado tener otros dos socios.<\/p>\n\n\n\n<figure class=\"wp-block-image size-full is-resized\"><img loading=\"lazy\" decoding=\"async\" width=\"899\" height=\"1014\" data-attachment-id=\"174045\" data-permalink=\"https:\/\/www.hoymercedes.com.ar\/principal\/2024\/03\/16\/justicia-mercedina-investiga-contrabando-en-chivilcoy\/allanamientos-neumaticos\/#main\" data-orig-file=\"https:\/\/www.hoymercedes.com.ar\/principal\/wp-content\/uploads\/2024\/03\/Allanamientos-Neumaticos.webp\" data-orig-size=\"899,1014\" data-comments-opened=\"0\" data-image-meta=\"{&quot;aperture&quot;:&quot;0&quot;,&quot;credit&quot;:&quot;&quot;,&quot;camera&quot;:&quot;&quot;,&quot;caption&quot;:&quot;&quot;,&quot;created_timestamp&quot;:&quot;0&quot;,&quot;copyright&quot;:&quot;&quot;,&quot;focal_length&quot;:&quot;0&quot;,&quot;iso&quot;:&quot;0&quot;,&quot;shutter_speed&quot;:&quot;0&quot;,&quot;title&quot;:&quot;&quot;,&quot;orientation&quot;:&quot;0&quot;}\" data-image-title=\"Justicia Mercedina investiga contrabando en Chivilcoy\" data-image-description=\"&lt;p&gt;Justicia Mercedina investiga contrabando en Chivilcoy&lt;\/p&gt;\n\" data-image-caption=\"&lt;p&gt;Justicia Mercedina investiga contrabando en Chivilcoy&lt;\/p&gt;\n\" data-large-file=\"https:\/\/www.hoymercedes.com.ar\/principal\/wp-content\/uploads\/2024\/03\/Allanamientos-Neumaticos.webp\" src=\"https:\/\/www.hoymercedes.com.ar\/principal\/wp-content\/uploads\/2024\/03\/Allanamientos-Neumaticos.webp\" alt=\"\" class=\"wp-image-174045\" style=\"width:960px;height:auto\" srcset=\"https:\/\/www.hoymercedes.com.ar\/principal\/wp-content\/uploads\/2024\/03\/Allanamientos-Neumaticos.webp 899w, https:\/\/www.hoymercedes.com.ar\/principal\/wp-content\/uploads\/2024\/03\/Allanamientos-Neumaticos-550x620.webp 550w, https:\/\/www.hoymercedes.com.ar\/principal\/wp-content\/uploads\/2024\/03\/Allanamientos-Neumaticos-133x150.webp 133w\" sizes=\"auto, (max-width: 899px) 100vw, 899px\" \/><\/figure>\n\n\n\n<p>La mercader\u00eda queda secuestrada hasta que logren acreditar la compra legal. En otras dos locaciones de Chivilcoy tambi\u00e9n hubo allanamientos, pero all\u00ed habr\u00edan lograron demostrar la procedencia de los neum\u00e1ticos.<\/p>\n\n\n\n<p>Se desconoce de donde surge la investigaci\u00f3n que los llev\u00f3 hasta tales locaciones y b\u00fasquedas.<\/p>\n\n\n\n<p>Fotos: LaRaz\u00f3n<\/p>\n","protected":false},"excerpt":{"rendered":"<p>Hubo allanamiento en el Parque Industrial de la ciudad de Chivilcoy por orden la Secretar\u00eda Penal N\u00b0 4 del Juzgado &#8230; <a title=\"Justicia Mercedina investiga contrabando en Chivilcoy\" class=\"read-more\" href=\"https:\/\/www.hoymercedes.com.ar\/principal\/2024\/03\/16\/justicia-mercedina-investiga-contrabando-en-chivilcoy\/\" aria-label=\"Leer m\u00e1s sobre Justicia Mercedina investiga contrabando en Chivilcoy\">Leer m\u00e1s<\/a><\/p>\n","protected":false},"author":1,"featured_media":174045,"comment_status":"closed","ping_status":"open","sticky":false,"template":"","format":"standard","meta":{"_monsterinsights_skip_tracking":false,"_monsterinsights_sitenote_active":false,"_monsterinsights_sitenote_note":"","_monsterinsights_sitenote_category":0,"jetpack_post_was_ever_published":false,"_jetpack_newsletter_access":"","_jetpack_dont_email_post_to_subs":false,"_jetpack_newsletter_tier_id":0,"_jetpack_memberships_contains_paywalled_content":false,"_jetpack_memberships_contains_paid_content":false,"footnotes":"","jetpack_publicize_message":"","jetpack_publicize_feature_enabled":true,"jetpack_social_post_already_shared":true,"jetpack_social_options":{"image_generator_settings":{"template":"highway","default_image_id":0,"font":"","enabled":false},"version":2},"_wpas_customize_per_network":false},"categories":[85],"tags":[7125,62,19305,19110],"class_list":["post-174044","post","type-post","status-publish","format-standard","has-post-thumbnail","hentry","category-policial","tag-allanamientos","tag-chivilcoy","tag-contrabando-de-naumaticos","tag-justicia-federal-mercedes","generate-columns","tablet-grid-50","mobile-grid-100","grid-parent","grid-50"],"jetpack_publicize_connections":[],"jetpack_featured_media_url":"https:\/\/www.hoymercedes.com.ar\/principal\/wp-content\/uploads\/2024\/03\/Allanamientos-Neumaticos.webp","wps_subtitle":"","jetpack_sharing_enabled":true,"_links":{"self":[{"href":"https:\/\/www.hoymercedes.com.ar\/principal\/wp-json\/wp\/v2\/posts\/174044","targetHints":{"allow":["GET"]}}],"collection":[{"href":"https:\/\/www.hoymercedes.com.ar\/principal\/wp-json\/wp\/v2\/posts"}],"about":[{"href":"https:\/\/www.hoymercedes.com.ar\/principal\/wp-json\/wp\/v2\/types\/post"}],"author":[{"embeddable":true,"href":"https:\/\/www.hoymercedes.com.ar\/principal\/wp-json\/wp\/v2\/users\/1"}],"replies":[{"embeddable":true,"href":"https:\/\/www.hoymercedes.com.ar\/principal\/wp-json\/wp\/v2\/comments?post=174044"}],"version-history":[{"count":0,"href":"https:\/\/www.hoymercedes.com.ar\/principal\/wp-json\/wp\/v2\/posts\/174044\/revisions"}],"wp:featuredmedia":[{"embeddable":true,"href":"https:\/\/www.hoymercedes.com.ar\/principal\/wp-json\/wp\/v2\/media\/174045"}],"wp:attachment":[{"href":"https:\/\/www.hoymercedes.com.ar\/principal\/wp-json\/wp\/v2\/media?parent=174044"}],"wp:term":[{"taxonomy":"category","embeddable":true,"href":"https:\/\/www.hoymercedes.com.ar\/principal\/wp-json\/wp\/v2\/categories?post=174044"},{"taxonomy":"post_tag","embeddable":true,"href":"https:\/\/www.hoymercedes.com.ar\/principal\/wp-json\/wp\/v2\/tags?post=174044"}],"curies":[{"name":"wp","href":"https:\/\/api.w.org\/{rel}","templated":true}]}}