{"id":174057,"date":"2024-03-17T19:50:00","date_gmt":"2024-03-17T22:50:00","guid":{"rendered":"https:\/\/www.hoymercedes.com.ar\/principal\/?p=174057"},"modified":"2024-03-17T21:00:02","modified_gmt":"2024-03-18T00:00:02","slug":"arranca-la-carrera-de-corredor-y-martillero-publico","status":"publish","type":"post","link":"https:\/\/www.hoymercedes.com.ar\/principal\/2024\/03\/17\/arranca-la-carrera-de-corredor-y-martillero-publico\/","title":{"rendered":"Arranca la carrera de Corredor y Martillero P\u00fablico"},"content":{"rendered":"\n<p>La pr\u00f3xima semana arranca la carrera de Corredor de Comercio y Martillero P\u00fablico en el Centro Universitario Regional Mercedes en una articulaci\u00f3n entre el Municipio de Mercedes, el Colegio de Martilleros y la Universidad Nacional de Lomas de Zamora. Tiene un t\u00edtulo de validez nacional con una duraci\u00f3n de dos a\u00f1os y medio. Se cursa \u00edntegramente en nuestra Sede universitaria.<\/p>\n\n\n<div class=\"wp-block-image\">\n<figure class=\"aligncenter size-full\"><img loading=\"lazy\" decoding=\"async\" width=\"800\" height=\"533\" data-attachment-id=\"174058\" data-permalink=\"https:\/\/www.hoymercedes.com.ar\/principal\/2024\/03\/17\/arranca-la-carrera-de-corredor-y-martillero-publico\/attachment\/250\/#main\" data-orig-file=\"https:\/\/www.hoymercedes.com.ar\/principal\/wp-content\/uploads\/2024\/03\/250.jpg\" data-orig-size=\"800,533\" data-comments-opened=\"0\" data-image-meta=\"{&quot;aperture&quot;:&quot;0&quot;,&quot;credit&quot;:&quot;&quot;,&quot;camera&quot;:&quot;&quot;,&quot;caption&quot;:&quot;&quot;,&quot;created_timestamp&quot;:&quot;0&quot;,&quot;copyright&quot;:&quot;&quot;,&quot;focal_length&quot;:&quot;0&quot;,&quot;iso&quot;:&quot;0&quot;,&quot;shutter_speed&quot;:&quot;0&quot;,&quot;title&quot;:&quot;&quot;,&quot;orientation&quot;:&quot;0&quot;}\" data-image-title=\"250\" data-image-description=\"\" data-image-caption=\"\" data-large-file=\"https:\/\/www.hoymercedes.com.ar\/principal\/wp-content\/uploads\/2024\/03\/250.jpg\" src=\"https:\/\/www.hoymercedes.com.ar\/principal\/wp-content\/uploads\/2024\/03\/250.jpg\" alt=\"\" class=\"wp-image-174058\" srcset=\"https:\/\/www.hoymercedes.com.ar\/principal\/wp-content\/uploads\/2024\/03\/250.jpg 800w, https:\/\/www.hoymercedes.com.ar\/principal\/wp-content\/uploads\/2024\/03\/250-630x420.jpg 630w, https:\/\/www.hoymercedes.com.ar\/principal\/wp-content\/uploads\/2024\/03\/250-150x100.jpg 150w, https:\/\/www.hoymercedes.com.ar\/principal\/wp-content\/uploads\/2024\/03\/250-700x465.jpg 700w\" sizes=\"auto, (max-width: 800px) 100vw, 800px\" \/><\/figure>\n<\/div>\n\n\n<p>El presidente del Colegio de Martilleros, Luis Colao dijo \u201carrancamos otro a\u00f1o m\u00e1s que podemos iniciar la carrera, algo que para nosotros es important\u00edsimo, en un trabajo en conjunto con el Municipio de Mercedes\u201d y apunt\u00f3 \u201chace ya cerca de 10 a\u00f1os que tenemos la carrera en nuestra ciudad\u201d.<\/p>\n\n\n\n<p>En este sentido, el Presidente del Colegio de Martilleros local se\u00f1al\u00f3 \u201cesta es una carrera que ya lleva 10 a\u00f1os en la ciudad, y que durante mucho tiempo ha sido la \u00fanica que ha estado completa, donde inicias y terminas, siendo profesionales universitarios que se reciben en nuestra ciudad\u201d e inform\u00f3 \u201cesta carrera dura dos a\u00f1os y medio, casi tres, y se cursa los viernes por la tarde y s\u00e1bado todo el d\u00eda, horarios interesantes para la gente que trabaja\u201d<\/p>\n\n\n\n<p>\u201cTiene un t\u00edtulo de validez nacional con una duraci\u00f3n de dos a\u00f1os y medio. La misma, si bien es arancelada, es una ventaja poder cursarla en el Centro Universitario Regional de nuestra ciudad, ya que no hay que viajar y eso reduce los costos del o la estudiante, como as\u00ed tambi\u00e9n, maximiza los tiempos\u201d destac\u00f3.<\/p>\n\n\n\n<p>Fuente: Prensa Municipal<\/p>\n","protected":false},"excerpt":{"rendered":"<p>La pr\u00f3xima semana arranca la carrera de Corredor de Comercio y Martillero P\u00fablico en el Centro Universitario Regional Mercedes en &#8230; <a title=\"Arranca la carrera de Corredor y Martillero P\u00fablico\" class=\"read-more\" href=\"https:\/\/www.hoymercedes.com.ar\/principal\/2024\/03\/17\/arranca-la-carrera-de-corredor-y-martillero-publico\/\" aria-label=\"Leer m\u00e1s sobre Arranca la carrera de Corredor y Martillero P\u00fablico\">Leer m\u00e1s<\/a><\/p>\n","protected":false},"author":1,"featured_media":174058,"comment_status":"closed","ping_status":"open","sticky":false,"template":"","format":"standard","meta":{"_monsterinsights_skip_tracking":false,"_monsterinsights_sitenote_active":false,"_monsterinsights_sitenote_note":"","_monsterinsights_sitenote_category":0,"jetpack_post_was_ever_published":false,"_jetpack_newsletter_access":"","_jetpack_dont_email_post_to_subs":false,"_jetpack_newsletter_tier_id":0,"_jetpack_memberships_contains_paywalled_content":false,"_jetpack_memberships_contains_paid_content":false,"footnotes":"","jetpack_publicize_message":"","jetpack_publicize_feature_enabled":true,"jetpack_social_post_already_shared":true,"jetpack_social_options":{"image_generator_settings":{"template":"highway","default_image_id":0,"font":"","enabled":false},"version":2},"_wpas_customize_per_network":false},"categories":[8],"tags":[],"class_list":["post-174057","post","type-post","status-publish","format-standard","has-post-thumbnail","hentry","category-sociedad","generate-columns","tablet-grid-50","mobile-grid-100","grid-parent","grid-50"],"jetpack_publicize_connections":[],"jetpack_featured_media_url":"https:\/\/www.hoymercedes.com.ar\/principal\/wp-content\/uploads\/2024\/03\/250.jpg","wps_subtitle":"","jetpack_sharing_enabled":true,"_links":{"self":[{"href":"https:\/\/www.hoymercedes.com.ar\/principal\/wp-json\/wp\/v2\/posts\/174057","targetHints":{"allow":["GET"]}}],"collection":[{"href":"https:\/\/www.hoymercedes.com.ar\/principal\/wp-json\/wp\/v2\/posts"}],"about":[{"href":"https:\/\/www.hoymercedes.com.ar\/principal\/wp-json\/wp\/v2\/types\/post"}],"author":[{"embeddable":true,"href":"https:\/\/www.hoymercedes.com.ar\/principal\/wp-json\/wp\/v2\/users\/1"}],"replies":[{"embeddable":true,"href":"https:\/\/www.hoymercedes.com.ar\/principal\/wp-json\/wp\/v2\/comments?post=174057"}],"version-history":[{"count":0,"href":"https:\/\/www.hoymercedes.com.ar\/principal\/wp-json\/wp\/v2\/posts\/174057\/revisions"}],"wp:featuredmedia":[{"embeddable":true,"href":"https:\/\/www.hoymercedes.com.ar\/principal\/wp-json\/wp\/v2\/media\/174058"}],"wp:attachment":[{"href":"https:\/\/www.hoymercedes.com.ar\/principal\/wp-json\/wp\/v2\/media?parent=174057"}],"wp:term":[{"taxonomy":"category","embeddable":true,"href":"https:\/\/www.hoymercedes.com.ar\/principal\/wp-json\/wp\/v2\/categories?post=174057"},{"taxonomy":"post_tag","embeddable":true,"href":"https:\/\/www.hoymercedes.com.ar\/principal\/wp-json\/wp\/v2\/tags?post=174057"}],"curies":[{"name":"wp","href":"https:\/\/api.w.org\/{rel}","templated":true}]}}