{"id":174129,"date":"2024-03-19T20:51:15","date_gmt":"2024-03-19T23:51:15","guid":{"rendered":"https:\/\/www.hoymercedes.com.ar\/principal\/?p=174129"},"modified":"2024-03-19T20:51:17","modified_gmt":"2024-03-19T23:51:17","slug":"siguen-las-caidas-de-ventas-en-alimentos-e-insumos-basicos-por-los-aumentos-descontrolados","status":"publish","type":"post","link":"https:\/\/www.hoymercedes.com.ar\/principal\/2024\/03\/19\/siguen-las-caidas-de-ventas-en-alimentos-e-insumos-basicos-por-los-aumentos-descontrolados\/","title":{"rendered":"Siguen las ca\u00eddas de ventas en alimentos e insumos b\u00e1sicos por los aumentos descontrolados"},"content":{"rendered":"\n<p>Mercedes est\u00e1 sintiendo el impacto. Cada vez m\u00e1s los comercios tienen m\u00e1s g\u00f3ndolas con promociones y ca\u00edda de ventas. Por la liberaci\u00f3n total de los precios del gobierno de Milei y Juntos las familias compran cada vez menos y m\u00e1s seguido por la imposibilidad de acumular alimentos por los altos valores que tienen. En los supermercados otra vez volvieron a caer las ventas. Ahora es otro 8% dando cuenta de los golpes constantes en el bolsillo.<\/p>\n\n\n\n<p>En los \u00faltimos 100 d\u00edas no para de caer el consumo en todos los rubros, pero lo m\u00e1s preocupante es en alimentos.<\/p>\n\n\n\n<p>\u201cLos supermercados tuvieron en febrero una ca\u00edda de sus ventas en unidades que rond\u00f3 el 8,3% en comparaci\u00f3n con el mismo mes del a\u00f1o pasado. La semana que va del 4 al 10 de marzo mostr\u00f3 un retroceso del 9% interanual\u201d expuso Infobae.<\/p>\n\n\n\n<p>La preocupaci\u00f3n es grande, entre comerciantes y familias.<\/p>\n","protected":false},"excerpt":{"rendered":"<p>Mercedes est\u00e1 sintiendo el impacto. Cada vez m\u00e1s los comercios tienen m\u00e1s g\u00f3ndolas con promociones y ca\u00edda de ventas. Por &#8230; <a title=\"Siguen las ca\u00eddas de ventas en alimentos e insumos b\u00e1sicos por los aumentos descontrolados\" class=\"read-more\" href=\"https:\/\/www.hoymercedes.com.ar\/principal\/2024\/03\/19\/siguen-las-caidas-de-ventas-en-alimentos-e-insumos-basicos-por-los-aumentos-descontrolados\/\" aria-label=\"Leer m\u00e1s sobre Siguen las ca\u00eddas de ventas en alimentos e insumos b\u00e1sicos por los aumentos descontrolados\">Leer m\u00e1s<\/a><\/p>\n","protected":false},"author":1,"featured_media":174130,"comment_status":"closed","ping_status":"open","sticky":false,"template":"","format":"standard","meta":{"_monsterinsights_skip_tracking":false,"_monsterinsights_sitenote_active":false,"_monsterinsights_sitenote_note":"","_monsterinsights_sitenote_category":0,"jetpack_post_was_ever_published":false,"_jetpack_newsletter_access":"","_jetpack_dont_email_post_to_subs":false,"_jetpack_newsletter_tier_id":0,"_jetpack_memberships_contains_paywalled_content":false,"_jetpack_memberships_contains_paid_content":false,"footnotes":"","jetpack_publicize_message":"","jetpack_publicize_feature_enabled":true,"jetpack_social_post_already_shared":true,"jetpack_social_options":{"image_generator_settings":{"template":"highway","default_image_id":0,"font":"","enabled":false},"version":2},"_wpas_customize_per_network":false},"categories":[8],"tags":[19242,19318,19317],"class_list":["post-174129","post","type-post","status-publish","format-standard","has-post-thumbnail","hentry","category-sociedad","tag-caida-del-consumo","tag-recesion","tag-ventas-caen-en-supermercados","generate-columns","tablet-grid-50","mobile-grid-100","grid-parent","grid-50"],"jetpack_publicize_connections":[],"jetpack_featured_media_url":"https:\/\/www.hoymercedes.com.ar\/principal\/wp-content\/uploads\/2024\/03\/supermercados.jpg","wps_subtitle":"Caen las ventas","jetpack_sharing_enabled":true,"_links":{"self":[{"href":"https:\/\/www.hoymercedes.com.ar\/principal\/wp-json\/wp\/v2\/posts\/174129","targetHints":{"allow":["GET"]}}],"collection":[{"href":"https:\/\/www.hoymercedes.com.ar\/principal\/wp-json\/wp\/v2\/posts"}],"about":[{"href":"https:\/\/www.hoymercedes.com.ar\/principal\/wp-json\/wp\/v2\/types\/post"}],"author":[{"embeddable":true,"href":"https:\/\/www.hoymercedes.com.ar\/principal\/wp-json\/wp\/v2\/users\/1"}],"replies":[{"embeddable":true,"href":"https:\/\/www.hoymercedes.com.ar\/principal\/wp-json\/wp\/v2\/comments?post=174129"}],"version-history":[{"count":0,"href":"https:\/\/www.hoymercedes.com.ar\/principal\/wp-json\/wp\/v2\/posts\/174129\/revisions"}],"wp:featuredmedia":[{"embeddable":true,"href":"https:\/\/www.hoymercedes.com.ar\/principal\/wp-json\/wp\/v2\/media\/174130"}],"wp:attachment":[{"href":"https:\/\/www.hoymercedes.com.ar\/principal\/wp-json\/wp\/v2\/media?parent=174129"}],"wp:term":[{"taxonomy":"category","embeddable":true,"href":"https:\/\/www.hoymercedes.com.ar\/principal\/wp-json\/wp\/v2\/categories?post=174129"},{"taxonomy":"post_tag","embeddable":true,"href":"https:\/\/www.hoymercedes.com.ar\/principal\/wp-json\/wp\/v2\/tags?post=174129"}],"curies":[{"name":"wp","href":"https:\/\/api.w.org\/{rel}","templated":true}]}}