{"id":17415,"date":"2012-10-30T20:32:35","date_gmt":"2012-10-30T20:32:35","guid":{"rendered":"http:\/\/www.hoymercedes.com.ar\/principal\/?p=17415"},"modified":"2012-10-30T20:37:28","modified_gmt":"2012-10-30T20:37:28","slug":"agrupacion-17-de-octubre-recolecta-bienes-para-damnificados","status":"publish","type":"post","link":"https:\/\/www.hoymercedes.com.ar\/principal\/2012\/10\/30\/agrupacion-17-de-octubre-recolecta-bienes-para-damnificados\/","title":{"rendered":"Agrupaci\u00f3n 17 de Octubre recolecta bienes para damnificados"},"content":{"rendered":"<p>Desde el espacio pol\u00edtico de la Agrupaci\u00f3n 17 de Octubre est\u00e1n recolectando y trabajando con diversos bienes en relaci\u00f3n a los damnificados por la \u00faltima inundaci\u00f3n que estamos viviendo por estos d\u00edas.<\/p>\n<p>Quienes deseen aportar algo o necesiten alg\u00fan tipo de ayudo o conocen qui\u00e9n la requiera pueden acercarse a la sede de la Agrupaci\u00f3n en calle 29 entre 20 y 22 desde las 17.00hs.<\/p>\n<p>Desde la agrupaci\u00f3n sostienen que se necesita todo lo que se pueda aportar y en las \u00faltimas horas hac\u00edan referencia elementos secos, naturalmente, pero tambi\u00e9n a velas para las familias que se quedan en sus viviendas con agua protegiendo sus bienes.<\/p>\n","protected":false},"excerpt":{"rendered":"<p>Desde el espacio pol\u00edtico de la Agrupaci\u00f3n 17 de Octubre est\u00e1n recolectando y trabajando con diversos bienes en relaci\u00f3n a &#8230; <a title=\"Agrupaci\u00f3n 17 de Octubre recolecta bienes para damnificados\" class=\"read-more\" href=\"https:\/\/www.hoymercedes.com.ar\/principal\/2012\/10\/30\/agrupacion-17-de-octubre-recolecta-bienes-para-damnificados\/\" aria-label=\"Leer m\u00e1s sobre Agrupaci\u00f3n 17 de Octubre recolecta bienes para damnificados\">Leer m\u00e1s<\/a><\/p>\n","protected":false},"author":1,"featured_media":0,"comment_status":"open","ping_status":"open","sticky":false,"template":"","format":"standard","meta":{"_monsterinsights_skip_tracking":false,"_monsterinsights_sitenote_active":false,"_monsterinsights_sitenote_note":"","_monsterinsights_sitenote_category":0,"jetpack_post_was_ever_published":false,"_jetpack_newsletter_access":"","_jetpack_dont_email_post_to_subs":false,"_jetpack_newsletter_tier_id":0,"_jetpack_memberships_contains_paywalled_content":false,"_jetpack_memberships_contains_paid_content":false,"footnotes":"","jetpack_publicize_message":"","jetpack_publicize_feature_enabled":true,"jetpack_social_post_already_shared":false,"jetpack_social_options":{"image_generator_settings":{"template":"highway","default_image_id":0,"font":"","enabled":false},"version":2},"_wpas_customize_per_network":false},"categories":[5],"tags":[552,2651],"class_list":["post-17415","post","type-post","status-publish","format-standard","hentry","category-politica","tag-agrupacion-17-de-octubre","tag-inundacion-mercedes","generate-columns","tablet-grid-50","mobile-grid-100","grid-parent","grid-50"],"jetpack_publicize_connections":[],"jetpack_featured_media_url":"","wps_subtitle":"","jetpack_sharing_enabled":true,"_links":{"self":[{"href":"https:\/\/www.hoymercedes.com.ar\/principal\/wp-json\/wp\/v2\/posts\/17415","targetHints":{"allow":["GET"]}}],"collection":[{"href":"https:\/\/www.hoymercedes.com.ar\/principal\/wp-json\/wp\/v2\/posts"}],"about":[{"href":"https:\/\/www.hoymercedes.com.ar\/principal\/wp-json\/wp\/v2\/types\/post"}],"author":[{"embeddable":true,"href":"https:\/\/www.hoymercedes.com.ar\/principal\/wp-json\/wp\/v2\/users\/1"}],"replies":[{"embeddable":true,"href":"https:\/\/www.hoymercedes.com.ar\/principal\/wp-json\/wp\/v2\/comments?post=17415"}],"version-history":[{"count":0,"href":"https:\/\/www.hoymercedes.com.ar\/principal\/wp-json\/wp\/v2\/posts\/17415\/revisions"}],"wp:attachment":[{"href":"https:\/\/www.hoymercedes.com.ar\/principal\/wp-json\/wp\/v2\/media?parent=17415"}],"wp:term":[{"taxonomy":"category","embeddable":true,"href":"https:\/\/www.hoymercedes.com.ar\/principal\/wp-json\/wp\/v2\/categories?post=17415"},{"taxonomy":"post_tag","embeddable":true,"href":"https:\/\/www.hoymercedes.com.ar\/principal\/wp-json\/wp\/v2\/tags?post=17415"}],"curies":[{"name":"wp","href":"https:\/\/api.w.org\/{rel}","templated":true}]}}