{"id":174190,"date":"2024-03-22T08:00:00","date_gmt":"2024-03-22T11:00:00","guid":{"rendered":"https:\/\/www.hoymercedes.com.ar\/principal\/?p=174190"},"modified":"2024-03-21T20:58:43","modified_gmt":"2024-03-21T23:58:43","slug":"invitan-al-acto-por-el-aniversario-del-ultimo-golpe-civico-militar","status":"publish","type":"post","link":"https:\/\/www.hoymercedes.com.ar\/principal\/2024\/03\/22\/invitan-al-acto-por-el-aniversario-del-ultimo-golpe-civico-militar\/","title":{"rendered":"Invitan al acto por el aniversario del \u00faltimo Golpe C\u00edvico Militar"},"content":{"rendered":"\n<figure class=\"wp-block-image size-full\"><img loading=\"lazy\" decoding=\"async\" width=\"1000\" height=\"957\" data-attachment-id=\"174191\" data-permalink=\"https:\/\/www.hoymercedes.com.ar\/principal\/2024\/03\/22\/invitan-al-acto-por-el-aniversario-del-ultimo-golpe-civico-militar\/invitacion-2-3\/#main\" data-orig-file=\"https:\/\/www.hoymercedes.com.ar\/principal\/wp-content\/uploads\/2024\/03\/invitacion-2.3.jpg\" data-orig-size=\"1000,957\" data-comments-opened=\"0\" data-image-meta=\"{&quot;aperture&quot;:&quot;0&quot;,&quot;credit&quot;:&quot;&quot;,&quot;camera&quot;:&quot;&quot;,&quot;caption&quot;:&quot;&quot;,&quot;created_timestamp&quot;:&quot;0&quot;,&quot;copyright&quot;:&quot;&quot;,&quot;focal_length&quot;:&quot;0&quot;,&quot;iso&quot;:&quot;0&quot;,&quot;shutter_speed&quot;:&quot;0&quot;,&quot;title&quot;:&quot;&quot;,&quot;orientation&quot;:&quot;0&quot;}\" data-image-title=\"Invitan al acto por el aniversario del \u00faltimo Golpe C\u00edvico Militar\" data-image-description=\"&lt;p&gt;Invitan al acto por el aniversario del \u00faltimo Golpe C\u00edvico Militar&lt;\/p&gt;\n\" data-image-caption=\"&lt;p&gt;Invitan al acto por el aniversario del \u00faltimo Golpe C\u00edvico Militar&lt;\/p&gt;\n\" data-large-file=\"https:\/\/www.hoymercedes.com.ar\/principal\/wp-content\/uploads\/2024\/03\/invitacion-2.3.jpg\" src=\"https:\/\/www.hoymercedes.com.ar\/principal\/wp-content\/uploads\/2024\/03\/invitacion-2.3.jpg\" alt=\"\" class=\"wp-image-174191\" srcset=\"https:\/\/www.hoymercedes.com.ar\/principal\/wp-content\/uploads\/2024\/03\/invitacion-2.3.jpg 1000w, https:\/\/www.hoymercedes.com.ar\/principal\/wp-content\/uploads\/2024\/03\/invitacion-2.3-630x603.jpg 630w, https:\/\/www.hoymercedes.com.ar\/principal\/wp-content\/uploads\/2024\/03\/invitacion-2.3-150x144.jpg 150w\" sizes=\"auto, (max-width: 1000px) 100vw, 1000px\" \/><\/figure>\n\n\n\n<p>El pr\u00f3ximo domingo a las 10.30hs se llevar\u00e1 adelante un nuevo acto por un nuevo aniversario del \u00faltimo golpe c\u00edvico militar eclesi\u00e1stico que vivi\u00f3 Argentina. Ser\u00e1 en Plaza San Mart\u00edn a las 10.30hs.<\/p>\n\n\n\n<p>Como es habitual en esta sentida fecha para nuestro pa\u00eds estar\u00e1 encabezado por la Comisi\u00f3n de Familiares y Amigos de Detenidos y Desaparecidos de la Dictadura. Se espera la lectura de un documento por parte de la comisi\u00f3n. Habr\u00e1 intervenciones art\u00edsticas alusivas y se recordar\u00e1 a cada uno y cada una de las v\u00edctimas oriundas o directamente vinculadas con nuestra poblaci\u00f3n.<\/p>\n\n\n\n<p>La convocatoria es frente al monolito y el pa\u00f1uelo hist\u00f3rico expuestos en la plaza principal de nuestra ciudad.<\/p>\n","protected":false},"excerpt":{"rendered":"<p>El pr\u00f3ximo domingo a las 10.30hs se llevar\u00e1 adelante un nuevo acto por un nuevo aniversario del \u00faltimo golpe c\u00edvico &#8230; <a title=\"Invitan al acto por el aniversario del \u00faltimo Golpe C\u00edvico Militar\" class=\"read-more\" href=\"https:\/\/www.hoymercedes.com.ar\/principal\/2024\/03\/22\/invitan-al-acto-por-el-aniversario-del-ultimo-golpe-civico-militar\/\" aria-label=\"Leer m\u00e1s sobre Invitan al acto por el aniversario del \u00faltimo Golpe C\u00edvico Militar\">Leer m\u00e1s<\/a><\/p>\n","protected":false},"author":1,"featured_media":174191,"comment_status":"closed","ping_status":"open","sticky":false,"template":"","format":"standard","meta":{"_monsterinsights_skip_tracking":false,"_monsterinsights_sitenote_active":false,"_monsterinsights_sitenote_note":"","_monsterinsights_sitenote_category":0,"jetpack_post_was_ever_published":false,"_jetpack_newsletter_access":"","_jetpack_dont_email_post_to_subs":false,"_jetpack_newsletter_tier_id":0,"_jetpack_memberships_contains_paywalled_content":false,"_jetpack_memberships_contains_paid_content":false,"footnotes":"","jetpack_publicize_message":"","jetpack_publicize_feature_enabled":true,"jetpack_social_post_already_shared":true,"jetpack_social_options":{"image_generator_settings":{"template":"highway","default_image_id":0,"font":"","enabled":false},"version":2},"_wpas_customize_per_network":false},"categories":[8],"tags":[19331,4901],"class_list":["post-174190","post","type-post","status-publish","format-standard","has-post-thumbnail","hentry","category-sociedad","tag-acto-victimas-de-la-dictadura","tag-dictadura-militar","generate-columns","tablet-grid-50","mobile-grid-100","grid-parent","grid-50"],"jetpack_publicize_connections":[],"jetpack_featured_media_url":"https:\/\/www.hoymercedes.com.ar\/principal\/wp-content\/uploads\/2024\/03\/invitacion-2.3.jpg","wps_subtitle":"Instituciones y DDHH","jetpack_sharing_enabled":true,"_links":{"self":[{"href":"https:\/\/www.hoymercedes.com.ar\/principal\/wp-json\/wp\/v2\/posts\/174190","targetHints":{"allow":["GET"]}}],"collection":[{"href":"https:\/\/www.hoymercedes.com.ar\/principal\/wp-json\/wp\/v2\/posts"}],"about":[{"href":"https:\/\/www.hoymercedes.com.ar\/principal\/wp-json\/wp\/v2\/types\/post"}],"author":[{"embeddable":true,"href":"https:\/\/www.hoymercedes.com.ar\/principal\/wp-json\/wp\/v2\/users\/1"}],"replies":[{"embeddable":true,"href":"https:\/\/www.hoymercedes.com.ar\/principal\/wp-json\/wp\/v2\/comments?post=174190"}],"version-history":[{"count":0,"href":"https:\/\/www.hoymercedes.com.ar\/principal\/wp-json\/wp\/v2\/posts\/174190\/revisions"}],"wp:featuredmedia":[{"embeddable":true,"href":"https:\/\/www.hoymercedes.com.ar\/principal\/wp-json\/wp\/v2\/media\/174191"}],"wp:attachment":[{"href":"https:\/\/www.hoymercedes.com.ar\/principal\/wp-json\/wp\/v2\/media?parent=174190"}],"wp:term":[{"taxonomy":"category","embeddable":true,"href":"https:\/\/www.hoymercedes.com.ar\/principal\/wp-json\/wp\/v2\/categories?post=174190"},{"taxonomy":"post_tag","embeddable":true,"href":"https:\/\/www.hoymercedes.com.ar\/principal\/wp-json\/wp\/v2\/tags?post=174190"}],"curies":[{"name":"wp","href":"https:\/\/api.w.org\/{rel}","templated":true}]}}