{"id":174199,"date":"2024-03-22T17:06:56","date_gmt":"2024-03-22T20:06:56","guid":{"rendered":"https:\/\/www.hoymercedes.com.ar\/principal\/?p=174199"},"modified":"2024-03-22T17:06:57","modified_gmt":"2024-03-22T20:06:57","slug":"arquitectos-bonaerenses-denuncian-la-intromision-del-consejo-superior-en-las-actividades-de-los-distritos","status":"publish","type":"post","link":"https:\/\/www.hoymercedes.com.ar\/principal\/2024\/03\/22\/arquitectos-bonaerenses-denuncian-la-intromision-del-consejo-superior-en-las-actividades-de-los-distritos\/","title":{"rendered":"Arquitectos bonaerenses denuncian la intromisi\u00f3n del Consejo Superior en las actividades de los distritos"},"content":{"rendered":"\n<p><strong><em>Advierten que la entidad, en vez de aportar ideas promueve intenciones pol\u00edticas y no acad\u00e9micas desconociendo la autonom\u00eda de los distritos para divulgar sus trabajos de investigaci\u00f3n.<\/em><\/strong><\/p>\n\n\n<div class=\"wp-block-image\">\n<figure class=\"aligncenter size-full\"><img loading=\"lazy\" decoding=\"async\" width=\"675\" height=\"450\" data-attachment-id=\"174201\" data-permalink=\"https:\/\/www.hoymercedes.com.ar\/principal\/2024\/03\/22\/arquitectos-bonaerenses-denuncian-la-intromision-del-consejo-superior-en-las-actividades-de-los-distritos\/arquitecto\/#main\" data-orig-file=\"https:\/\/www.hoymercedes.com.ar\/principal\/wp-content\/uploads\/2024\/03\/arquitecto.jpg\" data-orig-size=\"675,450\" data-comments-opened=\"0\" data-image-meta=\"{&quot;aperture&quot;:&quot;0&quot;,&quot;credit&quot;:&quot;&quot;,&quot;camera&quot;:&quot;&quot;,&quot;caption&quot;:&quot;&quot;,&quot;created_timestamp&quot;:&quot;0&quot;,&quot;copyright&quot;:&quot;&quot;,&quot;focal_length&quot;:&quot;0&quot;,&quot;iso&quot;:&quot;0&quot;,&quot;shutter_speed&quot;:&quot;0&quot;,&quot;title&quot;:&quot;&quot;,&quot;orientation&quot;:&quot;0&quot;}\" data-image-title=\"arquitecto\" data-image-description=\"\" data-image-caption=\"\" data-large-file=\"https:\/\/www.hoymercedes.com.ar\/principal\/wp-content\/uploads\/2024\/03\/arquitecto.jpg\" src=\"https:\/\/www.hoymercedes.com.ar\/principal\/wp-content\/uploads\/2024\/03\/arquitecto.jpg\" alt=\"\" class=\"wp-image-174201\" srcset=\"https:\/\/www.hoymercedes.com.ar\/principal\/wp-content\/uploads\/2024\/03\/arquitecto.jpg 675w, https:\/\/www.hoymercedes.com.ar\/principal\/wp-content\/uploads\/2024\/03\/arquitecto-630x420.jpg 630w, https:\/\/www.hoymercedes.com.ar\/principal\/wp-content\/uploads\/2024\/03\/arquitecto-150x100.jpg 150w\" sizes=\"auto, (max-width: 675px) 100vw, 675px\" \/><\/figure>\n<\/div>\n\n\n<p>Arquitectos de diferentes distritos de la Provincia de Buenos Aires manifestaron su profunda preocupaci\u00f3n ante lo que consideran una \u00abintromisi\u00f3n y superposici\u00f3n del Consejo Superior en las actividades de los distritos\u00bb.<\/p>\n\n\n\n<p>Seg\u00fan se\u00f1alaron los integrantes de los Espacios de Patrimonio, el Consejo Superior del Colegio de Arquitectos de la Provincia de Buenos Aires, gesti\u00f3n que encabeza Ram\u00f3n Rojo y Claudio Videla, Presidente y Tesorero respectivamente, \u00abhan decidido intervenir en las actividades de los distritos sin consultar a las Mesas Directivas de los mismos, las cuales se encuentran en funciones.<\/p>\n\n\n\n<p>\u00abEn una clara muestra de autoritarismo, lejos de coordinar acciones con los distintos Distritos de la Provincia, pretende imponer una Agenda que nada tiene que ver con las necesidades y realidades de la Matr\u00edcula\u00bb, denunciaron.<\/p>\n\n\n\n<p>Y agregaron: \u00abEsta intromisi\u00f3n, lejos de aportar ideas, solo promueve intenciones pol\u00edticas y no acad\u00e9micas, desconociendo la autonom\u00eda de los Distritos en cuestiones de formaci\u00f3n y divulgaci\u00f3n de los Trabajos de Investigaci\u00f3n que se vienen desarrollando desde hace m\u00e1s de 10 a\u00f1os.<\/p>\n\n\n\n<p>Para poner en perspectiva esta cuesti\u00f3n, los arquitectos consultados comentaron que el primer Espacio de Patrimonio de la Provincia surge en el Distrito 5 del Colegio de Arquitectos, en respuesta a la inquietud de un grupo de profesionales interesados en esta tem\u00e1tica.<\/p>\n\n\n\n<p>Precisaron que en todo \u00e9ste tiempo se han realizado no s\u00f3lo trabajos de Investigaci\u00f3n, sino tambi\u00e9n se llevaron adelante relevamientos y fichas de Edificios con valor Patrimonial en distintas ciudades del Distrito con la participaci\u00f3n de los municipios, la poblaci\u00f3n y el Distrito 5 del Colegio de Arquitectos, en una clara muestra de trabajo colaborativo entre todos los actores sociales, siendo tambi\u00e9n precursores en esta metodolog\u00eda de trabajo, como as\u00ed tambi\u00e9n, Publicaciones y Conferencias Internacionales como las de Cusco y Matera.<\/p>\n\n\n\n<p>Este Espacio de Patrimonio Distrital est\u00e1 trabajando en nuevos Proyectos y tiene asignada una Partida especial en el Presupuesto Distrital, que se encuentra en ejecuci\u00f3n. Con lo cual, superponer por parte del Consejo Superior actividades sobre un tema ya instalado, solo conlleva a confusiones y gastos innecesarios de parte de \u00e9ste Consejo, dilapidando los recursos provenientes de los aportes de los Arquitectos de toda la Provincia.<\/p>\n\n\n\n<p>El Distrito 5 del Colegio de Arquitectos, es al d\u00eda de la fecha, el \u00fanico Distrito que forma parte como Socio del Cicop Argentina, Centro Internacional para la Conservaci\u00f3n del Patrimonio.<\/p>\n\n\n\n<p>Cabe destacar que los integrantes del Espacio de Patrimonio, la Mesa Distrital, y el representante al Consejo Superior, desconocen cualquier actividad desarrollada relativa al Patrimonio, que no sea promovida por el Distrito 5, como as\u00ed tambi\u00e9n, a la responsable designada por el Consejo Superior, la Arquitecta Roxana Gonz\u00e1lez, cuestionada y procesada por su desempe\u00f1o como Secretaria de Planeamiento Estrat\u00e9gico, Obras, Gesti\u00f3n P\u00fablica, Tierras y Viviendas de la Municipalidad de Quilmes.<\/p>\n\n\n\n<p>Fuente: ZonaNorteHoy<a href=\"https:\/\/www.zonanortehoy.com\/tools\/redirect.php?url=https%3A%2F%2Fwww.tenaris.com%2Fen&amp;rt=3&amp;ri=123132&amp;rs=a0b8461488a694309b905cc95c6b279c\" target=\"_blank\" rel=\"noreferrer noopener\"><\/a><\/p>\n","protected":false},"excerpt":{"rendered":"<p>Advierten que la entidad, en vez de aportar ideas promueve intenciones pol\u00edticas y no acad\u00e9micas desconociendo la autonom\u00eda de los &#8230; <a title=\"Arquitectos bonaerenses denuncian la intromisi\u00f3n del Consejo Superior en las actividades de los distritos\" class=\"read-more\" href=\"https:\/\/www.hoymercedes.com.ar\/principal\/2024\/03\/22\/arquitectos-bonaerenses-denuncian-la-intromision-del-consejo-superior-en-las-actividades-de-los-distritos\/\" aria-label=\"Leer m\u00e1s sobre Arquitectos bonaerenses denuncian la intromisi\u00f3n del Consejo Superior en las actividades de los distritos\">Leer m\u00e1s<\/a><\/p>\n","protected":false},"author":1,"featured_media":174201,"comment_status":"closed","ping_status":"open","sticky":false,"template":"","format":"standard","meta":{"_monsterinsights_skip_tracking":false,"_monsterinsights_sitenote_active":false,"_monsterinsights_sitenote_note":"","_monsterinsights_sitenote_category":0,"jetpack_post_was_ever_published":false,"_jetpack_newsletter_access":"","_jetpack_dont_email_post_to_subs":false,"_jetpack_newsletter_tier_id":0,"_jetpack_memberships_contains_paywalled_content":false,"_jetpack_memberships_contains_paid_content":false,"footnotes":"","jetpack_publicize_message":"","jetpack_publicize_feature_enabled":true,"jetpack_social_post_already_shared":true,"jetpack_social_options":{"image_generator_settings":{"template":"highway","default_image_id":0,"font":"","enabled":false},"version":2},"_wpas_customize_per_network":false},"categories":[8],"tags":[],"class_list":["post-174199","post","type-post","status-publish","format-standard","has-post-thumbnail","hentry","category-sociedad","generate-columns","tablet-grid-50","mobile-grid-100","grid-parent","grid-50"],"jetpack_publicize_connections":[],"jetpack_featured_media_url":"https:\/\/www.hoymercedes.com.ar\/principal\/wp-content\/uploads\/2024\/03\/arquitecto.jpg","wps_subtitle":"","jetpack_sharing_enabled":true,"_links":{"self":[{"href":"https:\/\/www.hoymercedes.com.ar\/principal\/wp-json\/wp\/v2\/posts\/174199","targetHints":{"allow":["GET"]}}],"collection":[{"href":"https:\/\/www.hoymercedes.com.ar\/principal\/wp-json\/wp\/v2\/posts"}],"about":[{"href":"https:\/\/www.hoymercedes.com.ar\/principal\/wp-json\/wp\/v2\/types\/post"}],"author":[{"embeddable":true,"href":"https:\/\/www.hoymercedes.com.ar\/principal\/wp-json\/wp\/v2\/users\/1"}],"replies":[{"embeddable":true,"href":"https:\/\/www.hoymercedes.com.ar\/principal\/wp-json\/wp\/v2\/comments?post=174199"}],"version-history":[{"count":0,"href":"https:\/\/www.hoymercedes.com.ar\/principal\/wp-json\/wp\/v2\/posts\/174199\/revisions"}],"wp:featuredmedia":[{"embeddable":true,"href":"https:\/\/www.hoymercedes.com.ar\/principal\/wp-json\/wp\/v2\/media\/174201"}],"wp:attachment":[{"href":"https:\/\/www.hoymercedes.com.ar\/principal\/wp-json\/wp\/v2\/media?parent=174199"}],"wp:term":[{"taxonomy":"category","embeddable":true,"href":"https:\/\/www.hoymercedes.com.ar\/principal\/wp-json\/wp\/v2\/categories?post=174199"},{"taxonomy":"post_tag","embeddable":true,"href":"https:\/\/www.hoymercedes.com.ar\/principal\/wp-json\/wp\/v2\/tags?post=174199"}],"curies":[{"name":"wp","href":"https:\/\/api.w.org\/{rel}","templated":true}]}}