{"id":174214,"date":"2024-03-22T20:48:18","date_gmt":"2024-03-22T23:48:18","guid":{"rendered":"https:\/\/www.hoymercedes.com.ar\/principal\/?p=174214"},"modified":"2024-03-22T20:48:20","modified_gmt":"2024-03-22T23:48:20","slug":"gowland-vivio-una-jornada-de-reflexion-en-la-previa-del-dia-de-la-memoria-verdad-y-justicia","status":"publish","type":"post","link":"https:\/\/www.hoymercedes.com.ar\/principal\/2024\/03\/22\/gowland-vivio-una-jornada-de-reflexion-en-la-previa-del-dia-de-la-memoria-verdad-y-justicia\/","title":{"rendered":"Gowland vivi\u00f3 una jornada de reflexi\u00f3n en la previa del D\u00eda de la Memoria, Verdad y Justicia"},"content":{"rendered":"\n<figure class=\"wp-block-image size-large\"><img loading=\"lazy\" decoding=\"async\" width=\"1024\" height=\"576\" data-attachment-id=\"174215\" data-permalink=\"https:\/\/www.hoymercedes.com.ar\/principal\/2024\/03\/22\/gowland-vivio-una-jornada-de-reflexion-en-la-previa-del-dia-de-la-memoria-verdad-y-justicia\/sin-titulo-18\/#main\" data-orig-file=\"https:\/\/www.hoymercedes.com.ar\/principal\/wp-content\/uploads\/2024\/03\/Sin-titulo.jpeg\" data-orig-size=\"1280,720\" data-comments-opened=\"0\" data-image-meta=\"{&quot;aperture&quot;:&quot;0&quot;,&quot;credit&quot;:&quot;&quot;,&quot;camera&quot;:&quot;&quot;,&quot;caption&quot;:&quot;&quot;,&quot;created_timestamp&quot;:&quot;0&quot;,&quot;copyright&quot;:&quot;&quot;,&quot;focal_length&quot;:&quot;0&quot;,&quot;iso&quot;:&quot;0&quot;,&quot;shutter_speed&quot;:&quot;0&quot;,&quot;title&quot;:&quot;&quot;,&quot;orientation&quot;:&quot;0&quot;}\" data-image-title=\"Gowland vivi\u00f3 una jornada de reflexi\u00f3n en la previa del D\u00eda de la Memoria, Verdad y Justicia\" data-image-description=\"&lt;p&gt;Gowland vivi\u00f3 una jornada de reflexi\u00f3n en la previa del D\u00eda de la Memoria, Verdad y Justicia&lt;\/p&gt;\n\" data-image-caption=\"&lt;p&gt;Gowland vivi\u00f3 una jornada de reflexi\u00f3n en la previa del D\u00eda de la Memoria, Verdad y Justicia&lt;\/p&gt;\n\" data-large-file=\"https:\/\/www.hoymercedes.com.ar\/principal\/wp-content\/uploads\/2024\/03\/Sin-titulo-1024x576.jpeg\" src=\"https:\/\/www.hoymercedes.com.ar\/principal\/wp-content\/uploads\/2024\/03\/Sin-titulo-1024x576.jpeg\" alt=\"\" class=\"wp-image-174215\" srcset=\"https:\/\/www.hoymercedes.com.ar\/principal\/wp-content\/uploads\/2024\/03\/Sin-titulo-1024x576.jpeg 1024w, https:\/\/www.hoymercedes.com.ar\/principal\/wp-content\/uploads\/2024\/03\/Sin-titulo-630x354.jpeg 630w, https:\/\/www.hoymercedes.com.ar\/principal\/wp-content\/uploads\/2024\/03\/Sin-titulo-150x84.jpeg 150w, https:\/\/www.hoymercedes.com.ar\/principal\/wp-content\/uploads\/2024\/03\/Sin-titulo.jpeg 1280w\" sizes=\"auto, (max-width: 1024px) 100vw, 1024px\" \/><\/figure>\n\n\n\n<p>Este viernes por la tarde en la sede de la sociedad de fomento de Gowland y Agote se llev\u00f3 adelante un encuentro en el marco del D\u00eda de la Memoria, Verdad y Justicia.<br>La organizaci\u00f3n por parte de Punto Digital y la sociedad de fomento cont\u00f3 con la visita de dos integrantes de la Comisi\u00f3n de Familiares y Amigos de Detenidos y Desaparecidos de la Dictadura: Claudia R\u00e9vora y Silvia Fasce.<br>All\u00ed se pudo ver un video realizado por la comisi\u00f3n, donde se recuerda a los asesinados y desaparecidos mercedinos durante la sangrienta Dictadura militar. Adem\u00e1s, la coordinadora del Centro Universitario Regional y parte de la Coordinaci\u00f3n de DDHH, Mara Quiroga entreg\u00f3 un mapa de la memoria que refleja el impacto de las acciones del gobierno militar en la ciudad.<br>Una vez terminada la proyecci\u00f3n del video se dio la posibilidad de que las personas que se acercaron a la sede fomentista puedan charlar e informarse sobre la situaci\u00f3n familiar que vivieron tanto Claudia R\u00e9vora como Silvia Fasce con la desaparici\u00f3n y asesinato de sus familiares.<br>El relato de las dos mujeres fue muy emocionante para quienes estaban presentes, entre ellos chicos y chicas de programas municipales de juventud como as\u00ed tambi\u00e9n alumnas y alumnos de la Escuela T\u00e9cnica N 2 de Gowland.<br>Adem\u00e1s de vecinos y vecinas, participaron tambi\u00e9n la secretaria de Gobierno Clara Zunino y el concejal referente de Gowland y Agote Juli\u00e1n Inzaurgarat.<\/p>\n","protected":false},"excerpt":{"rendered":"<p>Este viernes por la tarde en la sede de la sociedad de fomento de Gowland y Agote se llev\u00f3 adelante &#8230; <a title=\"Gowland vivi\u00f3 una jornada de reflexi\u00f3n en la previa del D\u00eda de la Memoria, Verdad y Justicia\" class=\"read-more\" href=\"https:\/\/www.hoymercedes.com.ar\/principal\/2024\/03\/22\/gowland-vivio-una-jornada-de-reflexion-en-la-previa-del-dia-de-la-memoria-verdad-y-justicia\/\" aria-label=\"Leer m\u00e1s sobre Gowland vivi\u00f3 una jornada de reflexi\u00f3n en la previa del D\u00eda de la Memoria, Verdad y Justicia\">Leer m\u00e1s<\/a><\/p>\n","protected":false},"author":1,"featured_media":174215,"comment_status":"closed","ping_status":"open","sticky":false,"template":"","format":"standard","meta":{"_monsterinsights_skip_tracking":false,"_monsterinsights_sitenote_active":false,"_monsterinsights_sitenote_note":"","_monsterinsights_sitenote_category":0,"jetpack_post_was_ever_published":false,"_jetpack_newsletter_access":"","_jetpack_dont_email_post_to_subs":false,"_jetpack_newsletter_tier_id":0,"_jetpack_memberships_contains_paywalled_content":false,"_jetpack_memberships_contains_paid_content":false,"footnotes":"","jetpack_publicize_message":"","jetpack_publicize_feature_enabled":true,"jetpack_social_post_already_shared":true,"jetpack_social_options":{"image_generator_settings":{"template":"highway","default_image_id":0,"font":"","enabled":false},"version":2},"_wpas_customize_per_network":false},"categories":[8],"tags":[11910,615,17612],"class_list":["post-174214","post","type-post","status-publish","format-standard","has-post-thumbnail","hentry","category-sociedad","tag-clara-zunino","tag-derechos-humanos","tag-gowland-agote-2","generate-columns","tablet-grid-50","mobile-grid-100","grid-parent","grid-50"],"jetpack_publicize_connections":[],"jetpack_featured_media_url":"https:\/\/www.hoymercedes.com.ar\/principal\/wp-content\/uploads\/2024\/03\/Sin-titulo.jpeg","wps_subtitle":"Derechos Humanos","jetpack_sharing_enabled":true,"_links":{"self":[{"href":"https:\/\/www.hoymercedes.com.ar\/principal\/wp-json\/wp\/v2\/posts\/174214","targetHints":{"allow":["GET"]}}],"collection":[{"href":"https:\/\/www.hoymercedes.com.ar\/principal\/wp-json\/wp\/v2\/posts"}],"about":[{"href":"https:\/\/www.hoymercedes.com.ar\/principal\/wp-json\/wp\/v2\/types\/post"}],"author":[{"embeddable":true,"href":"https:\/\/www.hoymercedes.com.ar\/principal\/wp-json\/wp\/v2\/users\/1"}],"replies":[{"embeddable":true,"href":"https:\/\/www.hoymercedes.com.ar\/principal\/wp-json\/wp\/v2\/comments?post=174214"}],"version-history":[{"count":0,"href":"https:\/\/www.hoymercedes.com.ar\/principal\/wp-json\/wp\/v2\/posts\/174214\/revisions"}],"wp:featuredmedia":[{"embeddable":true,"href":"https:\/\/www.hoymercedes.com.ar\/principal\/wp-json\/wp\/v2\/media\/174215"}],"wp:attachment":[{"href":"https:\/\/www.hoymercedes.com.ar\/principal\/wp-json\/wp\/v2\/media?parent=174214"}],"wp:term":[{"taxonomy":"category","embeddable":true,"href":"https:\/\/www.hoymercedes.com.ar\/principal\/wp-json\/wp\/v2\/categories?post=174214"},{"taxonomy":"post_tag","embeddable":true,"href":"https:\/\/www.hoymercedes.com.ar\/principal\/wp-json\/wp\/v2\/tags?post=174214"}],"curies":[{"name":"wp","href":"https:\/\/api.w.org\/{rel}","templated":true}]}}