{"id":174241,"date":"2024-03-23T11:44:57","date_gmt":"2024-03-23T14:44:57","guid":{"rendered":"https:\/\/www.hoymercedes.com.ar\/principal\/?p=174241"},"modified":"2024-03-23T11:44:59","modified_gmt":"2024-03-23T14:44:59","slug":"comenzo-la-campana-de-vacunacion-antigripal-2024","status":"publish","type":"post","link":"https:\/\/www.hoymercedes.com.ar\/principal\/2024\/03\/23\/comenzo-la-campana-de-vacunacion-antigripal-2024\/","title":{"rendered":"Comenz\u00f3 la Campa\u00f1a de Vacunaci\u00f3n Antigripal 2024"},"content":{"rendered":"\n<p>La vacuna antigripal estar\u00e1 disponible desde el 21 de marzo en todos los vacunatorios de la provincia de Buenos Aires y su aplicaci\u00f3n gratuita se realizar\u00e1 de forma escalonada, de acuerdo al nivel de riesgo de cada grupo.<\/p>\n\n\n<div class=\"wp-block-image\">\n<figure class=\"aligncenter size-large\"><img loading=\"lazy\" decoding=\"async\" width=\"1024\" height=\"684\" data-attachment-id=\"174242\" data-permalink=\"https:\/\/www.hoymercedes.com.ar\/principal\/2024\/03\/23\/comenzo-la-campana-de-vacunacion-antigripal-2024\/image-6-12\/#main\" data-orig-file=\"https:\/\/www.hoymercedes.com.ar\/principal\/wp-content\/uploads\/2024\/03\/image-6.png\" data-orig-size=\"1400,935\" data-comments-opened=\"0\" data-image-meta=\"{&quot;aperture&quot;:&quot;0&quot;,&quot;credit&quot;:&quot;&quot;,&quot;camera&quot;:&quot;&quot;,&quot;caption&quot;:&quot;&quot;,&quot;created_timestamp&quot;:&quot;0&quot;,&quot;copyright&quot;:&quot;&quot;,&quot;focal_length&quot;:&quot;0&quot;,&quot;iso&quot;:&quot;0&quot;,&quot;shutter_speed&quot;:&quot;0&quot;,&quot;title&quot;:&quot;&quot;,&quot;orientation&quot;:&quot;0&quot;}\" data-image-title=\"image-6\" data-image-description=\"\" data-image-caption=\"\" data-large-file=\"https:\/\/www.hoymercedes.com.ar\/principal\/wp-content\/uploads\/2024\/03\/image-6-1024x684.png\" src=\"https:\/\/www.hoymercedes.com.ar\/principal\/wp-content\/uploads\/2024\/03\/image-6-1024x684.png\" alt=\"\" class=\"wp-image-174242\" srcset=\"https:\/\/www.hoymercedes.com.ar\/principal\/wp-content\/uploads\/2024\/03\/image-6-1024x684.png 1024w, https:\/\/www.hoymercedes.com.ar\/principal\/wp-content\/uploads\/2024\/03\/image-6-630x421.png 630w, https:\/\/www.hoymercedes.com.ar\/principal\/wp-content\/uploads\/2024\/03\/image-6-150x100.png 150w, https:\/\/www.hoymercedes.com.ar\/principal\/wp-content\/uploads\/2024\/03\/image-6.png 1400w\" sizes=\"auto, (max-width: 1024px) 100vw, 1024px\" \/><\/figure>\n<\/div>\n\n\n<p>\u00bfQui\u00e9nes tienen que vacunarse?<\/p>\n\n\n\n<ul class=\"wp-block-list\">\n<li>Personal de salud.<\/li>\n\n\n\n<li>Mayores de 65 a\u00f1os.<\/li>\n\n\n\n<li>Personas embarazadas (en cualquier trimestre de gestaci\u00f3n).<\/li>\n\n\n\n<li>Personas pu\u00e9rperas (dentro de los 10 d\u00edas posteriores al parto, preferentemente antes del egreso de la maternidad).<\/li>\n\n\n\n<li>Ni\u00f1os y ni\u00f1as de entre 6 meses y 2 a\u00f1os.<\/li>\n\n\n\n<li>Personas de 2 a 64 a\u00f1os con factores de riesgo.<\/li>\n\n\n\n<li>Personal estrat\u00e9gico.<\/li>\n<\/ul>\n\n\n\n<p>La primera etapa comenz\u00f3 el 21 de marzo\u00a0para personas embarazadas, personal de salud y mayores de 65.<\/p>\n\n\n\n<p>Quienes est\u00e9n transitando las semanas 32 a 36 de embarazo, tambi\u00e9n\u00a0podr\u00e1n acceder a la nueva vacuna obligatoria y gratuita, contra el Virus Sincicial Respiratorio (VSR), que\u00a0previene\u00a0las formas graves de\u00a0la bronquiolitis\u00a0en los beb\u00e9s.<\/p>\n\n\n\n<p>La vacuna es gratuita, no requiere orden m\u00e9dica y puede aplicarse junto a otras vacunas como la de COVID-19, la vacuna contra el neumococo u otras del Calendario Nacional.<\/p>\n\n\n\n<p>Consult\u00e1 por el vacunatorio m\u00e1s cercano a tu domicilio en <a href=\"http:\/\/www.gba.gob.ar\/vacunacion\/#muni\" target=\"_blank\" rel=\"noopener\">www.gba.gob.ar\/vacunacion\/#muni<\/a> <\/p>\n","protected":false},"excerpt":{"rendered":"<p>La vacuna antigripal estar\u00e1 disponible desde el 21 de marzo en todos los vacunatorios de la provincia de Buenos Aires &#8230; <a title=\"Comenz\u00f3 la Campa\u00f1a de Vacunaci\u00f3n Antigripal 2024\" class=\"read-more\" href=\"https:\/\/www.hoymercedes.com.ar\/principal\/2024\/03\/23\/comenzo-la-campana-de-vacunacion-antigripal-2024\/\" aria-label=\"Leer m\u00e1s sobre Comenz\u00f3 la Campa\u00f1a de Vacunaci\u00f3n Antigripal 2024\">Leer m\u00e1s<\/a><\/p>\n","protected":false},"author":1,"featured_media":174242,"comment_status":"closed","ping_status":"open","sticky":false,"template":"","format":"standard","meta":{"_monsterinsights_skip_tracking":false,"_monsterinsights_sitenote_active":false,"_monsterinsights_sitenote_note":"","_monsterinsights_sitenote_category":0,"jetpack_post_was_ever_published":false,"_jetpack_newsletter_access":"","_jetpack_dont_email_post_to_subs":false,"_jetpack_newsletter_tier_id":0,"_jetpack_memberships_contains_paywalled_content":false,"_jetpack_memberships_contains_paid_content":false,"footnotes":"","jetpack_publicize_message":"","jetpack_publicize_feature_enabled":true,"jetpack_social_post_already_shared":true,"jetpack_social_options":{"image_generator_settings":{"template":"highway","default_image_id":0,"font":"","enabled":false},"version":2},"_wpas_customize_per_network":false},"categories":[8],"tags":[],"class_list":["post-174241","post","type-post","status-publish","format-standard","has-post-thumbnail","hentry","category-sociedad","generate-columns","tablet-grid-50","mobile-grid-100","grid-parent","grid-50"],"jetpack_publicize_connections":[],"jetpack_featured_media_url":"https:\/\/www.hoymercedes.com.ar\/principal\/wp-content\/uploads\/2024\/03\/image-6.png","wps_subtitle":"","jetpack_sharing_enabled":true,"_links":{"self":[{"href":"https:\/\/www.hoymercedes.com.ar\/principal\/wp-json\/wp\/v2\/posts\/174241","targetHints":{"allow":["GET"]}}],"collection":[{"href":"https:\/\/www.hoymercedes.com.ar\/principal\/wp-json\/wp\/v2\/posts"}],"about":[{"href":"https:\/\/www.hoymercedes.com.ar\/principal\/wp-json\/wp\/v2\/types\/post"}],"author":[{"embeddable":true,"href":"https:\/\/www.hoymercedes.com.ar\/principal\/wp-json\/wp\/v2\/users\/1"}],"replies":[{"embeddable":true,"href":"https:\/\/www.hoymercedes.com.ar\/principal\/wp-json\/wp\/v2\/comments?post=174241"}],"version-history":[{"count":0,"href":"https:\/\/www.hoymercedes.com.ar\/principal\/wp-json\/wp\/v2\/posts\/174241\/revisions"}],"wp:featuredmedia":[{"embeddable":true,"href":"https:\/\/www.hoymercedes.com.ar\/principal\/wp-json\/wp\/v2\/media\/174242"}],"wp:attachment":[{"href":"https:\/\/www.hoymercedes.com.ar\/principal\/wp-json\/wp\/v2\/media?parent=174241"}],"wp:term":[{"taxonomy":"category","embeddable":true,"href":"https:\/\/www.hoymercedes.com.ar\/principal\/wp-json\/wp\/v2\/categories?post=174241"},{"taxonomy":"post_tag","embeddable":true,"href":"https:\/\/www.hoymercedes.com.ar\/principal\/wp-json\/wp\/v2\/tags?post=174241"}],"curies":[{"name":"wp","href":"https:\/\/api.w.org\/{rel}","templated":true}]}}