{"id":174253,"date":"2024-03-24T18:40:59","date_gmt":"2024-03-24T21:40:59","guid":{"rendered":"https:\/\/www.hoymercedes.com.ar\/principal\/?p=174253"},"modified":"2024-03-24T18:41:01","modified_gmt":"2024-03-24T21:41:01","slug":"se-realizo-el-acto-de-la-comision-de-familiares-y-amigos-por-el-24-de-marzo","status":"publish","type":"post","link":"https:\/\/www.hoymercedes.com.ar\/principal\/2024\/03\/24\/se-realizo-el-acto-de-la-comision-de-familiares-y-amigos-por-el-24-de-marzo\/","title":{"rendered":"Se realiz\u00f3 el acto de la Comisi\u00f3n de Familiares y Amigos por el 24 de Marzo"},"content":{"rendered":"\n<figure class=\"wp-block-image size-large\"><img loading=\"lazy\" decoding=\"async\" width=\"1024\" height=\"682\" data-attachment-id=\"174254\" data-permalink=\"https:\/\/www.hoymercedes.com.ar\/principal\/2024\/03\/24\/se-realizo-el-acto-de-la-comision-de-familiares-y-amigos-por-el-24-de-marzo\/sja_6801\/#main\" data-orig-file=\"https:\/\/www.hoymercedes.com.ar\/principal\/wp-content\/uploads\/2024\/03\/SJA_6801.jpg\" data-orig-size=\"1319,879\" data-comments-opened=\"0\" data-image-meta=\"{&quot;aperture&quot;:&quot;0&quot;,&quot;credit&quot;:&quot;SEBASTIANAMBROSSIO&quot;,&quot;camera&quot;:&quot;&quot;,&quot;caption&quot;:&quot;&quot;,&quot;created_timestamp&quot;:&quot;0&quot;,&quot;copyright&quot;:&quot;SebastianAmbrossio&quot;,&quot;focal_length&quot;:&quot;0&quot;,&quot;iso&quot;:&quot;0&quot;,&quot;shutter_speed&quot;:&quot;0&quot;,&quot;title&quot;:&quot;&quot;,&quot;orientation&quot;:&quot;0&quot;}\" data-image-title=\"Se realiz\u00f3 el acto de la Comisi\u00f3n de Familiares y Amigos por el 24 de Marzo\" data-image-description=\"&lt;p&gt;Se realiz\u00f3 el acto de la Comisi\u00f3n de Familiares y Amigos por el 24 de Marzo&lt;\/p&gt;\n\" data-image-caption=\"&lt;p&gt;Se realiz\u00f3 el acto de la Comisi\u00f3n de Familiares y Amigos por el 24 de Marzo&lt;\/p&gt;\n\" data-large-file=\"https:\/\/www.hoymercedes.com.ar\/principal\/wp-content\/uploads\/2024\/03\/SJA_6801-1024x682.jpg\" src=\"https:\/\/www.hoymercedes.com.ar\/principal\/wp-content\/uploads\/2024\/03\/SJA_6801-1024x682.jpg\" alt=\"\" class=\"wp-image-174254\" srcset=\"https:\/\/www.hoymercedes.com.ar\/principal\/wp-content\/uploads\/2024\/03\/SJA_6801-1024x682.jpg 1024w, https:\/\/www.hoymercedes.com.ar\/principal\/wp-content\/uploads\/2024\/03\/SJA_6801-630x420.jpg 630w, https:\/\/www.hoymercedes.com.ar\/principal\/wp-content\/uploads\/2024\/03\/SJA_6801-150x100.jpg 150w, https:\/\/www.hoymercedes.com.ar\/principal\/wp-content\/uploads\/2024\/03\/SJA_6801-700x465.jpg 700w, https:\/\/www.hoymercedes.com.ar\/principal\/wp-content\/uploads\/2024\/03\/SJA_6801.jpg 1319w\" sizes=\"auto, (max-width: 1024px) 100vw, 1024px\" \/><\/figure>\n\n\n\n<p>Se realiz\u00f3 con un amplio marco de p\u00fablico el acto por el aniversario del \u00faltimo golpe c\u00edvico militar impulsado por la Comisi\u00f3n de Familiares y Amigos de Detenidos, Desaparecidos&nbsp; y Asesinados por de Mercedes. Hubo oradores, m\u00fasica y amplia representaci\u00f3n institucional. Fue en Plaza San Mart\u00edn en el hist\u00f3rico monolito y el pa\u00f1uelo de Madres de Plaza de Mayo.<\/p>\n\n\n\n<p>A la hora de tomar la palabra fue Mabel Riveiro quien condujo el acto protocolar, Silvia Fasce efectu\u00f3 la lectura de cada vecino y vecina v\u00edctima de la represi\u00f3n y Patricia Bojorge ley\u00f3 el documento de la comisi\u00f3n. El intendente Ustarroz tambi\u00e9n fue convocado a tomar la palabra.<\/p>\n\n\n\n<p><strong>Palabras<\/strong><\/p>\n\n\n\n<p>El jefe comunal expres\u00f3 tras expresar un breve an\u00e1lisis de lo vivido a nivel local sobre las v\u00edctimas y el rol de sus familias en el dolor y la dura realidad coment\u00f3 que \u201cnunca en ning\u00fan organismo de derechos humanos sali\u00f3 a plantear el odio y sali\u00f3 a plantear la revancha. Todo lo contrario, memoria, verdad y justicia. Y cuando Patricia le\u00eda, hablaba de la democracia, de la importancia de la democracia, hablaba de esta cultura del odio. Y la cultura del odio no es de un grupito aislado. Hoy en el mundo, en las distintas democracias, se est\u00e1 propagando mucho\u201d afirm\u00f3 y coment\u00f3 que \u201cempieza de manera muy sencilla. Empieza por negarles la condici\u00f3n humana a las personas y tratarlas como cosas, entonces despu\u00e9s, cuando se las detiene, se las tortura, se las desaparece, no son personas\u201d<\/p>\n\n\n\n<p>M\u00e1s adelante coment\u00f3 que \u201ccreo que todo esto siempre debe servir para unirnos como pueblo, para poder reflexionar, para poder encontrarnos. Y creo que es muy importante el acto de presencia, el acto de memoria, el recordar. El recordar es volver a pasar por el coraz\u00f3n\u201d<\/p>\n\n\n\n<p>Destac\u00f3 que en materia de derechos humanos \u201cnuestro pa\u00eds fue uno de los pocos en todo el mundo que mejor hizo una transici\u00f3n de la dictadura a la democracia con juicio y castigo a los culpables (\u2026) eso fue reconocido en el mundo entero. El trabajo de las abuelas, de las madres de Plaza de Mayo tambi\u00e9n\u201d<\/p>\n\n\n\n<p>\u201cCreo que cada 24 de marzo, en los d\u00edas previos, pero el 24, es muy importante hacer este acto de encuentro, este acto de memoria. Veo ac\u00e1 a veteranos de Guerra de Malvinas, y uno siempre tiene que acompa\u00f1ar a quienes m\u00e1s sufrieron estas acciones que fueron del Estado, porque es un acto de humanidad tenderle la mano a quien sufre, a quien tiene dolor y ayudar a sanar ese dolor. Que se hace a trav\u00e9s de la democracia, participaci\u00f3n y de construir una sociedad m\u00e1s justa e igualitaria\u201d manifest\u00f3 entre otros conceptos.<\/p>\n\n\n\n<figure class=\"wp-block-image size-large\"><img loading=\"lazy\" decoding=\"async\" width=\"1024\" height=\"682\" data-attachment-id=\"174255\" data-permalink=\"https:\/\/www.hoymercedes.com.ar\/principal\/2024\/03\/24\/se-realizo-el-acto-de-la-comision-de-familiares-y-amigos-por-el-24-de-marzo\/sja_6823\/#main\" data-orig-file=\"https:\/\/www.hoymercedes.com.ar\/principal\/wp-content\/uploads\/2024\/03\/SJA_6823.jpg\" data-orig-size=\"1319,879\" data-comments-opened=\"0\" data-image-meta=\"{&quot;aperture&quot;:&quot;0&quot;,&quot;credit&quot;:&quot;SEBASTIANAMBROSSIO&quot;,&quot;camera&quot;:&quot;&quot;,&quot;caption&quot;:&quot;&quot;,&quot;created_timestamp&quot;:&quot;0&quot;,&quot;copyright&quot;:&quot;SebastianAmbrossio&quot;,&quot;focal_length&quot;:&quot;0&quot;,&quot;iso&quot;:&quot;0&quot;,&quot;shutter_speed&quot;:&quot;0&quot;,&quot;title&quot;:&quot;&quot;,&quot;orientation&quot;:&quot;0&quot;}\" data-image-title=\"Se realiz\u00f3 el acto de la Comisi\u00f3n de Familiares y Amigos por el 24 de Marzo\" data-image-description=\"&lt;p&gt;Se realiz\u00f3 el acto de la Comisi\u00f3n de Familiares y Amigos por el 24 de Marzo&lt;\/p&gt;\n\" data-image-caption=\"&lt;p&gt;Se realiz\u00f3 el acto de la Comisi\u00f3n de Familiares y Amigos por el 24 de Marzo&lt;\/p&gt;\n\" data-large-file=\"https:\/\/www.hoymercedes.com.ar\/principal\/wp-content\/uploads\/2024\/03\/SJA_6823-1024x682.jpg\" src=\"https:\/\/www.hoymercedes.com.ar\/principal\/wp-content\/uploads\/2024\/03\/SJA_6823-1024x682.jpg\" alt=\"\" class=\"wp-image-174255\" srcset=\"https:\/\/www.hoymercedes.com.ar\/principal\/wp-content\/uploads\/2024\/03\/SJA_6823-1024x682.jpg 1024w, https:\/\/www.hoymercedes.com.ar\/principal\/wp-content\/uploads\/2024\/03\/SJA_6823-630x420.jpg 630w, https:\/\/www.hoymercedes.com.ar\/principal\/wp-content\/uploads\/2024\/03\/SJA_6823-150x100.jpg 150w, https:\/\/www.hoymercedes.com.ar\/principal\/wp-content\/uploads\/2024\/03\/SJA_6823-700x465.jpg 700w, https:\/\/www.hoymercedes.com.ar\/principal\/wp-content\/uploads\/2024\/03\/SJA_6823.jpg 1319w\" sizes=\"auto, (max-width: 1024px) 100vw, 1024px\" \/><\/figure>\n\n\n\n<p><strong>Documento oficial<\/strong><\/p>\n\n\n\n<p>Algunas de las expresiones principales del documento oficial son las siguientes:<\/p>\n\n\n\n<p>Este 24 de marzo, en D\u00eda Nacional de la Memoria por la Verdad y la Justicia&nbsp; y a 48 a\u00f1os del Golpe Militar genocida, renovamos nuestro compromiso hist\u00f3rico de lucha colectiva asumiendo la responsabilidad de abordar ese pasado, que marc\u00f3 a fuego a la sociedad argentina, con la irrupci\u00f3n del Terrorismo de Estado, cuando la Junta Militar encabezada por los genocidas Jorge Rafael Videla, Orlando Ram\u00f3n Agosti y Emilio Eduardo Massera, instal\u00f3 un r\u00e9gimen represivo de alcance nacional que sumi\u00f3 a nuestro pa\u00eds y lo someti\u00f3 a violaciones sistem\u00e1ticas de los derechos humanos.<\/p>\n\n\n\n<p>La desaparici\u00f3n forzada de personas constituy\u00f3 el m\u00e9todo de brutalidad por excelencia y los Centros Clandestinos de Detenci\u00f3n, Tortura y Exterminio, que funcionaron como verdaderos Campos de Concentraci\u00f3n, fueron utilizados y concebidos como soporte material de la represi\u00f3n del Terrorismo de Estado.<\/p>\n\n\n\n<p>Cualquier expresi\u00f3n de conciencia social y colectiva orientada hacia un pensamiento de vida digno, basado en la solidaridad, en la libertad y en la justicia, fue causa suficiente para su aniquilamiento.<\/p>\n\n\n\n<p>La implementaci\u00f3n de sitios secretos, ocultos y&nbsp; apartados de la mirada p\u00fablica y la utilizaci\u00f3n de m\u00e9todos masivos de exterminio de militantes populares, que incluyeron acciones de ocultamiento de cuerpos e identidades mediante entierros masivos en fosas clandestinas, en tumbas NN, en icineraciones o en vuelos de la muerte, prepararon la posterior&nbsp; impunidad.<\/p>\n\n\n\n<p>(\u2026) desarrollar en este nuevo escenario, una visi\u00f3n cr\u00edtica del concepto de Democracia y de Estado de Derecho, nos induce necesariamente a actuar con responsabilidad ciudadana para proteger, defender y consolidar este patrimonio com\u00fan, creado desde una concepci\u00f3n sociopol\u00edtica y cultural de fundamento legal y democr\u00e1tico, en el cual el Estado de derecho se expresa y se realiza desde la norma legal, el funcionamiento efectivo de las instituciones, y las pr\u00e1cticas pol\u00edticas honestas de sus actores.<\/p>\n\n\n\n<figure class=\"wp-block-image size-large\"><img loading=\"lazy\" decoding=\"async\" width=\"1024\" height=\"682\" data-attachment-id=\"174256\" data-permalink=\"https:\/\/www.hoymercedes.com.ar\/principal\/2024\/03\/24\/se-realizo-el-acto-de-la-comision-de-familiares-y-amigos-por-el-24-de-marzo\/photo_2024-03-24_11-17-46\/#main\" data-orig-file=\"https:\/\/www.hoymercedes.com.ar\/principal\/wp-content\/uploads\/2024\/03\/photo_2024-03-24_11-17-46.jpg\" data-orig-size=\"1280,853\" data-comments-opened=\"0\" data-image-meta=\"{&quot;aperture&quot;:&quot;0&quot;,&quot;credit&quot;:&quot;&quot;,&quot;camera&quot;:&quot;&quot;,&quot;caption&quot;:&quot;&quot;,&quot;created_timestamp&quot;:&quot;0&quot;,&quot;copyright&quot;:&quot;&quot;,&quot;focal_length&quot;:&quot;0&quot;,&quot;iso&quot;:&quot;0&quot;,&quot;shutter_speed&quot;:&quot;0&quot;,&quot;title&quot;:&quot;&quot;,&quot;orientation&quot;:&quot;0&quot;}\" data-image-title=\"Se realiz\u00f3 el acto de la Comisi\u00f3n de Familiares y Amigos por el 24 de Marzo24_11-17-46\" data-image-description=\"\" data-image-caption=\"&lt;p&gt;Se realiz\u00f3 el acto de la Comisi\u00f3n de Familiares y Amigos por el 24 de Marzo&lt;\/p&gt;\n\" data-large-file=\"https:\/\/www.hoymercedes.com.ar\/principal\/wp-content\/uploads\/2024\/03\/photo_2024-03-24_11-17-46-1024x682.jpg\" src=\"https:\/\/www.hoymercedes.com.ar\/principal\/wp-content\/uploads\/2024\/03\/photo_2024-03-24_11-17-46-1024x682.jpg\" alt=\"\" class=\"wp-image-174256\" srcset=\"https:\/\/www.hoymercedes.com.ar\/principal\/wp-content\/uploads\/2024\/03\/photo_2024-03-24_11-17-46-1024x682.jpg 1024w, https:\/\/www.hoymercedes.com.ar\/principal\/wp-content\/uploads\/2024\/03\/photo_2024-03-24_11-17-46-630x420.jpg 630w, https:\/\/www.hoymercedes.com.ar\/principal\/wp-content\/uploads\/2024\/03\/photo_2024-03-24_11-17-46-150x100.jpg 150w, https:\/\/www.hoymercedes.com.ar\/principal\/wp-content\/uploads\/2024\/03\/photo_2024-03-24_11-17-46-700x465.jpg 700w, https:\/\/www.hoymercedes.com.ar\/principal\/wp-content\/uploads\/2024\/03\/photo_2024-03-24_11-17-46.jpg 1280w\" sizes=\"auto, (max-width: 1024px) 100vw, 1024px\" \/><\/figure>\n\n\n\n<p>Podemos afirmar as\u00ed, que solo perdura lo que el pueblo defiende. Los sitios de la memoria, son documentos directos, testimoniales e irrefutables de los Cr\u00edmenes de Lesa Humanidad cometidos por el Terrorismo de Estado.<\/p>\n\n\n\n<p>Hay una realidad que nos interpela y una urgencia que nos convoca como part\u00edcipes necesarios. Hagamos entonces una sana pedagog\u00eda de la Memoria, porque no es posible construir futuro, sobre la base de una claudicaci\u00f3n moral de semejante envergadura, haciendo como si nada pasara. El Nunca M\u00e1s en la historia argentina encierra una enorme carga simb\u00f3lica, es el pacto social con el que se sale de la \u00faltima dictadura y se recupera a la pol\u00edtica como herramienta para la construcci\u00f3n de acuerdos sociales, sin lugar para la violencia. Defender esos acuerdos implica hoy, defender&nbsp; hasta el \u00faltimo aliento la democracia que tanto cost\u00f3 consolidar.<\/p>\n\n\n\n<p>\u201cA 48 a\u00f1os de cumplirse un nuevo aniversario del golpe de Estado\u201d<\/p>\n\n\n\n<p>\u2022Manifestamos nuestro m\u00e1s profundo repudio al ataque sufrido por una militante de los Derechos Humanos, integrante de la agrupaci\u00f3n HIJOS, de la ciudad de Rosario.<\/p>\n\n\n\n<figure class=\"wp-block-image size-large\"><img loading=\"lazy\" decoding=\"async\" width=\"1024\" height=\"682\" data-attachment-id=\"174257\" data-permalink=\"https:\/\/www.hoymercedes.com.ar\/principal\/2024\/03\/24\/se-realizo-el-acto-de-la-comision-de-familiares-y-amigos-por-el-24-de-marzo\/sja_6768\/#main\" data-orig-file=\"https:\/\/www.hoymercedes.com.ar\/principal\/wp-content\/uploads\/2024\/03\/SJA_6768.jpg\" data-orig-size=\"1319,879\" data-comments-opened=\"0\" data-image-meta=\"{&quot;aperture&quot;:&quot;0&quot;,&quot;credit&quot;:&quot;SEBASTIANAMBROSSIO&quot;,&quot;camera&quot;:&quot;&quot;,&quot;caption&quot;:&quot;&quot;,&quot;created_timestamp&quot;:&quot;0&quot;,&quot;copyright&quot;:&quot;SebastianAmbrossio&quot;,&quot;focal_length&quot;:&quot;0&quot;,&quot;iso&quot;:&quot;0&quot;,&quot;shutter_speed&quot;:&quot;0&quot;,&quot;title&quot;:&quot;&quot;,&quot;orientation&quot;:&quot;0&quot;}\" data-image-title=\"Se realiz\u00f3 el acto de la Comisi\u00f3n de Familiares y Amigos por el 24 de Marzo\" data-image-description=\"&lt;p&gt;Se realiz\u00f3 el acto de la Comisi\u00f3n de Familiares y Amigos por el 24 de Marzo&lt;\/p&gt;\n\" data-image-caption=\"&lt;p&gt;Se realiz\u00f3 el acto de la Comisi\u00f3n de Familiares y Amigos por el 24 de Marzo&lt;\/p&gt;\n\" data-large-file=\"https:\/\/www.hoymercedes.com.ar\/principal\/wp-content\/uploads\/2024\/03\/SJA_6768-1024x682.jpg\" src=\"https:\/\/www.hoymercedes.com.ar\/principal\/wp-content\/uploads\/2024\/03\/SJA_6768-1024x682.jpg\" alt=\"\" class=\"wp-image-174257\" srcset=\"https:\/\/www.hoymercedes.com.ar\/principal\/wp-content\/uploads\/2024\/03\/SJA_6768-1024x682.jpg 1024w, https:\/\/www.hoymercedes.com.ar\/principal\/wp-content\/uploads\/2024\/03\/SJA_6768-630x420.jpg 630w, https:\/\/www.hoymercedes.com.ar\/principal\/wp-content\/uploads\/2024\/03\/SJA_6768-150x100.jpg 150w, https:\/\/www.hoymercedes.com.ar\/principal\/wp-content\/uploads\/2024\/03\/SJA_6768-700x465.jpg 700w, https:\/\/www.hoymercedes.com.ar\/principal\/wp-content\/uploads\/2024\/03\/SJA_6768.jpg 1319w\" sizes=\"auto, (max-width: 1024px) 100vw, 1024px\" \/><\/figure>\n\n\n\n<p>\u2022Denunciamos los hechos de agresi\u00f3n, intimidaci\u00f3n, violaci\u00f3n e intolerancia, advirtiendo y se\u00f1alando que tienen un claro correlato con otras acciones y discursos de odio dirigidos por sectores negacionistas vinculados al gobierno nacional, que agitan la violencia pol\u00edtica permanente en un marco de provocaciones p\u00fablicas.<\/p>\n\n\n\n<p>\u2022Repudiamos las acciones de inteligencia orquestadas hacia&nbsp; la compa\u00f1era Estela de Carlotto, a quien en un claro acto intimidatorio, le intervienen las comunicaciones.<\/p>\n\n\n\n<p>Frente a estos hechos aberrantes&nbsp; enarbolamos nuestras hist\u00f3ricas banderas de lucha, fundamento de toda&nbsp; construcci\u00f3n colectiva del presente y del futuro.<\/p>\n\n\n\n<p>\u2022 \u00a1Nunca M\u00e1s! \u00a1Memoria, Verdad y Justicia! \u00a1Siempre!<\/p>\n\n\n\n<p>\u2022 Restituci\u00f3n de la identidad a los j\u00f3venes apropiados.<\/p>\n\n\n\n<p>\u2022 C\u00e1rcel com\u00fan y efectiva para todos los genocidas.<\/p>\n\n\n\n<p>\u2022 Rechazo al otorgamiento de las prisiones domiciliarias.<\/p>\n\n\n\n<p>Y enf\u00e1ticamente decimos:<\/p>\n\n\n\n<p>\u00a1Que los desaparecidos son 30.000! \u00a1Fue Genocidio!<\/p>\n\n\n\n<p>\u00a1Que tenemos 30.000 razones para mantener activa la memoria colectiva!<\/p>\n\n\n\n<p>\u00a1Que tenemos 30.000 razones para reclamar Verdad y exigir Juicio y Castigo a todos los genocidas!<\/p>\n\n\n\n<p>\u00a1Que tenemos 30.000 razones para defender a la patria!<\/p>\n\n\n\n<p>\u00a130.000 compa\u00f1eros Detenidos \u2013 Desaparecidos y Asesinados \u00a1PRESENTES! \u00a1AHORA Y SIEMPRE!<\/p>\n\n\n\n<figure class=\"wp-block-image size-large\"><img loading=\"lazy\" decoding=\"async\" width=\"1024\" height=\"682\" data-attachment-id=\"174258\" data-permalink=\"https:\/\/www.hoymercedes.com.ar\/principal\/2024\/03\/24\/se-realizo-el-acto-de-la-comision-de-familiares-y-amigos-por-el-24-de-marzo\/sja_6886\/#main\" data-orig-file=\"https:\/\/www.hoymercedes.com.ar\/principal\/wp-content\/uploads\/2024\/03\/SJA_6886.jpg\" data-orig-size=\"1319,879\" data-comments-opened=\"0\" data-image-meta=\"{&quot;aperture&quot;:&quot;0&quot;,&quot;credit&quot;:&quot;SEBASTIANAMBROSSIO&quot;,&quot;camera&quot;:&quot;&quot;,&quot;caption&quot;:&quot;&quot;,&quot;created_timestamp&quot;:&quot;0&quot;,&quot;copyright&quot;:&quot;SebastianAmbrossio&quot;,&quot;focal_length&quot;:&quot;0&quot;,&quot;iso&quot;:&quot;0&quot;,&quot;shutter_speed&quot;:&quot;0&quot;,&quot;title&quot;:&quot;&quot;,&quot;orientation&quot;:&quot;0&quot;}\" data-image-title=\"Se realiz\u00f3 el acto de la Comisi\u00f3n de Familiares y Amigos por el 24 de Marzo\" data-image-description=\"&lt;p&gt;Se realiz\u00f3 el acto de la Comisi\u00f3n de Familiares y Amigos por el 24 de Marzo&lt;\/p&gt;\n\" data-image-caption=\"&lt;p&gt;Se realiz\u00f3 el acto de la Comisi\u00f3n de Familiares y Amigos por el 24 de Marzo&lt;\/p&gt;\n\" data-large-file=\"https:\/\/www.hoymercedes.com.ar\/principal\/wp-content\/uploads\/2024\/03\/SJA_6886-1024x682.jpg\" src=\"https:\/\/www.hoymercedes.com.ar\/principal\/wp-content\/uploads\/2024\/03\/SJA_6886-1024x682.jpg\" alt=\"\" class=\"wp-image-174258\" srcset=\"https:\/\/www.hoymercedes.com.ar\/principal\/wp-content\/uploads\/2024\/03\/SJA_6886-1024x682.jpg 1024w, https:\/\/www.hoymercedes.com.ar\/principal\/wp-content\/uploads\/2024\/03\/SJA_6886-630x420.jpg 630w, https:\/\/www.hoymercedes.com.ar\/principal\/wp-content\/uploads\/2024\/03\/SJA_6886-150x100.jpg 150w, https:\/\/www.hoymercedes.com.ar\/principal\/wp-content\/uploads\/2024\/03\/SJA_6886-700x465.jpg 700w, https:\/\/www.hoymercedes.com.ar\/principal\/wp-content\/uploads\/2024\/03\/SJA_6886.jpg 1319w\" sizes=\"auto, (max-width: 1024px) 100vw, 1024px\" \/><\/figure>\n","protected":false},"excerpt":{"rendered":"<p>Se realiz\u00f3 con un amplio marco de p\u00fablico el acto por el aniversario del \u00faltimo golpe c\u00edvico militar impulsado por &#8230; <a title=\"Se realiz\u00f3 el acto de la Comisi\u00f3n de Familiares y Amigos por el 24 de Marzo\" class=\"read-more\" href=\"https:\/\/www.hoymercedes.com.ar\/principal\/2024\/03\/24\/se-realizo-el-acto-de-la-comision-de-familiares-y-amigos-por-el-24-de-marzo\/\" aria-label=\"Leer m\u00e1s sobre Se realiz\u00f3 el acto de la Comisi\u00f3n de Familiares y Amigos por el 24 de Marzo\">Leer m\u00e1s<\/a><\/p>\n","protected":false},"author":1,"featured_media":174254,"comment_status":"closed","ping_status":"open","sticky":false,"template":"","format":"standard","meta":{"_monsterinsights_skip_tracking":false,"_monsterinsights_sitenote_active":false,"_monsterinsights_sitenote_note":"","_monsterinsights_sitenote_category":0,"jetpack_post_was_ever_published":false,"_jetpack_newsletter_access":"","_jetpack_dont_email_post_to_subs":false,"_jetpack_newsletter_tier_id":0,"_jetpack_memberships_contains_paywalled_content":false,"_jetpack_memberships_contains_paid_content":false,"footnotes":"","jetpack_publicize_message":"","jetpack_publicize_feature_enabled":true,"jetpack_social_post_already_shared":true,"jetpack_social_options":{"image_generator_settings":{"template":"highway","default_image_id":0,"font":"","enabled":false},"version":2},"_wpas_customize_per_network":false},"categories":[8],"tags":[575,615],"class_list":["post-174253","post","type-post","status-publish","format-standard","has-post-thumbnail","hentry","category-sociedad","tag-24-de-marzo","tag-derechos-humanos","generate-columns","tablet-grid-50","mobile-grid-100","grid-parent","grid-50"],"jetpack_publicize_connections":[],"jetpack_featured_media_url":"https:\/\/www.hoymercedes.com.ar\/principal\/wp-content\/uploads\/2024\/03\/SJA_6801.jpg","wps_subtitle":"Derechos Humanos ","jetpack_sharing_enabled":true,"_links":{"self":[{"href":"https:\/\/www.hoymercedes.com.ar\/principal\/wp-json\/wp\/v2\/posts\/174253","targetHints":{"allow":["GET"]}}],"collection":[{"href":"https:\/\/www.hoymercedes.com.ar\/principal\/wp-json\/wp\/v2\/posts"}],"about":[{"href":"https:\/\/www.hoymercedes.com.ar\/principal\/wp-json\/wp\/v2\/types\/post"}],"author":[{"embeddable":true,"href":"https:\/\/www.hoymercedes.com.ar\/principal\/wp-json\/wp\/v2\/users\/1"}],"replies":[{"embeddable":true,"href":"https:\/\/www.hoymercedes.com.ar\/principal\/wp-json\/wp\/v2\/comments?post=174253"}],"version-history":[{"count":0,"href":"https:\/\/www.hoymercedes.com.ar\/principal\/wp-json\/wp\/v2\/posts\/174253\/revisions"}],"wp:featuredmedia":[{"embeddable":true,"href":"https:\/\/www.hoymercedes.com.ar\/principal\/wp-json\/wp\/v2\/media\/174254"}],"wp:attachment":[{"href":"https:\/\/www.hoymercedes.com.ar\/principal\/wp-json\/wp\/v2\/media?parent=174253"}],"wp:term":[{"taxonomy":"category","embeddable":true,"href":"https:\/\/www.hoymercedes.com.ar\/principal\/wp-json\/wp\/v2\/categories?post=174253"},{"taxonomy":"post_tag","embeddable":true,"href":"https:\/\/www.hoymercedes.com.ar\/principal\/wp-json\/wp\/v2\/tags?post=174253"}],"curies":[{"name":"wp","href":"https:\/\/api.w.org\/{rel}","templated":true}]}}