{"id":174287,"date":"2024-03-24T23:45:08","date_gmt":"2024-03-25T02:45:08","guid":{"rendered":"https:\/\/www.hoymercedes.com.ar\/principal\/?p=174287"},"modified":"2024-03-24T23:45:10","modified_gmt":"2024-03-25T02:45:10","slug":"finalizo-con-gran-exito-la-primera-edicion-del-camino-de-los-bodegones","status":"publish","type":"post","link":"https:\/\/www.hoymercedes.com.ar\/principal\/2024\/03\/24\/finalizo-con-gran-exito-la-primera-edicion-del-camino-de-los-bodegones\/","title":{"rendered":"Finaliz\u00f3 con gran \u00e9xito la primera edici\u00f3n del Camino de los Bodegones"},"content":{"rendered":"\n<figure class=\"wp-block-image size-large\"><img loading=\"lazy\" decoding=\"async\" width=\"1024\" height=\"684\" data-attachment-id=\"174288\" data-permalink=\"https:\/\/www.hoymercedes.com.ar\/principal\/2024\/03\/24\/finalizo-con-gran-exito-la-primera-edicion-del-camino-de-los-bodegones\/mhm_5026\/#main\" data-orig-file=\"https:\/\/www.hoymercedes.com.ar\/principal\/wp-content\/uploads\/2024\/03\/MHM_5026.jpg\" data-orig-size=\"1316,879\" data-comments-opened=\"0\" data-image-meta=\"{&quot;aperture&quot;:&quot;0&quot;,&quot;credit&quot;:&quot;&quot;,&quot;camera&quot;:&quot;&quot;,&quot;caption&quot;:&quot;&quot;,&quot;created_timestamp&quot;:&quot;0&quot;,&quot;copyright&quot;:&quot;&quot;,&quot;focal_length&quot;:&quot;0&quot;,&quot;iso&quot;:&quot;0&quot;,&quot;shutter_speed&quot;:&quot;0&quot;,&quot;title&quot;:&quot;&quot;,&quot;orientation&quot;:&quot;0&quot;}\" data-image-title=\"Finaliz\u00f3 con gran \u00e9xito la primera edici\u00f3n del Camino de los Bodegones\" data-image-description=\"&lt;p&gt;Finaliz\u00f3 con gran \u00e9xito la primera edici\u00f3n del Camino de los Bodegones&lt;\/p&gt;\n\" data-image-caption=\"&lt;p&gt;Finaliz\u00f3 con gran \u00e9xito la primera edici\u00f3n del Camino de los Bodegones&lt;\/p&gt;\n\" data-large-file=\"https:\/\/www.hoymercedes.com.ar\/principal\/wp-content\/uploads\/2024\/03\/MHM_5026-1024x684.jpg\" src=\"https:\/\/www.hoymercedes.com.ar\/principal\/wp-content\/uploads\/2024\/03\/MHM_5026-1024x684.jpg\" alt=\"\" class=\"wp-image-174288\" srcset=\"https:\/\/www.hoymercedes.com.ar\/principal\/wp-content\/uploads\/2024\/03\/MHM_5026-1024x684.jpg 1024w, https:\/\/www.hoymercedes.com.ar\/principal\/wp-content\/uploads\/2024\/03\/MHM_5026-630x421.jpg 630w, https:\/\/www.hoymercedes.com.ar\/principal\/wp-content\/uploads\/2024\/03\/MHM_5026-150x100.jpg 150w, https:\/\/www.hoymercedes.com.ar\/principal\/wp-content\/uploads\/2024\/03\/MHM_5026.jpg 1316w\" sizes=\"auto, (max-width: 1024px) 100vw, 1024px\" \/><\/figure>\n\n\n\n<p>Con una gran noche en la Pulper\u00eda de Cacho Dicatarina finaliz\u00f3 la primera edici\u00f3n del a\u00f1o del Camino de los Bodegones. Durante distintas oportunidades se promovi\u00f3 el arte, la cultura, la m\u00fasica, la historia y la generaci\u00f3n del trabajo a trav\u00e9s de la promoci\u00f3n del comercio en nuestra ciudad en una iniciativa de trabajo mancomunado entre el sector p\u00fablico y el privado.<\/p>\n\n\n\n<p>Durante el ciclo se vistieron de gala distintos bodegones y espacios tradicionales de la ciudad con el objetivo de recibir a las y los mercedinos. Brindar ofertas gastron\u00f3micas y tragos para compartir entre familias y amigos.<\/p>\n\n\n\n<p>La iniciativa, conocida ya en nuestra comunidad, abre un importante impulso para la promoci\u00f3n del empleo a trav\u00e9s del comercio y la exposici\u00f3n cultural, algo que a nuestra ciudadan\u00eda tanto agrada, como se pudo ver cada noche.<\/p>\n\n\n\n<figure class=\"wp-block-image size-large\"><img loading=\"lazy\" decoding=\"async\" width=\"1024\" height=\"684\" data-attachment-id=\"174289\" data-permalink=\"https:\/\/www.hoymercedes.com.ar\/principal\/2024\/03\/24\/finalizo-con-gran-exito-la-primera-edicion-del-camino-de-los-bodegones\/mhm_4907\/#main\" data-orig-file=\"https:\/\/www.hoymercedes.com.ar\/principal\/wp-content\/uploads\/2024\/03\/MHM_4907.jpg\" data-orig-size=\"1316,879\" data-comments-opened=\"0\" data-image-meta=\"{&quot;aperture&quot;:&quot;0&quot;,&quot;credit&quot;:&quot;&quot;,&quot;camera&quot;:&quot;&quot;,&quot;caption&quot;:&quot;&quot;,&quot;created_timestamp&quot;:&quot;0&quot;,&quot;copyright&quot;:&quot;&quot;,&quot;focal_length&quot;:&quot;0&quot;,&quot;iso&quot;:&quot;0&quot;,&quot;shutter_speed&quot;:&quot;0&quot;,&quot;title&quot;:&quot;&quot;,&quot;orientation&quot;:&quot;0&quot;}\" data-image-title=\"Finaliz\u00f3 con gran \u00e9xito la primera edici\u00f3n del Camino de los Bodegones\" data-image-description=\"&lt;p&gt;Finaliz\u00f3 con gran \u00e9xito la primera edici\u00f3n del Camino de los Bodegones&lt;\/p&gt;\n\" data-image-caption=\"&lt;p&gt;Finaliz\u00f3 con gran \u00e9xito la primera edici\u00f3n del Camino de los Bodegones&lt;\/p&gt;\n\" data-large-file=\"https:\/\/www.hoymercedes.com.ar\/principal\/wp-content\/uploads\/2024\/03\/MHM_4907-1024x684.jpg\" src=\"https:\/\/www.hoymercedes.com.ar\/principal\/wp-content\/uploads\/2024\/03\/MHM_4907-1024x684.jpg\" alt=\"\" class=\"wp-image-174289\" srcset=\"https:\/\/www.hoymercedes.com.ar\/principal\/wp-content\/uploads\/2024\/03\/MHM_4907-1024x684.jpg 1024w, https:\/\/www.hoymercedes.com.ar\/principal\/wp-content\/uploads\/2024\/03\/MHM_4907-630x421.jpg 630w, https:\/\/www.hoymercedes.com.ar\/principal\/wp-content\/uploads\/2024\/03\/MHM_4907-150x100.jpg 150w, https:\/\/www.hoymercedes.com.ar\/principal\/wp-content\/uploads\/2024\/03\/MHM_4907.jpg 1316w\" sizes=\"auto, (max-width: 1024px) 100vw, 1024px\" \/><\/figure>\n\n\n\n<p>\u201cEstamos muy agradecidos a cada comercio, artista, trabajador y trabajadora municipal\u201d coment\u00f3 el intendente Ustarroz y \u201cespecialmente a quienes cada noche dieron un marco espectacular\u201d destac\u00f3.<\/p>\n\n\n\n<p>En la misma l\u00ednea el director de turismo remarc\u00f3 \u201ces muy importante el apoyo de las y los vecinos, en momentos dif\u00edciles es cuando en unidad logramos hechos muy importantes, como este ciclo\u201d mencion\u00f3.<\/p>\n\n\n\n<p>Oveja Negra, Bataraz, Bodeg\u00f3n 1880, Oveja Negra, Cambalache y La Pulper\u00eda de Cacho fueron en esta ocasi\u00f3n los receptores del exitoso y prestigioso ciclo que por su forma de gesti\u00f3n y trabajo unido incluso fue tomado como ejemplo por ciudades de la regi\u00f3n.<\/p>\n","protected":false},"excerpt":{"rendered":"<p>Con una gran noche en la Pulper\u00eda de Cacho Dicatarina finaliz\u00f3 la primera edici\u00f3n del a\u00f1o del Camino de los &#8230; <a title=\"Finaliz\u00f3 con gran \u00e9xito la primera edici\u00f3n del Camino de los Bodegones\" class=\"read-more\" href=\"https:\/\/www.hoymercedes.com.ar\/principal\/2024\/03\/24\/finalizo-con-gran-exito-la-primera-edicion-del-camino-de-los-bodegones\/\" aria-label=\"Leer m\u00e1s sobre Finaliz\u00f3 con gran \u00e9xito la primera edici\u00f3n del Camino de los Bodegones\">Leer m\u00e1s<\/a><\/p>\n","protected":false},"author":1,"featured_media":174288,"comment_status":"closed","ping_status":"open","sticky":false,"template":"","format":"standard","meta":{"_monsterinsights_skip_tracking":false,"_monsterinsights_sitenote_active":false,"_monsterinsights_sitenote_note":"","_monsterinsights_sitenote_category":0,"jetpack_post_was_ever_published":false,"_jetpack_newsletter_access":"","_jetpack_dont_email_post_to_subs":false,"_jetpack_newsletter_tier_id":0,"_jetpack_memberships_contains_paywalled_content":false,"_jetpack_memberships_contains_paid_content":false,"footnotes":"","jetpack_publicize_message":"","jetpack_publicize_feature_enabled":true,"jetpack_social_post_already_shared":true,"jetpack_social_options":{"image_generator_settings":{"template":"highway","default_image_id":0,"font":"","enabled":false},"version":2},"_wpas_customize_per_network":false},"categories":[104],"tags":[12164,967,14490,209],"class_list":["post-174287","post","type-post","status-publish","format-standard","has-post-thumbnail","hentry","category-cultura","tag-camino-de-los-bodegones","tag-cultura-mercedes","tag-la-pulperia-de-cacho-dicatarina","tag-turismo-mercedes","generate-columns","tablet-grid-50","mobile-grid-100","grid-parent","grid-50"],"jetpack_publicize_connections":[],"jetpack_featured_media_url":"https:\/\/www.hoymercedes.com.ar\/principal\/wp-content\/uploads\/2024\/03\/MHM_5026.jpg","wps_subtitle":"Actividades sociales","jetpack_sharing_enabled":true,"_links":{"self":[{"href":"https:\/\/www.hoymercedes.com.ar\/principal\/wp-json\/wp\/v2\/posts\/174287","targetHints":{"allow":["GET"]}}],"collection":[{"href":"https:\/\/www.hoymercedes.com.ar\/principal\/wp-json\/wp\/v2\/posts"}],"about":[{"href":"https:\/\/www.hoymercedes.com.ar\/principal\/wp-json\/wp\/v2\/types\/post"}],"author":[{"embeddable":true,"href":"https:\/\/www.hoymercedes.com.ar\/principal\/wp-json\/wp\/v2\/users\/1"}],"replies":[{"embeddable":true,"href":"https:\/\/www.hoymercedes.com.ar\/principal\/wp-json\/wp\/v2\/comments?post=174287"}],"version-history":[{"count":0,"href":"https:\/\/www.hoymercedes.com.ar\/principal\/wp-json\/wp\/v2\/posts\/174287\/revisions"}],"wp:featuredmedia":[{"embeddable":true,"href":"https:\/\/www.hoymercedes.com.ar\/principal\/wp-json\/wp\/v2\/media\/174288"}],"wp:attachment":[{"href":"https:\/\/www.hoymercedes.com.ar\/principal\/wp-json\/wp\/v2\/media?parent=174287"}],"wp:term":[{"taxonomy":"category","embeddable":true,"href":"https:\/\/www.hoymercedes.com.ar\/principal\/wp-json\/wp\/v2\/categories?post=174287"},{"taxonomy":"post_tag","embeddable":true,"href":"https:\/\/www.hoymercedes.com.ar\/principal\/wp-json\/wp\/v2\/tags?post=174287"}],"curies":[{"name":"wp","href":"https:\/\/api.w.org\/{rel}","templated":true}]}}