{"id":174307,"date":"2024-03-25T12:22:00","date_gmt":"2024-03-25T15:22:00","guid":{"rendered":"https:\/\/www.hoymercedes.com.ar\/principal\/?p=174307"},"modified":"2024-03-25T12:04:30","modified_gmt":"2024-03-25T15:04:30","slug":"tenis-de-mesa-alejandro-russo-sub-campeon-en-ferro","status":"publish","type":"post","link":"https:\/\/www.hoymercedes.com.ar\/principal\/2024\/03\/25\/tenis-de-mesa-alejandro-russo-sub-campeon-en-ferro\/","title":{"rendered":"Tenis de mesa: Alejandro Russo Sub Campe\u00f3n en Ferro"},"content":{"rendered":"\n<p><strong><em>El mercedino particip\u00f3 en una nueva edici\u00f3n del circuito TMT. Cay\u00f3 en la final ante el platense Diego Ochoa cerrando una excelente actuaci\u00f3n. Por su parte, Esteban Delvechio se despidi\u00f3 en octavos de final.<\/em><\/strong><\/p>\n\n\n<div class=\"wp-block-image\">\n<figure class=\"aligncenter size-full\"><img loading=\"lazy\" decoding=\"async\" width=\"800\" height=\"465\" data-attachment-id=\"174272\" data-permalink=\"https:\/\/www.hoymercedes.com.ar\/principal\/2024\/03\/25\/farmacias-de-turno-del-lunes-25-de-marzo\/tenis-de-mesa-25-03\/#main\" data-orig-file=\"https:\/\/www.hoymercedes.com.ar\/principal\/wp-content\/uploads\/2024\/03\/tenis-de-mesa-25-03.jpg\" data-orig-size=\"800,465\" data-comments-opened=\"0\" data-image-meta=\"{&quot;aperture&quot;:&quot;0&quot;,&quot;credit&quot;:&quot;&quot;,&quot;camera&quot;:&quot;&quot;,&quot;caption&quot;:&quot;&quot;,&quot;created_timestamp&quot;:&quot;0&quot;,&quot;copyright&quot;:&quot;&quot;,&quot;focal_length&quot;:&quot;0&quot;,&quot;iso&quot;:&quot;0&quot;,&quot;shutter_speed&quot;:&quot;0&quot;,&quot;title&quot;:&quot;&quot;,&quot;orientation&quot;:&quot;0&quot;}\" data-image-title=\"tenis de mesa 25-03\" data-image-description=\"\" data-image-caption=\"\" data-large-file=\"https:\/\/www.hoymercedes.com.ar\/principal\/wp-content\/uploads\/2024\/03\/tenis-de-mesa-25-03.jpg\" src=\"https:\/\/www.hoymercedes.com.ar\/principal\/wp-content\/uploads\/2024\/03\/tenis-de-mesa-25-03.jpg\" alt=\"\" class=\"wp-image-174272\" srcset=\"https:\/\/www.hoymercedes.com.ar\/principal\/wp-content\/uploads\/2024\/03\/tenis-de-mesa-25-03.jpg 800w, https:\/\/www.hoymercedes.com.ar\/principal\/wp-content\/uploads\/2024\/03\/tenis-de-mesa-25-03-630x366.jpg 630w, https:\/\/www.hoymercedes.com.ar\/principal\/wp-content\/uploads\/2024\/03\/tenis-de-mesa-25-03-150x87.jpg 150w\" sizes=\"auto, (max-width: 800px) 100vw, 800px\" \/><\/figure>\n<\/div>\n\n\n<p>Durante el fin de semana los representantes de la Escuela Municipal de Tenis de Mesa,&nbsp; Alejandro Russo y Esteban Delvechio, dijeron presente en una nueva edici\u00f3n del circuito TMT Club Ferro de Caballito.<\/p>\n\n\n\n<p>En el caso de Alejandro Russo, particip\u00f3 en la 4ta categor\u00eda y logro quedarse con la medalla de plata. El mercedino&nbsp; comenz\u00f3 su recorrido pasando fase de grupos como 1ro directo a octavos de final donde gan\u00f3 su partido c\u00f3modo 2 set a 0 ante el jugador Rojas Augusto. Luego en instancia de cuartos, fue victoria ante Thisted Marcos.<\/p>\n\n\n\n<p>Ya en semifinales tuvo un complicado partido donde logr\u00f3 un triunfo 2 set a 1 ante el jugador de La Plata, Ochoa Diego.<\/p>\n\n\n\n<p>De esta manera accedi\u00f3 a la final ante el local Medina Silvio donde no pudo obtener la victoria, cayendo por 3 set a 0 en re\u00f1idos sets de 11\/9- 12\/10 &#8211; 12\/10.<\/p>\n\n\n\n<p>Por su parte, Esteban Delvechio fue parte de la categor\u00eda 3ra y comenz\u00f3 sus partidos de fase de grupos con una victoria a Torres Facundo 2set a 1, y una derrota con el jugador Maldonado Mart\u00edn 1 set a 2. De igual manera, clasific\u00f3 como segundo en su grupo directo a octavos de final donde le tocar\u00eda a Paolini Jos\u00e9, un rival muy complicado culminando su participaci\u00f3n con un resultado 2 set a 1.<\/p>\n\n\n\n<p>De esta forma sumaron muy buena experiencia y puntos para el Ranking TMT, con jugadores de alto nivel en la primera competencia del a\u00f1o para los mercedinos.&nbsp;<\/p>\n\n\n\n<p><strong>Se viene la segunda fecha FATEMA<\/strong><br>En el mes de abril se viene la segunda fecha del Nacional FATEMA a disputarse en San Justo (CEDIMA)<br>Listado de atletas representantes de la Escuela Municipal convocados a\u00a0 participar de la segunda fecha del nacional:<br>Alejandro Russo Categor\u00eda 1ra Clase 10<br>Nicol\u00e1s Repetto Categor\u00eda 3ra Clase 8<br>Jenaro Infanti Categor\u00eda 3ra Clase 9<br>Jorge Mustoni Categor\u00eda 3ra Clase 8<br>Juli\u00e1n Repetto Categor\u00eda 3ra Clase 2<br>Enzo Guerra Categor\u00eda 1ra Clase 11<br>Sebastian Garc\u00eda Categor\u00eda 2da Clase 11<br>Iv\u00e1n Pereyra Categor\u00eda 2da Clase 11<br>Juan Pablo Breier Categor\u00eda 2da Clase 11<br>Rub\u00e9n Insua Categor\u00eda 2da Clase 11<\/p>\n\n\n\n<p><strong>Sumate a la Escuela Municipal de Tenis de Mesa<\/strong><br>Los que quieran sumarse est\u00e1n invitados en los d\u00edas y horarios de la Escuela Municipal de Tenis de Mesa. Lunes, mi\u00e9rcoles y viernes nivel inicial de 15hs a 17hs y nivel avanzado de 17hs a 19hs.<br>Atletas adaptados de 15hs a 17hs. Predio de deportes Mart\u00edn Rodr\u00edguez calle 6 y 9. M\u00e1s informaci\u00f3n al 2324-528432.<\/p>\n\n\n\n<p><br>Colaboraci\u00f3n Mariano Oyarz\u00fa<\/p>\n","protected":false},"excerpt":{"rendered":"<p>El mercedino particip\u00f3 en una nueva edici\u00f3n del circuito TMT. Cay\u00f3 en la final ante el platense Diego Ochoa cerrando &#8230; <a title=\"Tenis de mesa: Alejandro Russo Sub Campe\u00f3n en Ferro\" class=\"read-more\" href=\"https:\/\/www.hoymercedes.com.ar\/principal\/2024\/03\/25\/tenis-de-mesa-alejandro-russo-sub-campeon-en-ferro\/\" aria-label=\"Leer m\u00e1s sobre Tenis de mesa: Alejandro Russo Sub Campe\u00f3n en Ferro\">Leer m\u00e1s<\/a><\/p>\n","protected":false},"author":1,"featured_media":174272,"comment_status":"closed","ping_status":"open","sticky":false,"template":"","format":"standard","meta":{"_monsterinsights_skip_tracking":false,"_monsterinsights_sitenote_active":false,"_monsterinsights_sitenote_note":"","_monsterinsights_sitenote_category":0,"jetpack_post_was_ever_published":false,"_jetpack_newsletter_access":"","_jetpack_dont_email_post_to_subs":false,"_jetpack_newsletter_tier_id":0,"_jetpack_memberships_contains_paywalled_content":false,"_jetpack_memberships_contains_paid_content":false,"footnotes":"","jetpack_publicize_message":"","jetpack_publicize_feature_enabled":true,"jetpack_social_post_already_shared":true,"jetpack_social_options":{"image_generator_settings":{"template":"highway","default_image_id":0,"font":"","enabled":false},"version":2},"_wpas_customize_per_network":false},"categories":[21],"tags":[],"class_list":["post-174307","post","type-post","status-publish","format-standard","has-post-thumbnail","hentry","category-deportes","generate-columns","tablet-grid-50","mobile-grid-100","grid-parent","grid-50"],"jetpack_publicize_connections":[],"jetpack_featured_media_url":"https:\/\/www.hoymercedes.com.ar\/principal\/wp-content\/uploads\/2024\/03\/tenis-de-mesa-25-03.jpg","wps_subtitle":"","jetpack_sharing_enabled":true,"_links":{"self":[{"href":"https:\/\/www.hoymercedes.com.ar\/principal\/wp-json\/wp\/v2\/posts\/174307","targetHints":{"allow":["GET"]}}],"collection":[{"href":"https:\/\/www.hoymercedes.com.ar\/principal\/wp-json\/wp\/v2\/posts"}],"about":[{"href":"https:\/\/www.hoymercedes.com.ar\/principal\/wp-json\/wp\/v2\/types\/post"}],"author":[{"embeddable":true,"href":"https:\/\/www.hoymercedes.com.ar\/principal\/wp-json\/wp\/v2\/users\/1"}],"replies":[{"embeddable":true,"href":"https:\/\/www.hoymercedes.com.ar\/principal\/wp-json\/wp\/v2\/comments?post=174307"}],"version-history":[{"count":0,"href":"https:\/\/www.hoymercedes.com.ar\/principal\/wp-json\/wp\/v2\/posts\/174307\/revisions"}],"wp:featuredmedia":[{"embeddable":true,"href":"https:\/\/www.hoymercedes.com.ar\/principal\/wp-json\/wp\/v2\/media\/174272"}],"wp:attachment":[{"href":"https:\/\/www.hoymercedes.com.ar\/principal\/wp-json\/wp\/v2\/media?parent=174307"}],"wp:term":[{"taxonomy":"category","embeddable":true,"href":"https:\/\/www.hoymercedes.com.ar\/principal\/wp-json\/wp\/v2\/categories?post=174307"},{"taxonomy":"post_tag","embeddable":true,"href":"https:\/\/www.hoymercedes.com.ar\/principal\/wp-json\/wp\/v2\/tags?post=174307"}],"curies":[{"name":"wp","href":"https:\/\/api.w.org\/{rel}","templated":true}]}}