{"id":174314,"date":"2024-03-25T20:33:16","date_gmt":"2024-03-25T23:33:16","guid":{"rendered":"https:\/\/www.hoymercedes.com.ar\/principal\/?p=174314"},"modified":"2024-03-25T20:33:18","modified_gmt":"2024-03-25T23:33:18","slug":"mas-de-1300-despedidos-en-anses-y-mercedes-no-es-la-excepcion","status":"publish","type":"post","link":"https:\/\/www.hoymercedes.com.ar\/principal\/2024\/03\/25\/mas-de-1300-despedidos-en-anses-y-mercedes-no-es-la-excepcion\/","title":{"rendered":"M\u00e1s de 1300 despedidos en Anses y Mercedes no es la excepci\u00f3n"},"content":{"rendered":"\n<p>La situaci\u00f3n del ANSES es de estado de alerta. En todo el pa\u00eds ya van m\u00e1s de 1300 despidos de planta permanente y contratada. En Mercedes ya hubo una baja y hay preocupaci\u00f3n en la regional que tiene un responsable que vino de Capital Federal.<\/p>\n\n\n\n<p>Los telegramas de despido se van sumando y llegan como un goteo constante.<\/p>\n\n\n\n<p>Anses realizaba m\u00faltiples tr\u00e1mites y gestiones cotidianas, desde documentos nacionales de identidad a pr\u00e9stamos a jubilados y pensionados que no pod\u00edan acceder al sistema bancario por las elevad\u00edsimas tasas que cobraban, dinero que serv\u00eda para potenciar el mercado interno, realizar obras, reparaciones e incluso ayudar a sus familias y nietos. Tambi\u00e9n se tramitaban asignaciones, ayuda escolar, prenatales, entre otros.<\/p>\n\n\n\n<p>\u201cAnses somos todos, no s\u00f3lo sus trabajadores, tambi\u00e9n sus beneficiarios\u201d narra una de las proclamas emitidas por los empleados de uno de los organismos m\u00e1s importantes del Estado, por presencia y asistencia a la ciudadan\u00eda.<\/p>\n","protected":false},"excerpt":{"rendered":"<p>La situaci\u00f3n del ANSES es de estado de alerta. En todo el pa\u00eds ya van m\u00e1s de 1300 despidos de &#8230; <a title=\"M\u00e1s de 1300 despedidos en Anses y Mercedes no es la excepci\u00f3n\" class=\"read-more\" href=\"https:\/\/www.hoymercedes.com.ar\/principal\/2024\/03\/25\/mas-de-1300-despedidos-en-anses-y-mercedes-no-es-la-excepcion\/\" aria-label=\"Leer m\u00e1s sobre M\u00e1s de 1300 despedidos en Anses y Mercedes no es la excepci\u00f3n\">Leer m\u00e1s<\/a><\/p>\n","protected":false},"author":1,"featured_media":172442,"comment_status":"closed","ping_status":"open","sticky":false,"template":"","format":"standard","meta":{"_monsterinsights_skip_tracking":false,"_monsterinsights_sitenote_active":false,"_monsterinsights_sitenote_note":"","_monsterinsights_sitenote_category":0,"jetpack_post_was_ever_published":false,"_jetpack_newsletter_access":"","_jetpack_dont_email_post_to_subs":false,"_jetpack_newsletter_tier_id":0,"_jetpack_memberships_contains_paywalled_content":false,"_jetpack_memberships_contains_paid_content":false,"footnotes":"","jetpack_publicize_message":"","jetpack_publicize_feature_enabled":true,"jetpack_social_post_already_shared":true,"jetpack_social_options":{"image_generator_settings":{"template":"highway","default_image_id":0,"font":"","enabled":false},"version":2},"_wpas_customize_per_network":false},"categories":[8],"tags":[19334],"class_list":["post-174314","post","type-post","status-publish","format-standard","has-post-thumbnail","hentry","category-sociedad","tag-despidos-en-anses","generate-columns","tablet-grid-50","mobile-grid-100","grid-parent","grid-50"],"jetpack_publicize_connections":[],"jetpack_featured_media_url":"https:\/\/www.hoymercedes.com.ar\/principal\/wp-content\/uploads\/2024\/02\/ansesmercedesa.jpg","wps_subtitle":"Preocupaci\u00f3n","jetpack_sharing_enabled":true,"_links":{"self":[{"href":"https:\/\/www.hoymercedes.com.ar\/principal\/wp-json\/wp\/v2\/posts\/174314","targetHints":{"allow":["GET"]}}],"collection":[{"href":"https:\/\/www.hoymercedes.com.ar\/principal\/wp-json\/wp\/v2\/posts"}],"about":[{"href":"https:\/\/www.hoymercedes.com.ar\/principal\/wp-json\/wp\/v2\/types\/post"}],"author":[{"embeddable":true,"href":"https:\/\/www.hoymercedes.com.ar\/principal\/wp-json\/wp\/v2\/users\/1"}],"replies":[{"embeddable":true,"href":"https:\/\/www.hoymercedes.com.ar\/principal\/wp-json\/wp\/v2\/comments?post=174314"}],"version-history":[{"count":0,"href":"https:\/\/www.hoymercedes.com.ar\/principal\/wp-json\/wp\/v2\/posts\/174314\/revisions"}],"wp:featuredmedia":[{"embeddable":true,"href":"https:\/\/www.hoymercedes.com.ar\/principal\/wp-json\/wp\/v2\/media\/172442"}],"wp:attachment":[{"href":"https:\/\/www.hoymercedes.com.ar\/principal\/wp-json\/wp\/v2\/media?parent=174314"}],"wp:term":[{"taxonomy":"category","embeddable":true,"href":"https:\/\/www.hoymercedes.com.ar\/principal\/wp-json\/wp\/v2\/categories?post=174314"},{"taxonomy":"post_tag","embeddable":true,"href":"https:\/\/www.hoymercedes.com.ar\/principal\/wp-json\/wp\/v2\/tags?post=174314"}],"curies":[{"name":"wp","href":"https:\/\/api.w.org\/{rel}","templated":true}]}}