{"id":174374,"date":"2024-03-28T21:27:54","date_gmt":"2024-03-29T00:27:54","guid":{"rendered":"https:\/\/www.hoymercedes.com.ar\/principal\/?p=174374"},"modified":"2024-03-28T21:27:55","modified_gmt":"2024-03-29T00:27:55","slug":"febrero-otro-mes-muy-movido-para-los-bomberos-voluntarios","status":"publish","type":"post","link":"https:\/\/www.hoymercedes.com.ar\/principal\/2024\/03\/28\/febrero-otro-mes-muy-movido-para-los-bomberos-voluntarios\/","title":{"rendered":"Febrero, otro mes muy movido para los Bomberos Voluntarios"},"content":{"rendered":"\n<figure class=\"wp-block-image size-large\"><img loading=\"lazy\" decoding=\"async\" width=\"1024\" height=\"1024\" data-attachment-id=\"174375\" data-permalink=\"https:\/\/www.hoymercedes.com.ar\/principal\/2024\/03\/28\/febrero-otro-mes-muy-movido-para-los-bomberos-voluntarios\/bomberos-febrero-2024\/#main\" data-orig-file=\"https:\/\/www.hoymercedes.com.ar\/principal\/wp-content\/uploads\/2024\/03\/Bomberos-Febrero-2024.jpg\" data-orig-size=\"1080,1080\" data-comments-opened=\"0\" data-image-meta=\"{&quot;aperture&quot;:&quot;0&quot;,&quot;credit&quot;:&quot;&quot;,&quot;camera&quot;:&quot;&quot;,&quot;caption&quot;:&quot;&quot;,&quot;created_timestamp&quot;:&quot;0&quot;,&quot;copyright&quot;:&quot;&quot;,&quot;focal_length&quot;:&quot;0&quot;,&quot;iso&quot;:&quot;0&quot;,&quot;shutter_speed&quot;:&quot;0&quot;,&quot;title&quot;:&quot;&quot;,&quot;orientation&quot;:&quot;0&quot;}\" data-image-title=\"Febrero, otro mes muy movido para los Bomberos Voluntarios\" data-image-description=\"&lt;p&gt;Febrero, otro mes muy movido para los Bomberos Voluntarios&lt;\/p&gt;\n\" data-image-caption=\"&lt;p&gt;Febrero, otro mes muy movido para los Bomberos Voluntarios&lt;\/p&gt;\n\" data-large-file=\"https:\/\/www.hoymercedes.com.ar\/principal\/wp-content\/uploads\/2024\/03\/Bomberos-Febrero-2024-1024x1024.jpg\" src=\"https:\/\/www.hoymercedes.com.ar\/principal\/wp-content\/uploads\/2024\/03\/Bomberos-Febrero-2024-1024x1024.jpg\" alt=\"\" class=\"wp-image-174375\" srcset=\"https:\/\/www.hoymercedes.com.ar\/principal\/wp-content\/uploads\/2024\/03\/Bomberos-Febrero-2024-1024x1024.jpg 1024w, https:\/\/www.hoymercedes.com.ar\/principal\/wp-content\/uploads\/2024\/03\/Bomberos-Febrero-2024-620x620.jpg 620w, https:\/\/www.hoymercedes.com.ar\/principal\/wp-content\/uploads\/2024\/03\/Bomberos-Febrero-2024-150x150.jpg 150w, https:\/\/www.hoymercedes.com.ar\/principal\/wp-content\/uploads\/2024\/03\/Bomberos-Febrero-2024.jpg 1080w\" sizes=\"auto, (max-width: 1024px) 100vw, 1024px\" \/><\/figure>\n\n\n\n<p>El cuerpo de bomberos voluntarios de nuestra ciudad dio a conocer las estad\u00edsticas del \u00faltimo mes de febrero donde tuvieron un importante n\u00famero de requerimientos. Desde incendios a auxilios t\u00e9cnicos.<\/p>\n\n\n\n<p>Hubo durante el mes veraniego 66 salidas.<\/p>\n\n\n\n<p>De las coberturas ciudadanas que debieron brindar 22 fueron incendios entre viviendas, autos y otros espacios.<\/p>\n\n\n\n<p>Tuvieron que recurrir a 3 auxilios o siniestros en la v\u00eda p\u00fablica.<\/p>\n\n\n\n<p>Fueron 5 las participaciones de apoyo y acompa\u00f1amiento a otras instituciones.<\/p>\n\n\n\n<p>Efectuaron 1 visita t\u00e9cnica sobre asesoramiento a partir de su experiencia y conocimientos.<\/p>\n\n\n\n<p>Y muy elevado e importante, trabajaron en 35 incendio forestales en zona sub urbana y especialmente rural, donde es clave su tarea para que no se propague sobre campos y haciendas.<\/p>\n\n\n\n<p><strong><mark style=\"background-color:#fcb900\" class=\"has-inline-color\">Apoyo<\/mark><\/strong><\/p>\n\n\n\n<p>Como se sabe los bomberos trabajan de manera voluntaria. Es por eso que, m\u00e1s all\u00e1 de apoyos institucionales, es clave que como comunidad los acompa\u00f1emos.<\/p>\n\n\n\n<p>Una manera de poder ayudarlos es asociarse a Bomberos Voluntarios de Mercedes.<\/p>\n\n\n\n<p>Te dejamos un link para que rellenes un formulario: forms.gle\/6kb98oc9SvyF9kmw9<\/p>\n\n\n\n<p>Tambi\u00e9n pueden llamar a los tel\u00e9fonos de administraci\u00f3n 2324 427 300 \u00f3 +54 9 2324 585242<\/p>\n","protected":false},"excerpt":{"rendered":"<p>El cuerpo de bomberos voluntarios de nuestra ciudad dio a conocer las estad\u00edsticas del \u00faltimo mes de febrero donde tuvieron &#8230; <a title=\"Febrero, otro mes muy movido para los Bomberos Voluntarios\" class=\"read-more\" href=\"https:\/\/www.hoymercedes.com.ar\/principal\/2024\/03\/28\/febrero-otro-mes-muy-movido-para-los-bomberos-voluntarios\/\" aria-label=\"Leer m\u00e1s sobre Febrero, otro mes muy movido para los Bomberos Voluntarios\">Leer m\u00e1s<\/a><\/p>\n","protected":false},"author":1,"featured_media":174375,"comment_status":"closed","ping_status":"open","sticky":false,"template":"","format":"standard","meta":{"_monsterinsights_skip_tracking":false,"_monsterinsights_sitenote_active":false,"_monsterinsights_sitenote_note":"","_monsterinsights_sitenote_category":0,"jetpack_post_was_ever_published":false,"_jetpack_newsletter_access":"","_jetpack_dont_email_post_to_subs":false,"_jetpack_newsletter_tier_id":0,"_jetpack_memberships_contains_paywalled_content":false,"_jetpack_memberships_contains_paid_content":false,"footnotes":"","jetpack_publicize_message":"","jetpack_publicize_feature_enabled":true,"jetpack_social_post_already_shared":true,"jetpack_social_options":{"image_generator_settings":{"template":"highway","default_image_id":0,"font":"","enabled":false},"version":2},"_wpas_customize_per_network":false},"categories":[8],"tags":[12623],"class_list":["post-174374","post","type-post","status-publish","format-standard","has-post-thumbnail","hentry","category-sociedad","tag-bomberos-voluntarios-de-mercedes","generate-columns","tablet-grid-50","mobile-grid-100","grid-parent","grid-50"],"jetpack_publicize_connections":[],"jetpack_featured_media_url":"https:\/\/www.hoymercedes.com.ar\/principal\/wp-content\/uploads\/2024\/03\/Bomberos-Febrero-2024.jpg","wps_subtitle":"Solidaridad con la ciduad ","jetpack_sharing_enabled":true,"_links":{"self":[{"href":"https:\/\/www.hoymercedes.com.ar\/principal\/wp-json\/wp\/v2\/posts\/174374","targetHints":{"allow":["GET"]}}],"collection":[{"href":"https:\/\/www.hoymercedes.com.ar\/principal\/wp-json\/wp\/v2\/posts"}],"about":[{"href":"https:\/\/www.hoymercedes.com.ar\/principal\/wp-json\/wp\/v2\/types\/post"}],"author":[{"embeddable":true,"href":"https:\/\/www.hoymercedes.com.ar\/principal\/wp-json\/wp\/v2\/users\/1"}],"replies":[{"embeddable":true,"href":"https:\/\/www.hoymercedes.com.ar\/principal\/wp-json\/wp\/v2\/comments?post=174374"}],"version-history":[{"count":0,"href":"https:\/\/www.hoymercedes.com.ar\/principal\/wp-json\/wp\/v2\/posts\/174374\/revisions"}],"wp:featuredmedia":[{"embeddable":true,"href":"https:\/\/www.hoymercedes.com.ar\/principal\/wp-json\/wp\/v2\/media\/174375"}],"wp:attachment":[{"href":"https:\/\/www.hoymercedes.com.ar\/principal\/wp-json\/wp\/v2\/media?parent=174374"}],"wp:term":[{"taxonomy":"category","embeddable":true,"href":"https:\/\/www.hoymercedes.com.ar\/principal\/wp-json\/wp\/v2\/categories?post=174374"},{"taxonomy":"post_tag","embeddable":true,"href":"https:\/\/www.hoymercedes.com.ar\/principal\/wp-json\/wp\/v2\/tags?post=174374"}],"curies":[{"name":"wp","href":"https:\/\/api.w.org\/{rel}","templated":true}]}}