{"id":174390,"date":"2024-03-29T17:30:24","date_gmt":"2024-03-29T20:30:24","guid":{"rendered":"https:\/\/www.hoymercedes.com.ar\/principal\/?p=174390"},"modified":"2024-03-29T17:30:26","modified_gmt":"2024-03-29T20:30:26","slug":"molineros-realizan-asambleas-por-reclamo-salarial","status":"publish","type":"post","link":"https:\/\/www.hoymercedes.com.ar\/principal\/2024\/03\/29\/molineros-realizan-asambleas-por-reclamo-salarial\/","title":{"rendered":"Molineros\u00a0realizan asambleas por reclamo salarial"},"content":{"rendered":"\n<figure class=\"wp-block-image size-large\"><img loading=\"lazy\" decoding=\"async\" width=\"1024\" height=\"768\" data-attachment-id=\"174391\" data-permalink=\"https:\/\/www.hoymercedes.com.ar\/principal\/2024\/03\/29\/molineros-realizan-asambleas-por-reclamo-salarial\/molineros-mars\/#main\" data-orig-file=\"https:\/\/www.hoymercedes.com.ar\/principal\/wp-content\/uploads\/2024\/03\/Molineros-Mars.jpg\" data-orig-size=\"1280,960\" data-comments-opened=\"0\" data-image-meta=\"{&quot;aperture&quot;:&quot;0&quot;,&quot;credit&quot;:&quot;&quot;,&quot;camera&quot;:&quot;&quot;,&quot;caption&quot;:&quot;&quot;,&quot;created_timestamp&quot;:&quot;0&quot;,&quot;copyright&quot;:&quot;&quot;,&quot;focal_length&quot;:&quot;0&quot;,&quot;iso&quot;:&quot;0&quot;,&quot;shutter_speed&quot;:&quot;0&quot;,&quot;title&quot;:&quot;&quot;,&quot;orientation&quot;:&quot;0&quot;}\" data-image-title=\"Molineros\u00a0realizan asambleas por reclamo salarial\" data-image-description=\"&lt;p&gt;Molineros\u00a0realizan asambleas por reclamo salarial&lt;\/p&gt;\n\" data-image-caption=\"&lt;p&gt;Molineros\u00a0realizan asambleas por reclamo salarial&lt;\/p&gt;\n\" data-large-file=\"https:\/\/www.hoymercedes.com.ar\/principal\/wp-content\/uploads\/2024\/03\/Molineros-Mars-1024x768.jpg\" src=\"https:\/\/www.hoymercedes.com.ar\/principal\/wp-content\/uploads\/2024\/03\/Molineros-Mars-1024x768.jpg\" alt=\"\" class=\"wp-image-174391\" srcset=\"https:\/\/www.hoymercedes.com.ar\/principal\/wp-content\/uploads\/2024\/03\/Molineros-Mars-1024x768.jpg 1024w, https:\/\/www.hoymercedes.com.ar\/principal\/wp-content\/uploads\/2024\/03\/Molineros-Mars-630x473.jpg 630w, https:\/\/www.hoymercedes.com.ar\/principal\/wp-content\/uploads\/2024\/03\/Molineros-Mars-150x113.jpg 150w, https:\/\/www.hoymercedes.com.ar\/principal\/wp-content\/uploads\/2024\/03\/Molineros-Mars.jpg 1280w\" sizes=\"auto, (max-width: 1024px) 100vw, 1024px\" \/><\/figure>\n\n\n\n<p>Desde el Gremio UOMA Luj\u00e1n, en el marco de jornadas en toda la naci\u00f3n, el d\u00eda de ayer, realizaron una asamblea de informaci\u00f3n en la empresa Mars de Gowland a los fines de \u201ccomunicar a los compa\u00f1eros y compa\u00f1eras sobre lo que est\u00e1 sucediendo en cuanto la situaci\u00f3n salarial actual\u201d, indic\u00f3 el Secretario General de UOMA Luj\u00e1n, Hern\u00e1n Britos. &nbsp;<\/p>\n\n\n\n<p>Seg\u00fan lo expresado, en cuanto a las paritarias, desde UOMA solicitaron a la C\u00e1mara un 23 % en marzo, 23% en abril, 23 % en mayo, por lo que la respuesta por parte de las empresas C\u00e1mara CAENA fue: 13% en marzo, 11% en abril y 10% en mayo. \u00a0<\/p>\n\n\n\n<figure class=\"wp-block-image size-large\"><img loading=\"lazy\" decoding=\"async\" width=\"1024\" height=\"768\" data-attachment-id=\"174392\" data-permalink=\"https:\/\/www.hoymercedes.com.ar\/principal\/2024\/03\/29\/molineros-realizan-asambleas-por-reclamo-salarial\/molineros-mars-2\/#main\" data-orig-file=\"https:\/\/www.hoymercedes.com.ar\/principal\/wp-content\/uploads\/2024\/03\/Molineros-Mars-2.jpg\" data-orig-size=\"1280,960\" data-comments-opened=\"0\" data-image-meta=\"{&quot;aperture&quot;:&quot;0&quot;,&quot;credit&quot;:&quot;&quot;,&quot;camera&quot;:&quot;&quot;,&quot;caption&quot;:&quot;&quot;,&quot;created_timestamp&quot;:&quot;0&quot;,&quot;copyright&quot;:&quot;&quot;,&quot;focal_length&quot;:&quot;0&quot;,&quot;iso&quot;:&quot;0&quot;,&quot;shutter_speed&quot;:&quot;0&quot;,&quot;title&quot;:&quot;&quot;,&quot;orientation&quot;:&quot;0&quot;}\" data-image-title=\"Molineros\u00a0realizan asambleas por reclamo salarial\" data-image-description=\"&lt;p&gt;Molineros\u00a0realizan asambleas por reclamo salarial&lt;\/p&gt;\n\" data-image-caption=\"&lt;p&gt;Molineros\u00a0realizan asambleas por reclamo salarial&lt;\/p&gt;\n\" data-large-file=\"https:\/\/www.hoymercedes.com.ar\/principal\/wp-content\/uploads\/2024\/03\/Molineros-Mars-2-1024x768.jpg\" src=\"https:\/\/www.hoymercedes.com.ar\/principal\/wp-content\/uploads\/2024\/03\/Molineros-Mars-2-1024x768.jpg\" alt=\"\" class=\"wp-image-174392\" srcset=\"https:\/\/www.hoymercedes.com.ar\/principal\/wp-content\/uploads\/2024\/03\/Molineros-Mars-2-1024x768.jpg 1024w, https:\/\/www.hoymercedes.com.ar\/principal\/wp-content\/uploads\/2024\/03\/Molineros-Mars-2-630x473.jpg 630w, https:\/\/www.hoymercedes.com.ar\/principal\/wp-content\/uploads\/2024\/03\/Molineros-Mars-2-150x113.jpg 150w, https:\/\/www.hoymercedes.com.ar\/principal\/wp-content\/uploads\/2024\/03\/Molineros-Mars-2.jpg 1280w\" sizes=\"auto, (max-width: 1024px) 100vw, 1024px\" \/><\/figure>\n\n\n\n<p>\u201cTenemos un claro objetivo y es evitar que los salarios queden atrasados frente a la brutal inflaci\u00f3n, no podemos permitir que el poder adquisitivo siga siendo pulverizado, y eso lo evita un acuerdo justo, y la respuesta por parte de CAENA se encuentra lejos de eso\u201d, expres\u00f3 el Secretario General de UOMA y agradeci\u00f3 adem\u00e1s a los \u201creferentes de la CGT Regional Mercedes\/Navarro\/S.A de Giles que acompa\u00f1aron en la jornada\u201d. &nbsp;<\/p>\n\n\n\n<p>Tambi\u00e9n, Britos resalt\u00f3 que por el momento se est\u00e1n \u201crealizando asambleas de informaci\u00f3n, en esta oportunidad en la puerta de la planta Mars, donde se convers\u00f3 con las y los compa\u00f1eros, escuchamos e informamos sobre la situaci\u00f3n actual\u201d. &nbsp;\u201cSi bien hoy estamos puntualmente por el tema de paritarias como foco principal, vamos a seguir reclamando por mejorar las condiciones laborales de nuestros\/as afiliados\/as\u201d, dijo el referente Molinero, destacando que \u201ces importantes hacer visible lo que est\u00e1 sucediendo y compartirlo entre los y las compa\u00f1eras, porque el salario es lo que nos marca nuestro presente y nuestro futuro. Necesitamos tener un salario digno sobre todo ante la abrupta escalada inflacionaria que estamos sufriendo\u201d.&nbsp;<\/p>\n","protected":false},"excerpt":{"rendered":"<p>Desde el Gremio UOMA Luj\u00e1n, en el marco de jornadas en toda la naci\u00f3n, el d\u00eda de ayer, realizaron una &#8230; <a title=\"Molineros\u00a0realizan asambleas por reclamo salarial\" class=\"read-more\" href=\"https:\/\/www.hoymercedes.com.ar\/principal\/2024\/03\/29\/molineros-realizan-asambleas-por-reclamo-salarial\/\" aria-label=\"Leer m\u00e1s sobre Molineros\u00a0realizan asambleas por reclamo salarial\">Leer m\u00e1s<\/a><\/p>\n","protected":false},"author":1,"featured_media":174391,"comment_status":"closed","ping_status":"open","sticky":false,"template":"","format":"standard","meta":{"_monsterinsights_skip_tracking":false,"_monsterinsights_sitenote_active":false,"_monsterinsights_sitenote_note":"","_monsterinsights_sitenote_category":0,"jetpack_post_was_ever_published":false,"_jetpack_newsletter_access":"","_jetpack_dont_email_post_to_subs":false,"_jetpack_newsletter_tier_id":0,"_jetpack_memberships_contains_paywalled_content":false,"_jetpack_memberships_contains_paid_content":false,"footnotes":"","jetpack_publicize_message":"","jetpack_publicize_feature_enabled":true,"jetpack_social_post_already_shared":true,"jetpack_social_options":{"image_generator_settings":{"template":"highway","default_image_id":0,"font":"","enabled":false},"version":2},"_wpas_customize_per_network":false},"categories":[8],"tags":[19338,12669],"class_list":["post-174390","post","type-post","status-publish","format-standard","has-post-thumbnail","hentry","category-sociedad","tag-molineros","tag-reclamo-salarial","generate-columns","tablet-grid-50","mobile-grid-100","grid-parent","grid-50"],"jetpack_publicize_connections":[],"jetpack_featured_media_url":"https:\/\/www.hoymercedes.com.ar\/principal\/wp-content\/uploads\/2024\/03\/Molineros-Mars.jpg","wps_subtitle":"Ante la inflaci\u00f3n","jetpack_sharing_enabled":true,"_links":{"self":[{"href":"https:\/\/www.hoymercedes.com.ar\/principal\/wp-json\/wp\/v2\/posts\/174390","targetHints":{"allow":["GET"]}}],"collection":[{"href":"https:\/\/www.hoymercedes.com.ar\/principal\/wp-json\/wp\/v2\/posts"}],"about":[{"href":"https:\/\/www.hoymercedes.com.ar\/principal\/wp-json\/wp\/v2\/types\/post"}],"author":[{"embeddable":true,"href":"https:\/\/www.hoymercedes.com.ar\/principal\/wp-json\/wp\/v2\/users\/1"}],"replies":[{"embeddable":true,"href":"https:\/\/www.hoymercedes.com.ar\/principal\/wp-json\/wp\/v2\/comments?post=174390"}],"version-history":[{"count":0,"href":"https:\/\/www.hoymercedes.com.ar\/principal\/wp-json\/wp\/v2\/posts\/174390\/revisions"}],"wp:featuredmedia":[{"embeddable":true,"href":"https:\/\/www.hoymercedes.com.ar\/principal\/wp-json\/wp\/v2\/media\/174391"}],"wp:attachment":[{"href":"https:\/\/www.hoymercedes.com.ar\/principal\/wp-json\/wp\/v2\/media?parent=174390"}],"wp:term":[{"taxonomy":"category","embeddable":true,"href":"https:\/\/www.hoymercedes.com.ar\/principal\/wp-json\/wp\/v2\/categories?post=174390"},{"taxonomy":"post_tag","embeddable":true,"href":"https:\/\/www.hoymercedes.com.ar\/principal\/wp-json\/wp\/v2\/tags?post=174390"}],"curies":[{"name":"wp","href":"https:\/\/api.w.org\/{rel}","templated":true}]}}