{"id":174393,"date":"2024-03-29T17:11:17","date_gmt":"2024-03-29T20:11:17","guid":{"rendered":"https:\/\/www.hoymercedes.com.ar\/principal\/?p=174393"},"modified":"2024-03-29T17:11:19","modified_gmt":"2024-03-29T20:11:19","slug":"cine-mercedes-kungfu-suma-a-godzilla-y-a-kong","status":"publish","type":"post","link":"https:\/\/www.hoymercedes.com.ar\/principal\/2024\/03\/29\/cine-mercedes-kungfu-suma-a-godzilla-y-a-kong\/","title":{"rendered":"Cine Mercedes: KungFu suma a Godzilla y a Kong"},"content":{"rendered":"\n<p>Los fan\u00e1ticos de la aventura, la fantas\u00eda, la animaci\u00f3n y la acci\u00f3n tendr\u00e1n este fin de semana en el Cine Mercedes la oportunidad de ver dos pel\u00edculas esperadas por el p\u00fablico. Por tercera semana sigue Kung Fu Panda 4 y se suma hasta el martes 2 de abril \u00abGodzilla y Kong\u00bb en dos funciones por d\u00eda. <\/p>\n\n\n\n<figure class=\"wp-block-image size-full\"><img loading=\"lazy\" decoding=\"async\" width=\"827\" height=\"829\" data-attachment-id=\"174395\" data-permalink=\"https:\/\/www.hoymercedes.com.ar\/principal\/2024\/03\/29\/cine-mercedes-kungfu-suma-a-godzilla-y-a-kong\/gacetilla-cine-mercedes-12-3\/#main\" data-orig-file=\"https:\/\/www.hoymercedes.com.ar\/principal\/wp-content\/uploads\/2024\/03\/Gacetilla-Cine-Mercedes-12.jpg\" data-orig-size=\"827,829\" data-comments-opened=\"0\" data-image-meta=\"{&quot;aperture&quot;:&quot;0&quot;,&quot;credit&quot;:&quot;&quot;,&quot;camera&quot;:&quot;&quot;,&quot;caption&quot;:&quot;&quot;,&quot;created_timestamp&quot;:&quot;0&quot;,&quot;copyright&quot;:&quot;&quot;,&quot;focal_length&quot;:&quot;0&quot;,&quot;iso&quot;:&quot;0&quot;,&quot;shutter_speed&quot;:&quot;0&quot;,&quot;title&quot;:&quot;&quot;,&quot;orientation&quot;:&quot;1&quot;}\" data-image-title=\"Gacetilla Cine Mercedes (12)\" data-image-description=\"\" data-image-caption=\"\" data-large-file=\"https:\/\/www.hoymercedes.com.ar\/principal\/wp-content\/uploads\/2024\/03\/Gacetilla-Cine-Mercedes-12.jpg\" src=\"https:\/\/www.hoymercedes.com.ar\/principal\/wp-content\/uploads\/2024\/03\/Gacetilla-Cine-Mercedes-12.jpg\" alt=\"\" class=\"wp-image-174395\" srcset=\"https:\/\/www.hoymercedes.com.ar\/principal\/wp-content\/uploads\/2024\/03\/Gacetilla-Cine-Mercedes-12.jpg 827w, https:\/\/www.hoymercedes.com.ar\/principal\/wp-content\/uploads\/2024\/03\/Gacetilla-Cine-Mercedes-12-619x620.jpg 619w, https:\/\/www.hoymercedes.com.ar\/principal\/wp-content\/uploads\/2024\/03\/Gacetilla-Cine-Mercedes-12-150x150.jpg 150w\" sizes=\"auto, (max-width: 827px) 100vw, 827px\" \/><\/figure>\n","protected":false},"excerpt":{"rendered":"<p>Los fan\u00e1ticos de la aventura, la fantas\u00eda, la animaci\u00f3n y la acci\u00f3n tendr\u00e1n este fin de semana en el Cine &#8230; <a title=\"Cine Mercedes: KungFu suma a Godzilla y a Kong\" class=\"read-more\" href=\"https:\/\/www.hoymercedes.com.ar\/principal\/2024\/03\/29\/cine-mercedes-kungfu-suma-a-godzilla-y-a-kong\/\" aria-label=\"Leer m\u00e1s sobre Cine Mercedes: KungFu suma a Godzilla y a Kong\">Leer m\u00e1s<\/a><\/p>\n","protected":false},"author":1,"featured_media":174394,"comment_status":"closed","ping_status":"open","sticky":false,"template":"","format":"standard","meta":{"_monsterinsights_skip_tracking":false,"_monsterinsights_sitenote_active":false,"_monsterinsights_sitenote_note":"","_monsterinsights_sitenote_category":0,"jetpack_post_was_ever_published":false,"_jetpack_newsletter_access":"","_jetpack_dont_email_post_to_subs":false,"_jetpack_newsletter_tier_id":0,"_jetpack_memberships_contains_paywalled_content":false,"_jetpack_memberships_contains_paid_content":false,"footnotes":"","jetpack_publicize_message":"","jetpack_publicize_feature_enabled":true,"jetpack_social_post_already_shared":true,"jetpack_social_options":{"image_generator_settings":{"template":"highway","default_image_id":0,"font":"","enabled":false},"version":2},"_wpas_customize_per_network":false},"categories":[104],"tags":[7805],"class_list":["post-174393","post","type-post","status-publish","format-standard","has-post-thumbnail","hentry","category-cultura","tag-cultura","generate-columns","tablet-grid-50","mobile-grid-100","grid-parent","grid-50"],"jetpack_publicize_connections":[],"jetpack_featured_media_url":"https:\/\/www.hoymercedes.com.ar\/principal\/wp-content\/uploads\/2024\/03\/Captura_de_pantalla_2024-02-14_150345.png","wps_subtitle":"","jetpack_sharing_enabled":true,"_links":{"self":[{"href":"https:\/\/www.hoymercedes.com.ar\/principal\/wp-json\/wp\/v2\/posts\/174393","targetHints":{"allow":["GET"]}}],"collection":[{"href":"https:\/\/www.hoymercedes.com.ar\/principal\/wp-json\/wp\/v2\/posts"}],"about":[{"href":"https:\/\/www.hoymercedes.com.ar\/principal\/wp-json\/wp\/v2\/types\/post"}],"author":[{"embeddable":true,"href":"https:\/\/www.hoymercedes.com.ar\/principal\/wp-json\/wp\/v2\/users\/1"}],"replies":[{"embeddable":true,"href":"https:\/\/www.hoymercedes.com.ar\/principal\/wp-json\/wp\/v2\/comments?post=174393"}],"version-history":[{"count":0,"href":"https:\/\/www.hoymercedes.com.ar\/principal\/wp-json\/wp\/v2\/posts\/174393\/revisions"}],"wp:featuredmedia":[{"embeddable":true,"href":"https:\/\/www.hoymercedes.com.ar\/principal\/wp-json\/wp\/v2\/media\/174394"}],"wp:attachment":[{"href":"https:\/\/www.hoymercedes.com.ar\/principal\/wp-json\/wp\/v2\/media?parent=174393"}],"wp:term":[{"taxonomy":"category","embeddable":true,"href":"https:\/\/www.hoymercedes.com.ar\/principal\/wp-json\/wp\/v2\/categories?post=174393"},{"taxonomy":"post_tag","embeddable":true,"href":"https:\/\/www.hoymercedes.com.ar\/principal\/wp-json\/wp\/v2\/tags?post=174393"}],"curies":[{"name":"wp","href":"https:\/\/api.w.org\/{rel}","templated":true}]}}