{"id":174444,"date":"2024-04-01T06:55:00","date_gmt":"2024-04-01T09:55:00","guid":{"rendered":"https:\/\/www.hoymercedes.com.ar\/principal\/?p=174444"},"modified":"2024-03-31T20:06:46","modified_gmt":"2024-03-31T23:06:46","slug":"un-aprehendido-por-abuso-sexual-y-exhibiciones-obsenas","status":"publish","type":"post","link":"https:\/\/www.hoymercedes.com.ar\/principal\/2024\/04\/01\/un-aprehendido-por-abuso-sexual-y-exhibiciones-obsenas\/","title":{"rendered":"Un aprehendido por abuso sexual y exhibiciones obsenas"},"content":{"rendered":"\n<p>En la jornada del lunes 25 del corriente se llev\u00f3 a cabo la aprehensi\u00f3n de un sujeto por abuso sexual y exhibiciones obsenas en la localidad de Chivilcoy.<\/p>\n\n\n<div class=\"wp-block-image\">\n<figure class=\"aligncenter size-full\"><img loading=\"lazy\" decoding=\"async\" width=\"583\" height=\"389\" data-attachment-id=\"174445\" data-permalink=\"https:\/\/www.hoymercedes.com.ar\/principal\/2024\/04\/01\/un-aprehendido-por-abuso-sexual-y-exhibiciones-obsenas\/chivilcoy-3\/#main\" data-orig-file=\"https:\/\/www.hoymercedes.com.ar\/principal\/wp-content\/uploads\/2024\/03\/chivilcoy.png\" data-orig-size=\"583,389\" data-comments-opened=\"0\" data-image-meta=\"{&quot;aperture&quot;:&quot;0&quot;,&quot;credit&quot;:&quot;&quot;,&quot;camera&quot;:&quot;&quot;,&quot;caption&quot;:&quot;&quot;,&quot;created_timestamp&quot;:&quot;0&quot;,&quot;copyright&quot;:&quot;&quot;,&quot;focal_length&quot;:&quot;0&quot;,&quot;iso&quot;:&quot;0&quot;,&quot;shutter_speed&quot;:&quot;0&quot;,&quot;title&quot;:&quot;&quot;,&quot;orientation&quot;:&quot;0&quot;}\" data-image-title=\"chivilcoy\" data-image-description=\"\" data-image-caption=\"\" data-large-file=\"https:\/\/www.hoymercedes.com.ar\/principal\/wp-content\/uploads\/2024\/03\/chivilcoy.png\" src=\"https:\/\/www.hoymercedes.com.ar\/principal\/wp-content\/uploads\/2024\/03\/chivilcoy.png\" alt=\"\" class=\"wp-image-174445\" srcset=\"https:\/\/www.hoymercedes.com.ar\/principal\/wp-content\/uploads\/2024\/03\/chivilcoy.png 583w, https:\/\/www.hoymercedes.com.ar\/principal\/wp-content\/uploads\/2024\/03\/chivilcoy-150x100.png 150w\" sizes=\"auto, (max-width: 583px) 100vw, 583px\" \/><figcaption class=\"wp-element-caption\">Fuente: www.chivilcoyadiario.com<\/figcaption><\/figure>\n<\/div>\n\n\n<p>De acuerdo a lo que pudo conocerse, en dicha jornada, en horas de la noche, una vecina de la localidad se encontraba trabajando en un comercio del rubro verduler\u00eda cuando un sujeto ingres\u00f3 al lugar simulando intenciones de realizar una compra. En momentos en que la mujer se dispon\u00eda a preparar el pedido, el sujeto aprovech\u00f3 la ocasi\u00f3n para abusar de ella. <\/p>\n\n\n\n<p>La mujer logr\u00f3 correrse del lugar, y posteriormente &#8211; cuando le cobraba el pedido &#8211; el sujeto le exhibi\u00f3 sus partes \u00edntimas siendo r\u00e1pidamente echado del lugar. La v\u00edctima de inmediato inform\u00f3 a sus empleadores lo ocurrido y se dirigi\u00f3 a la comisar\u00eda local a realizar la correspondiente denuncia. Tras tom\u00f3 intervenci\u00f3n la Unidad Funcional de Instrucci\u00f3n N.\u00ba 6 del Departamento Judicial Mercedes &#8211; a cargo del dr. Luis Carcagno -.<\/p>\n\n\n\n<p>Pero se pudo determinar a su vez, que este sujeto hab\u00eda cometido un delito de similares caracter\u00edsticas poco tiempo despu\u00e9s en un comercio de rubro diet\u00e9tica donde utilizando la misma maniobra se aprovech\u00f3 de la propietaria del lugar que se encontraba en ese momento atendiendo sola y realiz\u00f3 exhibiciones obscenas en su presencia.<\/p>\n\n\n\n<p>Se logr\u00f3 en la misma jornada la aprehensi\u00f3n del sujeto en momentos en que circulaba por la v\u00eda p\u00fablica. El imputado (de 31 a\u00f1os, domiciliado en Chivilcoy, aunque ser\u00eda oriundo de Chacabuco) compareci\u00f3 ante el agente fiscal en el marco de la audiencia de declaraci\u00f3n en los t\u00e9rminos del art. 308 del C\u00f3digo Procesal Penal en la jornada de este mi\u00e9rcoles 27 del corriente. Fue por el delito de \u201cAbuso sexual simple\u201d y \u201cExhibiciones obsenas\u201d e hizo uso de su derecho de negarse a declarar.<\/p>\n\n\n\n<p>Fuente: \u00c1rea Comunicacional &#8211; Ministerio P\u00fablico Fiscal Departamental\u00a0Mercedes<\/p>\n","protected":false},"excerpt":{"rendered":"<p>En la jornada del lunes 25 del corriente se llev\u00f3 a cabo la aprehensi\u00f3n de un sujeto por abuso sexual &#8230; <a title=\"Un aprehendido por abuso sexual y exhibiciones obsenas\" class=\"read-more\" href=\"https:\/\/www.hoymercedes.com.ar\/principal\/2024\/04\/01\/un-aprehendido-por-abuso-sexual-y-exhibiciones-obsenas\/\" aria-label=\"Leer m\u00e1s sobre Un aprehendido por abuso sexual y exhibiciones obsenas\">Leer m\u00e1s<\/a><\/p>\n","protected":false},"author":1,"featured_media":174445,"comment_status":"closed","ping_status":"open","sticky":false,"template":"","format":"standard","meta":{"_monsterinsights_skip_tracking":false,"_monsterinsights_sitenote_active":false,"_monsterinsights_sitenote_note":"","_monsterinsights_sitenote_category":0,"jetpack_post_was_ever_published":false,"_jetpack_newsletter_access":"","_jetpack_dont_email_post_to_subs":false,"_jetpack_newsletter_tier_id":0,"_jetpack_memberships_contains_paywalled_content":false,"_jetpack_memberships_contains_paid_content":false,"footnotes":"","jetpack_publicize_message":"","jetpack_publicize_feature_enabled":true,"jetpack_social_post_already_shared":true,"jetpack_social_options":{"image_generator_settings":{"template":"highway","default_image_id":0,"font":"","enabled":false},"version":2},"_wpas_customize_per_network":false},"categories":[85],"tags":[],"class_list":["post-174444","post","type-post","status-publish","format-standard","has-post-thumbnail","hentry","category-policial","generate-columns","tablet-grid-50","mobile-grid-100","grid-parent","grid-50"],"jetpack_publicize_connections":[],"jetpack_featured_media_url":"https:\/\/www.hoymercedes.com.ar\/principal\/wp-content\/uploads\/2024\/03\/chivilcoy.png","wps_subtitle":"","jetpack_sharing_enabled":true,"_links":{"self":[{"href":"https:\/\/www.hoymercedes.com.ar\/principal\/wp-json\/wp\/v2\/posts\/174444","targetHints":{"allow":["GET"]}}],"collection":[{"href":"https:\/\/www.hoymercedes.com.ar\/principal\/wp-json\/wp\/v2\/posts"}],"about":[{"href":"https:\/\/www.hoymercedes.com.ar\/principal\/wp-json\/wp\/v2\/types\/post"}],"author":[{"embeddable":true,"href":"https:\/\/www.hoymercedes.com.ar\/principal\/wp-json\/wp\/v2\/users\/1"}],"replies":[{"embeddable":true,"href":"https:\/\/www.hoymercedes.com.ar\/principal\/wp-json\/wp\/v2\/comments?post=174444"}],"version-history":[{"count":0,"href":"https:\/\/www.hoymercedes.com.ar\/principal\/wp-json\/wp\/v2\/posts\/174444\/revisions"}],"wp:featuredmedia":[{"embeddable":true,"href":"https:\/\/www.hoymercedes.com.ar\/principal\/wp-json\/wp\/v2\/media\/174445"}],"wp:attachment":[{"href":"https:\/\/www.hoymercedes.com.ar\/principal\/wp-json\/wp\/v2\/media?parent=174444"}],"wp:term":[{"taxonomy":"category","embeddable":true,"href":"https:\/\/www.hoymercedes.com.ar\/principal\/wp-json\/wp\/v2\/categories?post=174444"},{"taxonomy":"post_tag","embeddable":true,"href":"https:\/\/www.hoymercedes.com.ar\/principal\/wp-json\/wp\/v2\/tags?post=174444"}],"curies":[{"name":"wp","href":"https:\/\/api.w.org\/{rel}","templated":true}]}}