{"id":174451,"date":"2024-03-31T21:36:33","date_gmt":"2024-04-01T00:36:33","guid":{"rendered":"https:\/\/www.hoymercedes.com.ar\/principal\/?p=174451"},"modified":"2024-03-31T21:36:34","modified_gmt":"2024-04-01T00:36:34","slug":"menos-educacion-milei-saco-por-decreto-al-apoyo-educativo-a-las-ciudades-y-docentes","status":"publish","type":"post","link":"https:\/\/www.hoymercedes.com.ar\/principal\/2024\/03\/31\/menos-educacion-milei-saco-por-decreto-al-apoyo-educativo-a-las-ciudades-y-docentes\/","title":{"rendered":"Menos educaci\u00f3n: Milei sac\u00f3 por decreto al apoyo educativo a las ciudades y docentes"},"content":{"rendered":"\n<p><\/p>\n\n\n\n<p>El sistema educativo y los docentes recib\u00edan, desde hace 25 a\u00f1os, un dinero que se encuadraba en el denominado \u201cincentivo docente\u201d. Con \u00e9l las ciudades podr\u00edan atender necesidades directas de su Partido. El ajuste se le suma un cap\u00edtulo m\u00e1s: adi\u00f3s a la b\u00fasqueda de una educaci\u00f3n de calidad. Una vez m\u00e1s, la llamada \u201ccasta\u201d es el pueblo trabajador y no el sistema de bancos, grandes empresas o amigos del poder de turno.<\/p>\n\n\n\n<p>La medida del gobierno de Milei y Juntos es un golpe brutal a la educaci\u00f3n p\u00fablica. Desde el el Fondo Nacional de Incentivo Docente se hac\u00edan peque\u00f1as obra, se fortalec\u00edan gabinetes educativos, se sosten\u00edan jardines maternales y se incorporaba una mejora salarial a los docentes.<\/p>\n\n\n\n<p>Cualquier ciudadano puede estar o no de acuerdo con el ajuste, lo que seguramente habr\u00e1 coincidencia es que lo terminan pagando los sectores m\u00e1s vulnerables (jubilados) y fundamentales para una sociedad (Educaci\u00f3n)<\/p>\n","protected":false},"excerpt":{"rendered":"<p>El sistema educativo y los docentes recib\u00edan, desde hace 25 a\u00f1os, un dinero que se encuadraba en el denominado \u201cincentivo &#8230; <a title=\"Menos educaci\u00f3n: Milei sac\u00f3 por decreto al apoyo educativo a las ciudades y docentes\" class=\"read-more\" href=\"https:\/\/www.hoymercedes.com.ar\/principal\/2024\/03\/31\/menos-educacion-milei-saco-por-decreto-al-apoyo-educativo-a-las-ciudades-y-docentes\/\" aria-label=\"Leer m\u00e1s sobre Menos educaci\u00f3n: Milei sac\u00f3 por decreto al apoyo educativo a las ciudades y docentes\">Leer m\u00e1s<\/a><\/p>\n","protected":false},"author":1,"featured_media":172894,"comment_status":"closed","ping_status":"open","sticky":false,"template":"","format":"standard","meta":{"_monsterinsights_skip_tracking":false,"_monsterinsights_sitenote_active":false,"_monsterinsights_sitenote_note":"","_monsterinsights_sitenote_category":0,"jetpack_post_was_ever_published":false,"_jetpack_newsletter_access":"","_jetpack_dont_email_post_to_subs":false,"_jetpack_newsletter_tier_id":0,"_jetpack_memberships_contains_paywalled_content":false,"_jetpack_memberships_contains_paid_content":false,"footnotes":"","jetpack_publicize_message":"","jetpack_publicize_feature_enabled":true,"jetpack_social_post_already_shared":true,"jetpack_social_options":{"image_generator_settings":{"template":"highway","default_image_id":0,"font":"","enabled":false},"version":2},"_wpas_customize_per_network":false},"categories":[23],"tags":[19348],"class_list":["post-174451","post","type-post","status-publish","format-standard","has-post-thumbnail","hentry","category-educacion","tag-milei-y-juntos","generate-columns","tablet-grid-50","mobile-grid-100","grid-parent","grid-50"],"jetpack_publicize_connections":[],"jetpack_featured_media_url":"https:\/\/www.hoymercedes.com.ar\/principal\/wp-content\/uploads\/2024\/02\/MIlei.jpg","wps_subtitle":"Menos educaci\u00f3n ","jetpack_sharing_enabled":true,"_links":{"self":[{"href":"https:\/\/www.hoymercedes.com.ar\/principal\/wp-json\/wp\/v2\/posts\/174451","targetHints":{"allow":["GET"]}}],"collection":[{"href":"https:\/\/www.hoymercedes.com.ar\/principal\/wp-json\/wp\/v2\/posts"}],"about":[{"href":"https:\/\/www.hoymercedes.com.ar\/principal\/wp-json\/wp\/v2\/types\/post"}],"author":[{"embeddable":true,"href":"https:\/\/www.hoymercedes.com.ar\/principal\/wp-json\/wp\/v2\/users\/1"}],"replies":[{"embeddable":true,"href":"https:\/\/www.hoymercedes.com.ar\/principal\/wp-json\/wp\/v2\/comments?post=174451"}],"version-history":[{"count":0,"href":"https:\/\/www.hoymercedes.com.ar\/principal\/wp-json\/wp\/v2\/posts\/174451\/revisions"}],"wp:featuredmedia":[{"embeddable":true,"href":"https:\/\/www.hoymercedes.com.ar\/principal\/wp-json\/wp\/v2\/media\/172894"}],"wp:attachment":[{"href":"https:\/\/www.hoymercedes.com.ar\/principal\/wp-json\/wp\/v2\/media?parent=174451"}],"wp:term":[{"taxonomy":"category","embeddable":true,"href":"https:\/\/www.hoymercedes.com.ar\/principal\/wp-json\/wp\/v2\/categories?post=174451"},{"taxonomy":"post_tag","embeddable":true,"href":"https:\/\/www.hoymercedes.com.ar\/principal\/wp-json\/wp\/v2\/tags?post=174451"}],"curies":[{"name":"wp","href":"https:\/\/api.w.org\/{rel}","templated":true}]}}