{"id":174513,"date":"2024-04-02T17:54:09","date_gmt":"2024-04-02T20:54:09","guid":{"rendered":"https:\/\/www.hoymercedes.com.ar\/principal\/?p=174513"},"modified":"2024-04-02T18:00:04","modified_gmt":"2024-04-02T21:00:04","slug":"se-realizo-con-gran-asistencia-el-acto-por-el-dia-del-veterano-y-caido-en-la-guerra-de-malvinas","status":"publish","type":"post","link":"https:\/\/www.hoymercedes.com.ar\/principal\/2024\/04\/02\/se-realizo-con-gran-asistencia-el-acto-por-el-dia-del-veterano-y-caido-en-la-guerra-de-malvinas\/","title":{"rendered":"Se realiz\u00f3 con gran asistencia el acto por el d\u00eda del Veterano y Ca\u00eddo en la guerra de Malvinas"},"content":{"rendered":"\n<figure class=\"wp-block-image size-large\"><img loading=\"lazy\" decoding=\"async\" width=\"1024\" height=\"682\" data-attachment-id=\"174514\" data-permalink=\"https:\/\/www.hoymercedes.com.ar\/principal\/2024\/04\/02\/se-realizo-con-gran-asistencia-el-acto-por-el-dia-del-veterano-y-caido-en-la-guerra-de-malvinas\/sja_7251\/#main\" data-orig-file=\"https:\/\/www.hoymercedes.com.ar\/principal\/wp-content\/uploads\/2024\/04\/SJA_7251.jpg\" data-orig-size=\"1319,879\" data-comments-opened=\"0\" data-image-meta=\"{&quot;aperture&quot;:&quot;0&quot;,&quot;credit&quot;:&quot;SEBASTIANAMBROSSIO&quot;,&quot;camera&quot;:&quot;&quot;,&quot;caption&quot;:&quot;&quot;,&quot;created_timestamp&quot;:&quot;0&quot;,&quot;copyright&quot;:&quot;SebastianAmbrossio&quot;,&quot;focal_length&quot;:&quot;0&quot;,&quot;iso&quot;:&quot;0&quot;,&quot;shutter_speed&quot;:&quot;0&quot;,&quot;title&quot;:&quot;&quot;,&quot;orientation&quot;:&quot;0&quot;}\" data-image-title=\"Se realiz\u00f3 con gran asistencia el acto por el d\u00eda del Veterano y Ca\u00eddo en la guerra de Malvinas\" data-image-description=\"&lt;p&gt;Se realiz\u00f3 con gran asistencia el acto por el d\u00eda del Veterano y Ca\u00eddo en la guerra de Malvinas&lt;\/p&gt;\n\" data-image-caption=\"&lt;p&gt;Se realiz\u00f3 con gran asistencia el acto por el d\u00eda del Veterano y Ca\u00eddo en la guerra de Malvinas&lt;\/p&gt;\n\" data-large-file=\"https:\/\/www.hoymercedes.com.ar\/principal\/wp-content\/uploads\/2024\/04\/SJA_7251-1024x682.jpg\" src=\"https:\/\/www.hoymercedes.com.ar\/principal\/wp-content\/uploads\/2024\/04\/SJA_7251-1024x682.jpg\" alt=\"\" class=\"wp-image-174514\" srcset=\"https:\/\/www.hoymercedes.com.ar\/principal\/wp-content\/uploads\/2024\/04\/SJA_7251-1024x682.jpg 1024w, https:\/\/www.hoymercedes.com.ar\/principal\/wp-content\/uploads\/2024\/04\/SJA_7251-630x420.jpg 630w, https:\/\/www.hoymercedes.com.ar\/principal\/wp-content\/uploads\/2024\/04\/SJA_7251-150x100.jpg 150w, https:\/\/www.hoymercedes.com.ar\/principal\/wp-content\/uploads\/2024\/04\/SJA_7251-700x465.jpg 700w, https:\/\/www.hoymercedes.com.ar\/principal\/wp-content\/uploads\/2024\/04\/SJA_7251.jpg 1319w\" sizes=\"auto, (max-width: 1024px) 100vw, 1024px\" \/><\/figure>\n\n\n\n<p>Se llev\u00f3 adelante el acto por el D\u00eda del Veterano y Ca\u00eddos en la Guerra de Malvinas. Fue en Plazas San Jos\u00e9 al p\u00ede del monumento que los honra. Los veteranos de Mercedes, protagonistas de la jornada, recibieron el acompa\u00f1amiento de gran cantidad de instituciones educativas, fuerzas de seguridad, vecinos y vecinas, gabinete municipal, instituciones sociales, exponiendo el amplio apoyo que tienen nuestros h\u00e9roes locales.<\/p>\n\n\n\n<p><strong>Acto<\/strong><\/p>\n\n\n\n<p>El primero en tomar la palabra fue el Padre Hern\u00e1n, de la parroquia San Jos\u00e9, tan cercana al monumento. \u201cEstamos presentes con un sentimiento de amor por las Malvinas, que es por ustedes\u201d expres\u00f3 antes de iniciar la bendici\u00f3n del acto.<\/p>\n\n\n\n<figure class=\"wp-block-image size-large\"><img loading=\"lazy\" decoding=\"async\" width=\"1024\" height=\"682\" data-attachment-id=\"174519\" data-permalink=\"https:\/\/www.hoymercedes.com.ar\/principal\/2024\/04\/02\/se-realizo-con-gran-asistencia-el-acto-por-el-dia-del-veterano-y-caido-en-la-guerra-de-malvinas\/sja_7271\/#main\" data-orig-file=\"https:\/\/www.hoymercedes.com.ar\/principal\/wp-content\/uploads\/2024\/04\/SJA_7271.jpg\" data-orig-size=\"1319,879\" data-comments-opened=\"0\" data-image-meta=\"{&quot;aperture&quot;:&quot;0&quot;,&quot;credit&quot;:&quot;SEBASTIANAMBROSSIO&quot;,&quot;camera&quot;:&quot;&quot;,&quot;caption&quot;:&quot;&quot;,&quot;created_timestamp&quot;:&quot;0&quot;,&quot;copyright&quot;:&quot;SebastianAmbrossio&quot;,&quot;focal_length&quot;:&quot;0&quot;,&quot;iso&quot;:&quot;0&quot;,&quot;shutter_speed&quot;:&quot;0&quot;,&quot;title&quot;:&quot;&quot;,&quot;orientation&quot;:&quot;0&quot;}\" data-image-title=\"Se realiz\u00f3 con gran asistencia el acto por el d\u00eda del Veterano y Ca\u00eddo en la guerra de Malvinas\" data-image-description=\"&lt;p&gt;Se realiz\u00f3 con gran asistencia el acto por el d\u00eda del Veterano y Ca\u00eddo en la guerra de Malvinas&lt;\/p&gt;\n\" data-image-caption=\"&lt;p&gt;Se realiz\u00f3 con gran asistencia el acto por el d\u00eda del Veterano y Ca\u00eddo en la guerra de Malvinas&lt;\/p&gt;\n\" data-large-file=\"https:\/\/www.hoymercedes.com.ar\/principal\/wp-content\/uploads\/2024\/04\/SJA_7271-1024x682.jpg\" src=\"https:\/\/www.hoymercedes.com.ar\/principal\/wp-content\/uploads\/2024\/04\/SJA_7271-1024x682.jpg\" alt=\"\" class=\"wp-image-174519\" srcset=\"https:\/\/www.hoymercedes.com.ar\/principal\/wp-content\/uploads\/2024\/04\/SJA_7271-1024x682.jpg 1024w, https:\/\/www.hoymercedes.com.ar\/principal\/wp-content\/uploads\/2024\/04\/SJA_7271-630x420.jpg 630w, https:\/\/www.hoymercedes.com.ar\/principal\/wp-content\/uploads\/2024\/04\/SJA_7271-150x100.jpg 150w, https:\/\/www.hoymercedes.com.ar\/principal\/wp-content\/uploads\/2024\/04\/SJA_7271-700x465.jpg 700w, https:\/\/www.hoymercedes.com.ar\/principal\/wp-content\/uploads\/2024\/04\/SJA_7271.jpg 1319w\" sizes=\"auto, (max-width: 1024px) 100vw, 1024px\" \/><\/figure>\n\n\n\n<p><strong>Recuerdo<\/strong><\/p>\n\n\n\n<p>Luego <strong>Marcelo De Cunto<\/strong>, integrante del Centro de Veteranos, record\u00f3 que \u201cfue el 2 de abril de 1983 que nos juntamos por primera vez en este lugar, con un solo fin, de recordar a los<strong> 649 ca\u00eddos<\/strong> en nuestra patria. Y en esta ciudad muy especialmente a los soldados <strong>Horacio Balvidares y Ricardo Luna<\/strong>\u201d<\/p>\n\n\n\n<p>Sostuvo tambi\u00e9n, tras agradecer a las familias y a cada uno y cada una de los que constantemente apoyan al Centro, a la causa y a ellos en particular, que \u201cvamos a seguir malvinizando. Esa es nuestra tarea final. Lo estamos logrando. Ya gran parte de la poblaci\u00f3n nos apoya, nos sigue, nos respeta, nos valoran\u201d<\/p>\n\n\n\n<figure class=\"wp-block-image size-large\"><img loading=\"lazy\" decoding=\"async\" width=\"1024\" height=\"682\" data-attachment-id=\"174515\" data-permalink=\"https:\/\/www.hoymercedes.com.ar\/principal\/2024\/04\/02\/se-realizo-con-gran-asistencia-el-acto-por-el-dia-del-veterano-y-caido-en-la-guerra-de-malvinas\/sja_7398\/#main\" data-orig-file=\"https:\/\/www.hoymercedes.com.ar\/principal\/wp-content\/uploads\/2024\/04\/SJA_7398.jpg\" data-orig-size=\"1319,879\" data-comments-opened=\"0\" data-image-meta=\"{&quot;aperture&quot;:&quot;0&quot;,&quot;credit&quot;:&quot;SEBASTIANAMBROSSIO&quot;,&quot;camera&quot;:&quot;&quot;,&quot;caption&quot;:&quot;&quot;,&quot;created_timestamp&quot;:&quot;0&quot;,&quot;copyright&quot;:&quot;SebastianAmbrossio&quot;,&quot;focal_length&quot;:&quot;0&quot;,&quot;iso&quot;:&quot;0&quot;,&quot;shutter_speed&quot;:&quot;0&quot;,&quot;title&quot;:&quot;&quot;,&quot;orientation&quot;:&quot;0&quot;}\" data-image-title=\"Se realiz\u00f3 con gran asistencia el acto por el d\u00eda del Veterano y Ca\u00eddo en la guerra de Malvinas\" data-image-description=\"&lt;p&gt;Se realiz\u00f3 con gran asistencia el acto por el d\u00eda del Veterano y Ca\u00eddo en la guerra de Malvinas&lt;\/p&gt;\n\" data-image-caption=\"&lt;p&gt;Se realiz\u00f3 con gran asistencia el acto por el d\u00eda del Veterano y Ca\u00eddo en la guerra de Malvinas&lt;\/p&gt;\n\" data-large-file=\"https:\/\/www.hoymercedes.com.ar\/principal\/wp-content\/uploads\/2024\/04\/SJA_7398-1024x682.jpg\" src=\"https:\/\/www.hoymercedes.com.ar\/principal\/wp-content\/uploads\/2024\/04\/SJA_7398-1024x682.jpg\" alt=\"\" class=\"wp-image-174515\" srcset=\"https:\/\/www.hoymercedes.com.ar\/principal\/wp-content\/uploads\/2024\/04\/SJA_7398-1024x682.jpg 1024w, https:\/\/www.hoymercedes.com.ar\/principal\/wp-content\/uploads\/2024\/04\/SJA_7398-630x420.jpg 630w, https:\/\/www.hoymercedes.com.ar\/principal\/wp-content\/uploads\/2024\/04\/SJA_7398-150x100.jpg 150w, https:\/\/www.hoymercedes.com.ar\/principal\/wp-content\/uploads\/2024\/04\/SJA_7398-700x465.jpg 700w, https:\/\/www.hoymercedes.com.ar\/principal\/wp-content\/uploads\/2024\/04\/SJA_7398.jpg 1319w\" sizes=\"auto, (max-width: 1024px) 100vw, 1024px\" \/><\/figure>\n\n\n\n<p><strong>Debate<\/strong><\/p>\n\n\n\n<p>\u201cLamentablemente siempre aparecen trabas que se ponen para nuestro fin. No quiero ser reiterativo, pero tuvimos un caso hace dos a\u00f1os, cuando se cumpli\u00f3 40 a\u00f1os ac\u00e1 en Mercedes, que nos doli\u00f3 mucho, y ahora nos est\u00e1 pasando a nivel nacional. Es muy duro para nosotros y mucho m\u00e1s duro para los familiares de los ca\u00eddos que tengamos un presidente que adora e idolatra a Margaret Thatcher, que es la asesina, con may\u00fascula asesina de 323 compatriotas\u201d<\/p>\n\n\n\n<p><strong>De Cunto<\/strong> tambi\u00e9n hizo un an\u00e1lisis sobre la entrega de explotaci\u00f3n mar\u00edtima que recientemente se hizo en beneficio de Inglaterra y que \u201ceso todas cosas que nos duelen y le van de lleno al coraz\u00f3n a los familiares de los ca\u00eddos. Eso es lo que a nosotros nos molesta, por eso les pido que sigan acompa\u00f1\u00e1ndonos para que de Malvinas y de nuestros ca\u00eddos no se olviden nunca\u201d<\/p>\n\n\n\n<p><strong>Continuidad<\/strong><\/p>\n\n\n\n<p>El jefe comunal, <strong>Dr Juan I. Ustarroz<\/strong>, tras recordar distintos momentos e historia vinculada a Malvinas coment\u00f3 que \u201cellos volvieron a seguir luchando contra el olvido, a luchar, como bien dec\u00eda el padre reci\u00e9n, en un contexto dif\u00edcil donde hubo periodos donde se busc\u00f3 desmalvinizar a nuestra sociedad y no acompa\u00f1ar ni a los veteranos ni a la causa Malvinas\u201d<\/p>\n\n\n\n<figure class=\"wp-block-image size-large\"><img loading=\"lazy\" decoding=\"async\" width=\"1024\" height=\"682\" data-attachment-id=\"174516\" data-permalink=\"https:\/\/www.hoymercedes.com.ar\/principal\/2024\/04\/02\/se-realizo-con-gran-asistencia-el-acto-por-el-dia-del-veterano-y-caido-en-la-guerra-de-malvinas\/sja_7402\/#main\" data-orig-file=\"https:\/\/www.hoymercedes.com.ar\/principal\/wp-content\/uploads\/2024\/04\/SJA_7402.jpg\" data-orig-size=\"1319,879\" data-comments-opened=\"0\" data-image-meta=\"{&quot;aperture&quot;:&quot;0&quot;,&quot;credit&quot;:&quot;SEBASTIANAMBROSSIO&quot;,&quot;camera&quot;:&quot;&quot;,&quot;caption&quot;:&quot;&quot;,&quot;created_timestamp&quot;:&quot;0&quot;,&quot;copyright&quot;:&quot;SebastianAmbrossio&quot;,&quot;focal_length&quot;:&quot;0&quot;,&quot;iso&quot;:&quot;0&quot;,&quot;shutter_speed&quot;:&quot;0&quot;,&quot;title&quot;:&quot;&quot;,&quot;orientation&quot;:&quot;0&quot;}\" data-image-title=\"Se realiz\u00f3 con gran asistencia el acto por el d\u00eda del Veterano y Ca\u00eddo en la guerra de Malvinas\" data-image-description=\"&lt;p&gt;Se realiz\u00f3 con gran asistencia el acto por el d\u00eda del Veterano y Ca\u00eddo en la guerra de Malvinas&lt;\/p&gt;\n\" data-image-caption=\"&lt;p&gt;Se realiz\u00f3 con gran asistencia el acto por el d\u00eda del Veterano y Ca\u00eddo en la guerra de Malvinas&lt;\/p&gt;\n\" data-large-file=\"https:\/\/www.hoymercedes.com.ar\/principal\/wp-content\/uploads\/2024\/04\/SJA_7402-1024x682.jpg\" src=\"https:\/\/www.hoymercedes.com.ar\/principal\/wp-content\/uploads\/2024\/04\/SJA_7402-1024x682.jpg\" alt=\"\" class=\"wp-image-174516\" srcset=\"https:\/\/www.hoymercedes.com.ar\/principal\/wp-content\/uploads\/2024\/04\/SJA_7402-1024x682.jpg 1024w, https:\/\/www.hoymercedes.com.ar\/principal\/wp-content\/uploads\/2024\/04\/SJA_7402-630x420.jpg 630w, https:\/\/www.hoymercedes.com.ar\/principal\/wp-content\/uploads\/2024\/04\/SJA_7402-150x100.jpg 150w, https:\/\/www.hoymercedes.com.ar\/principal\/wp-content\/uploads\/2024\/04\/SJA_7402-700x465.jpg 700w, https:\/\/www.hoymercedes.com.ar\/principal\/wp-content\/uploads\/2024\/04\/SJA_7402.jpg 1319w\" sizes=\"auto, (max-width: 1024px) 100vw, 1024px\" \/><\/figure>\n\n\n\n<p>Destac\u00f3 que no es lo mismo hablar en abstracto que concretar y sobre todo considerar lo m\u00e1s importante, al ser humano que sufri\u00f3, que estuvo en la guerra.<\/p>\n\n\n\n<p>Mencion\u00f3 tambi\u00e9n que se efectuar\u00e1 un t\u00f3tem por Malvinas que fue votado por el Concejo Deliberante.<\/p>\n\n\n\n<p>Antes de finalizar remarc\u00f3 que \u201cMalvinas es una causa que nos tiene que unir como pueblo\u201d y \u201ca todos los veteranos y a los ca\u00eddos y a sus familiares, much\u00edsimas gracias por el ejemplo de lucha, de no claudicaci\u00f3n y gracias, muchas gracias\u201d<\/p>\n\n\n\n<figure class=\"wp-block-image size-large\"><img loading=\"lazy\" decoding=\"async\" width=\"1024\" height=\"682\" data-attachment-id=\"174517\" data-permalink=\"https:\/\/www.hoymercedes.com.ar\/principal\/2024\/04\/02\/se-realizo-con-gran-asistencia-el-acto-por-el-dia-del-veterano-y-caido-en-la-guerra-de-malvinas\/sja_7434\/#main\" data-orig-file=\"https:\/\/www.hoymercedes.com.ar\/principal\/wp-content\/uploads\/2024\/04\/SJA_7434.jpg\" data-orig-size=\"1319,879\" data-comments-opened=\"0\" data-image-meta=\"{&quot;aperture&quot;:&quot;0&quot;,&quot;credit&quot;:&quot;SEBASTIANAMBROSSIO&quot;,&quot;camera&quot;:&quot;&quot;,&quot;caption&quot;:&quot;&quot;,&quot;created_timestamp&quot;:&quot;0&quot;,&quot;copyright&quot;:&quot;SebastianAmbrossio&quot;,&quot;focal_length&quot;:&quot;0&quot;,&quot;iso&quot;:&quot;0&quot;,&quot;shutter_speed&quot;:&quot;0&quot;,&quot;title&quot;:&quot;&quot;,&quot;orientation&quot;:&quot;0&quot;}\" data-image-title=\"Se realiz\u00f3 con gran asistencia el acto por el d\u00eda del Veterano y Ca\u00eddo en la guerra de Malvinas\" data-image-description=\"&lt;p&gt;Se realiz\u00f3 con gran asistencia el acto por el d\u00eda del Veterano y Ca\u00eddo en la guerra de Malvinas&lt;\/p&gt;\n\" data-image-caption=\"&lt;p&gt;Se realiz\u00f3 con gran asistencia el acto por el d\u00eda del Veterano y Ca\u00eddo en la guerra de Malvinas&lt;\/p&gt;\n\" data-large-file=\"https:\/\/www.hoymercedes.com.ar\/principal\/wp-content\/uploads\/2024\/04\/SJA_7434-1024x682.jpg\" src=\"https:\/\/www.hoymercedes.com.ar\/principal\/wp-content\/uploads\/2024\/04\/SJA_7434-1024x682.jpg\" alt=\"\" class=\"wp-image-174517\" srcset=\"https:\/\/www.hoymercedes.com.ar\/principal\/wp-content\/uploads\/2024\/04\/SJA_7434-1024x682.jpg 1024w, https:\/\/www.hoymercedes.com.ar\/principal\/wp-content\/uploads\/2024\/04\/SJA_7434-630x420.jpg 630w, https:\/\/www.hoymercedes.com.ar\/principal\/wp-content\/uploads\/2024\/04\/SJA_7434-150x100.jpg 150w, https:\/\/www.hoymercedes.com.ar\/principal\/wp-content\/uploads\/2024\/04\/SJA_7434-700x465.jpg 700w, https:\/\/www.hoymercedes.com.ar\/principal\/wp-content\/uploads\/2024\/04\/SJA_7434.jpg 1319w\" sizes=\"auto, (max-width: 1024px) 100vw, 1024px\" \/><\/figure>\n\n\n\n<p><strong>Escuelas<\/strong><\/p>\n\n\n\n<p>Este a\u00f1o participaron una gran cantidad de instituciones, entre ellas, Escuela N\u00b010, Escuela Primaria N\u00b019, Escuela Primaria N\u00b013, Escuela Primaria N\u00b023, Escuela Primaria de Adultos N\u00b0707, Instituto Camila Rol\u00f3n, Escuela T\u00e9cnica N\u00b01, Escuela T\u00e9cnica N\u00b02, Misericordia, Escuela Primaria N\u00b030, CENS N\u00b0453, Escuela Primaria N\u00b02, Escuela Primaria N\u00b016, Instituto San Antonio, Instituto Padre Ansaldo, Primaria N\u00b035, Jard\u00edn N\u00b0909, Jard\u00edn N\u00b0907, Jirim N\u00b02, Jard\u00edn N\u00b0915.<\/p>\n\n\n\n<p><strong>Ofrendas<\/strong><\/p>\n\n\n\n<p>Hubo una gran cantidad de ofrendes florales de m\u00faltiples instituciones y referencias de la ciudad, dejando en evidencia el sentimiento y respeto que se tiene por parte de cada una de ellas.<\/p>\n\n\n\n<figure class=\"wp-block-image size-large\"><img loading=\"lazy\" decoding=\"async\" width=\"1024\" height=\"682\" data-attachment-id=\"174518\" data-permalink=\"https:\/\/www.hoymercedes.com.ar\/principal\/2024\/04\/02\/se-realizo-con-gran-asistencia-el-acto-por-el-dia-del-veterano-y-caido-en-la-guerra-de-malvinas\/sja_7295\/#main\" data-orig-file=\"https:\/\/www.hoymercedes.com.ar\/principal\/wp-content\/uploads\/2024\/04\/SJA_7295.jpg\" data-orig-size=\"1319,879\" data-comments-opened=\"0\" data-image-meta=\"{&quot;aperture&quot;:&quot;0&quot;,&quot;credit&quot;:&quot;SEBASTIANAMBROSSIO&quot;,&quot;camera&quot;:&quot;&quot;,&quot;caption&quot;:&quot;&quot;,&quot;created_timestamp&quot;:&quot;0&quot;,&quot;copyright&quot;:&quot;SebastianAmbrossio&quot;,&quot;focal_length&quot;:&quot;0&quot;,&quot;iso&quot;:&quot;0&quot;,&quot;shutter_speed&quot;:&quot;0&quot;,&quot;title&quot;:&quot;&quot;,&quot;orientation&quot;:&quot;0&quot;}\" data-image-title=\"Se realiz\u00f3 con gran asistencia el acto por el d\u00eda del Veterano y Ca\u00eddo en la guerra de Malvinas\" data-image-description=\"&lt;p&gt;Se realiz\u00f3 con gran asistencia el acto por el d\u00eda del Veterano y Ca\u00eddo en la guerra de Malvinas&lt;\/p&gt;\n\" data-image-caption=\"&lt;p&gt;Se realiz\u00f3 con gran asistencia el acto por el d\u00eda del Veterano y Ca\u00eddo en la guerra de Malvinas&lt;\/p&gt;\n\" data-large-file=\"https:\/\/www.hoymercedes.com.ar\/principal\/wp-content\/uploads\/2024\/04\/SJA_7295-1024x682.jpg\" src=\"https:\/\/www.hoymercedes.com.ar\/principal\/wp-content\/uploads\/2024\/04\/SJA_7295-1024x682.jpg\" alt=\"\" class=\"wp-image-174518\" srcset=\"https:\/\/www.hoymercedes.com.ar\/principal\/wp-content\/uploads\/2024\/04\/SJA_7295-1024x682.jpg 1024w, https:\/\/www.hoymercedes.com.ar\/principal\/wp-content\/uploads\/2024\/04\/SJA_7295-630x420.jpg 630w, https:\/\/www.hoymercedes.com.ar\/principal\/wp-content\/uploads\/2024\/04\/SJA_7295-150x100.jpg 150w, https:\/\/www.hoymercedes.com.ar\/principal\/wp-content\/uploads\/2024\/04\/SJA_7295-700x465.jpg 700w, https:\/\/www.hoymercedes.com.ar\/principal\/wp-content\/uploads\/2024\/04\/SJA_7295.jpg 1319w\" sizes=\"auto, (max-width: 1024px) 100vw, 1024px\" \/><\/figure>\n","protected":false},"excerpt":{"rendered":"<p>Se llev\u00f3 adelante el acto por el D\u00eda del Veterano y Ca\u00eddos en la Guerra de Malvinas. Fue en Plazas &#8230; <a title=\"Se realiz\u00f3 con gran asistencia el acto por el d\u00eda del Veterano y Ca\u00eddo en la guerra de Malvinas\" class=\"read-more\" href=\"https:\/\/www.hoymercedes.com.ar\/principal\/2024\/04\/02\/se-realizo-con-gran-asistencia-el-acto-por-el-dia-del-veterano-y-caido-en-la-guerra-de-malvinas\/\" aria-label=\"Leer m\u00e1s sobre Se realiz\u00f3 con gran asistencia el acto por el d\u00eda del Veterano y Ca\u00eddo en la guerra de Malvinas\">Leer m\u00e1s<\/a><\/p>\n","protected":false},"author":1,"featured_media":174519,"comment_status":"closed","ping_status":"open","sticky":false,"template":"","format":"standard","meta":{"_monsterinsights_skip_tracking":false,"_monsterinsights_sitenote_active":false,"_monsterinsights_sitenote_note":"","_monsterinsights_sitenote_category":0,"jetpack_post_was_ever_published":false,"_jetpack_newsletter_access":"","_jetpack_dont_email_post_to_subs":false,"_jetpack_newsletter_tier_id":0,"_jetpack_memberships_contains_paywalled_content":false,"_jetpack_memberships_contains_paid_content":false,"footnotes":"","jetpack_publicize_message":"","jetpack_publicize_feature_enabled":true,"jetpack_social_post_already_shared":true,"jetpack_social_options":{"image_generator_settings":{"template":"highway","default_image_id":0,"font":"","enabled":false},"version":2},"_wpas_customize_per_network":false},"categories":[8],"tags":[19352,8830,19353],"class_list":["post-174513","post","type-post","status-publish","format-standard","has-post-thumbnail","hentry","category-sociedad","tag-acto-dia-de-malvinas","tag-guerra-de-malvinas","tag-veteranos-de-malvinas-mercedes","generate-columns","tablet-grid-50","mobile-grid-100","grid-parent","grid-50"],"jetpack_publicize_connections":[],"jetpack_featured_media_url":"https:\/\/www.hoymercedes.com.ar\/principal\/wp-content\/uploads\/2024\/04\/SJA_7271.jpg","wps_subtitle":"Soberan\u00eda nacional ","jetpack_sharing_enabled":true,"_links":{"self":[{"href":"https:\/\/www.hoymercedes.com.ar\/principal\/wp-json\/wp\/v2\/posts\/174513","targetHints":{"allow":["GET"]}}],"collection":[{"href":"https:\/\/www.hoymercedes.com.ar\/principal\/wp-json\/wp\/v2\/posts"}],"about":[{"href":"https:\/\/www.hoymercedes.com.ar\/principal\/wp-json\/wp\/v2\/types\/post"}],"author":[{"embeddable":true,"href":"https:\/\/www.hoymercedes.com.ar\/principal\/wp-json\/wp\/v2\/users\/1"}],"replies":[{"embeddable":true,"href":"https:\/\/www.hoymercedes.com.ar\/principal\/wp-json\/wp\/v2\/comments?post=174513"}],"version-history":[{"count":0,"href":"https:\/\/www.hoymercedes.com.ar\/principal\/wp-json\/wp\/v2\/posts\/174513\/revisions"}],"wp:featuredmedia":[{"embeddable":true,"href":"https:\/\/www.hoymercedes.com.ar\/principal\/wp-json\/wp\/v2\/media\/174519"}],"wp:attachment":[{"href":"https:\/\/www.hoymercedes.com.ar\/principal\/wp-json\/wp\/v2\/media?parent=174513"}],"wp:term":[{"taxonomy":"category","embeddable":true,"href":"https:\/\/www.hoymercedes.com.ar\/principal\/wp-json\/wp\/v2\/categories?post=174513"},{"taxonomy":"post_tag","embeddable":true,"href":"https:\/\/www.hoymercedes.com.ar\/principal\/wp-json\/wp\/v2\/tags?post=174513"}],"curies":[{"name":"wp","href":"https:\/\/api.w.org\/{rel}","templated":true}]}}