{"id":174586,"date":"2024-04-06T16:18:00","date_gmt":"2024-04-06T19:18:00","guid":{"rendered":"https:\/\/www.hoymercedes.com.ar\/principal\/?p=174586"},"modified":"2024-04-06T15:22:47","modified_gmt":"2024-04-06T18:22:47","slug":"se-viene-el-2-festival-solidario-todos-por-bomberos","status":"publish","type":"post","link":"https:\/\/www.hoymercedes.com.ar\/principal\/2024\/04\/06\/se-viene-el-2-festival-solidario-todos-por-bomberos\/","title":{"rendered":"Se viene el 2\u00b0 Festival Solidario \u201cTodos por Bomberos\u201d"},"content":{"rendered":"\n<figure class=\"wp-block-image size-large\"><img loading=\"lazy\" decoding=\"async\" width=\"1024\" height=\"682\" data-attachment-id=\"174587\" data-permalink=\"https:\/\/www.hoymercedes.com.ar\/principal\/2024\/04\/06\/se-viene-el-2-festival-solidario-todos-por-bomberos\/dsc_1087\/#main\" data-orig-file=\"https:\/\/www.hoymercedes.com.ar\/principal\/wp-content\/uploads\/2024\/04\/DSC_1087.jpg\" data-orig-size=\"1319,879\" data-comments-opened=\"0\" data-image-meta=\"{&quot;aperture&quot;:&quot;0&quot;,&quot;credit&quot;:&quot;&quot;,&quot;camera&quot;:&quot;&quot;,&quot;caption&quot;:&quot;&quot;,&quot;created_timestamp&quot;:&quot;0&quot;,&quot;copyright&quot;:&quot;&quot;,&quot;focal_length&quot;:&quot;0&quot;,&quot;iso&quot;:&quot;0&quot;,&quot;shutter_speed&quot;:&quot;0&quot;,&quot;title&quot;:&quot;&quot;,&quot;orientation&quot;:&quot;0&quot;}\" data-image-title=\"Se viene el 2\u00b0 Festival Solidario \u201cTodos por Bomberos\u201d\" data-image-description=\"&lt;p&gt;Se viene el 2\u00b0 Festival Solidario \u201cTodos por Bomberos\u201d&lt;\/p&gt;\n\" data-image-caption=\"&lt;p&gt;Se viene el 2\u00b0 Festival Solidario \u201cTodos por Bomberos\u201d&lt;\/p&gt;\n\" data-large-file=\"https:\/\/www.hoymercedes.com.ar\/principal\/wp-content\/uploads\/2024\/04\/DSC_1087-1024x682.jpg\" src=\"https:\/\/www.hoymercedes.com.ar\/principal\/wp-content\/uploads\/2024\/04\/DSC_1087-1024x682.jpg\" alt=\"\" class=\"wp-image-174587\" srcset=\"https:\/\/www.hoymercedes.com.ar\/principal\/wp-content\/uploads\/2024\/04\/DSC_1087-1024x682.jpg 1024w, https:\/\/www.hoymercedes.com.ar\/principal\/wp-content\/uploads\/2024\/04\/DSC_1087-630x420.jpg 630w, https:\/\/www.hoymercedes.com.ar\/principal\/wp-content\/uploads\/2024\/04\/DSC_1087-150x100.jpg 150w, https:\/\/www.hoymercedes.com.ar\/principal\/wp-content\/uploads\/2024\/04\/DSC_1087-700x465.jpg 700w, https:\/\/www.hoymercedes.com.ar\/principal\/wp-content\/uploads\/2024\/04\/DSC_1087.jpg 1319w\" sizes=\"auto, (max-width: 1024px) 100vw, 1024px\" \/><\/figure>\n\n\n\n<p>El pr\u00f3ximo 12 de mayo se viene el segundo festival solidario \u201cTodos por Bomberos\u201d el cual es organizado por el Cuerpo de Bomberos, la Sociedad Rural y el Municipio de Mercedes. El mismo tiene como objetivo recaudar dinero para la compra de insumos y m\u00f3viles para la tan querida instituci\u00f3n.&nbsp;<\/p>\n\n\n\n<p>Sebasti\u00e1n Cossi, ayudante mayor del cuartel de bomberos de nuestra ciudad se\u00f1al\u00f3 \u201cqueremos que sea un evento que perdure en el tiempo y que quede como una de las fiestas anuales de la ciudad\u201d y agreg\u00f3 \u201cdecidimos hacerla el 12 de mayo porque es una fecha que queda libre, as\u00ed que dispusimos que sea ese domingo\u201d.<\/p>\n\n\n\n<p>\u201cVamos a arrancar tipo 09:00 de la ma\u00f1ana y disfrutar el d\u00eda en el predio de la Sociedad Rural\u201d expres\u00f3 Cossi y a\u00f1adi\u00f3 \u201cvamos a tratar que haya actividades en el escenario, autos cl\u00e1sicos, de carreras, inflables para los nenes, destrezas de nuestro cuerpo de bomberos y pasar una linda jornada junto a todos los vecinos\u201d.<\/p>\n\n\n\n<p>Asimismo, Cossi indic\u00f3 \u201ceste a\u00f1o vamos a estar haciendo un almuerzo en colaboraci\u00f3n del cuerpo de bomberos con un valor estimado -a\u00fan no est\u00e1 definido- de 12 mil pesos en el que van a poder comer costilleres, vaquillonas, corderos, lechones, ensaladas, pan de manera libre y tendr\u00e1n que llevar vajilla\u201d y a\u00f1adi\u00f3 \u201cla manera de ayudar a la instituci\u00f3n es a trav\u00e9s de este almuerzo, pero para los que quieran ir y no participar del mismo, la entrada ser\u00e1 libre y gratuita, habr\u00e1 cantina y puestos\u201d.<\/p>\n\n\n\n<p>Conjuntamente cont\u00f3 \u201cmuchos de los productos para poder hacer este almuerzo son donados, por lo que lo recaudado es en su totalidad para nuestro cuerpo de bomberos\u201d y apunt\u00f3 \u201cla semana que vienen van a estar publicados los distintos puntos de venta de la tarjeta\u201d.<\/p>\n","protected":false},"excerpt":{"rendered":"<p>El pr\u00f3ximo 12 de mayo se viene el segundo festival solidario \u201cTodos por Bomberos\u201d el cual es organizado por el &#8230; <a title=\"Se viene el 2\u00b0 Festival Solidario \u201cTodos por Bomberos\u201d\" class=\"read-more\" href=\"https:\/\/www.hoymercedes.com.ar\/principal\/2024\/04\/06\/se-viene-el-2-festival-solidario-todos-por-bomberos\/\" aria-label=\"Leer m\u00e1s sobre Se viene el 2\u00b0 Festival Solidario \u201cTodos por Bomberos\u201d\">Leer m\u00e1s<\/a><\/p>\n","protected":false},"author":1,"featured_media":174587,"comment_status":"closed","ping_status":"open","sticky":false,"template":"","format":"standard","meta":{"_monsterinsights_skip_tracking":false,"_monsterinsights_sitenote_active":false,"_monsterinsights_sitenote_note":"","_monsterinsights_sitenote_category":0,"jetpack_post_was_ever_published":false,"_jetpack_newsletter_access":"","_jetpack_dont_email_post_to_subs":false,"_jetpack_newsletter_tier_id":0,"_jetpack_memberships_contains_paywalled_content":false,"_jetpack_memberships_contains_paid_content":false,"footnotes":"","jetpack_publicize_message":"","jetpack_publicize_feature_enabled":true,"jetpack_social_post_already_shared":true,"jetpack_social_options":{"image_generator_settings":{"template":"highway","default_image_id":0,"font":"","enabled":false},"version":2},"_wpas_customize_per_network":false},"categories":[8],"tags":[865,19359],"class_list":["post-174586","post","type-post","status-publish","format-standard","has-post-thumbnail","hentry","category-sociedad","tag-bomberos-voluntarios","tag-todos-por-bomberos-mercedes","generate-columns","tablet-grid-50","mobile-grid-100","grid-parent","grid-50"],"jetpack_publicize_connections":[],"jetpack_featured_media_url":"https:\/\/www.hoymercedes.com.ar\/principal\/wp-content\/uploads\/2024\/04\/DSC_1087.jpg","wps_subtitle":"Fiestas y solidaridad","jetpack_sharing_enabled":true,"_links":{"self":[{"href":"https:\/\/www.hoymercedes.com.ar\/principal\/wp-json\/wp\/v2\/posts\/174586","targetHints":{"allow":["GET"]}}],"collection":[{"href":"https:\/\/www.hoymercedes.com.ar\/principal\/wp-json\/wp\/v2\/posts"}],"about":[{"href":"https:\/\/www.hoymercedes.com.ar\/principal\/wp-json\/wp\/v2\/types\/post"}],"author":[{"embeddable":true,"href":"https:\/\/www.hoymercedes.com.ar\/principal\/wp-json\/wp\/v2\/users\/1"}],"replies":[{"embeddable":true,"href":"https:\/\/www.hoymercedes.com.ar\/principal\/wp-json\/wp\/v2\/comments?post=174586"}],"version-history":[{"count":0,"href":"https:\/\/www.hoymercedes.com.ar\/principal\/wp-json\/wp\/v2\/posts\/174586\/revisions"}],"wp:featuredmedia":[{"embeddable":true,"href":"https:\/\/www.hoymercedes.com.ar\/principal\/wp-json\/wp\/v2\/media\/174587"}],"wp:attachment":[{"href":"https:\/\/www.hoymercedes.com.ar\/principal\/wp-json\/wp\/v2\/media?parent=174586"}],"wp:term":[{"taxonomy":"category","embeddable":true,"href":"https:\/\/www.hoymercedes.com.ar\/principal\/wp-json\/wp\/v2\/categories?post=174586"},{"taxonomy":"post_tag","embeddable":true,"href":"https:\/\/www.hoymercedes.com.ar\/principal\/wp-json\/wp\/v2\/tags?post=174586"}],"curies":[{"name":"wp","href":"https:\/\/api.w.org\/{rel}","templated":true}]}}