{"id":174590,"date":"2024-04-06T19:02:59","date_gmt":"2024-04-06T22:02:59","guid":{"rendered":"https:\/\/www.hoymercedes.com.ar\/principal\/?p=174590"},"modified":"2024-04-06T19:03:00","modified_gmt":"2024-04-06T22:03:00","slug":"mira-en-vivo-el-partido-de-club-mercedes-vs-lujan-por-la-primera-c","status":"publish","type":"post","link":"https:\/\/www.hoymercedes.com.ar\/principal\/2024\/04\/06\/mira-en-vivo-el-partido-de-club-mercedes-vs-lujan-por-la-primera-c\/","title":{"rendered":"Mir\u00e1 en vivo el partido de Club Mercedes vs Luj\u00e1n por la Primera C"},"content":{"rendered":"\n<figure class=\"wp-block-embed is-type-video is-provider-youtube wp-block-embed-youtube wp-embed-aspect-4-3 wp-has-aspect-ratio\"><div class=\"wp-block-embed__wrapper\">\n<iframe loading=\"lazy\" title=\"FUTBOL CLUB MERCEDES VS. LUJAN EN VIVO | VOX PERIODISMO AUDIOVISUAL\" width=\"1200\" height=\"900\" src=\"https:\/\/www.youtube.com\/embed\/TjFupWDa4eo?feature=oembed\" frameborder=\"0\" allow=\"accelerometer; autoplay; clipboard-write; encrypted-media; gyroscope; picture-in-picture; web-share\" referrerpolicy=\"strict-origin-when-cross-origin\" allowfullscreen><\/iframe>\n<\/div><\/figure>\n\n\n\n<p>Viv\u00e9 el partido que <strong>Club Mercedes<\/strong> jugar\u00e1 por la fecha n\u00b011 de <strong>Primera C<\/strong> contra <strong>Luj\u00e1n<\/strong>. Es en la <strong>Liga Mercedina. <\/strong>Con transmisi\u00f3n de Vox Periodismo segu\u00ed toda emoci\u00f3n de la fecha.<\/p>\n","protected":false},"excerpt":{"rendered":"<p>Viv\u00e9 el partido que Club Mercedes jugar\u00e1 por la fecha n\u00b011 de Primera C contra Luj\u00e1n. Es en la Liga &#8230; <a title=\"Mir\u00e1 en vivo el partido de Club Mercedes vs Luj\u00e1n por la Primera C\" class=\"read-more\" href=\"https:\/\/www.hoymercedes.com.ar\/principal\/2024\/04\/06\/mira-en-vivo-el-partido-de-club-mercedes-vs-lujan-por-la-primera-c\/\" aria-label=\"Leer m\u00e1s sobre Mir\u00e1 en vivo el partido de Club Mercedes vs Luj\u00e1n por la Primera C\">Leer m\u00e1s<\/a><\/p>\n","protected":false},"author":1,"featured_media":174591,"comment_status":"closed","ping_status":"open","sticky":false,"template":"","format":"standard","meta":{"_monsterinsights_skip_tracking":false,"_monsterinsights_sitenote_active":false,"_monsterinsights_sitenote_note":"","_monsterinsights_sitenote_category":0,"jetpack_post_was_ever_published":false,"_jetpack_newsletter_access":"","_jetpack_dont_email_post_to_subs":false,"_jetpack_newsletter_tier_id":0,"_jetpack_memberships_contains_paywalled_content":false,"_jetpack_memberships_contains_paid_content":false,"footnotes":"","jetpack_publicize_message":"","jetpack_publicize_feature_enabled":true,"jetpack_social_post_already_shared":true,"jetpack_social_options":{"image_generator_settings":{"template":"highway","default_image_id":0,"font":"","enabled":false},"version":2},"_wpas_customize_per_network":false},"categories":[21],"tags":[122,86,10725],"class_list":["post-174590","post","type-post","status-publish","format-standard","has-post-thumbnail","hentry","category-deportes","tag-club-mercedes","tag-lujan","tag-primera-c","generate-columns","tablet-grid-50","mobile-grid-100","grid-parent","grid-50"],"jetpack_publicize_connections":[],"jetpack_featured_media_url":"https:\/\/www.hoymercedes.com.ar\/principal\/wp-content\/uploads\/2024\/04\/Captura-de-pantalla-2024-04-06-190141.png","wps_subtitle":"Primera C","jetpack_sharing_enabled":true,"_links":{"self":[{"href":"https:\/\/www.hoymercedes.com.ar\/principal\/wp-json\/wp\/v2\/posts\/174590","targetHints":{"allow":["GET"]}}],"collection":[{"href":"https:\/\/www.hoymercedes.com.ar\/principal\/wp-json\/wp\/v2\/posts"}],"about":[{"href":"https:\/\/www.hoymercedes.com.ar\/principal\/wp-json\/wp\/v2\/types\/post"}],"author":[{"embeddable":true,"href":"https:\/\/www.hoymercedes.com.ar\/principal\/wp-json\/wp\/v2\/users\/1"}],"replies":[{"embeddable":true,"href":"https:\/\/www.hoymercedes.com.ar\/principal\/wp-json\/wp\/v2\/comments?post=174590"}],"version-history":[{"count":0,"href":"https:\/\/www.hoymercedes.com.ar\/principal\/wp-json\/wp\/v2\/posts\/174590\/revisions"}],"wp:featuredmedia":[{"embeddable":true,"href":"https:\/\/www.hoymercedes.com.ar\/principal\/wp-json\/wp\/v2\/media\/174591"}],"wp:attachment":[{"href":"https:\/\/www.hoymercedes.com.ar\/principal\/wp-json\/wp\/v2\/media?parent=174590"}],"wp:term":[{"taxonomy":"category","embeddable":true,"href":"https:\/\/www.hoymercedes.com.ar\/principal\/wp-json\/wp\/v2\/categories?post=174590"},{"taxonomy":"post_tag","embeddable":true,"href":"https:\/\/www.hoymercedes.com.ar\/principal\/wp-json\/wp\/v2\/tags?post=174590"}],"curies":[{"name":"wp","href":"https:\/\/api.w.org\/{rel}","templated":true}]}}