{"id":174839,"date":"2024-04-15T12:22:45","date_gmt":"2024-04-15T15:22:45","guid":{"rendered":"https:\/\/www.hoymercedes.com.ar\/principal\/?p=174839"},"modified":"2024-04-15T12:22:46","modified_gmt":"2024-04-15T15:22:46","slug":"diego-maru-y-una-nueva-propuesta-en-la-tarde-de-la-radio","status":"publish","type":"post","link":"https:\/\/www.hoymercedes.com.ar\/principal\/2024\/04\/15\/diego-maru-y-una-nueva-propuesta-en-la-tarde-de-la-radio\/","title":{"rendered":"Diego Mar\u00fa y una nueva propuesta en la tarde de la radio"},"content":{"rendered":"\n<figure class=\"wp-block-image size-large\"><img loading=\"lazy\" decoding=\"async\" width=\"1024\" height=\"1024\" data-attachment-id=\"174840\" data-permalink=\"https:\/\/www.hoymercedes.com.ar\/principal\/2024\/04\/15\/diego-maru-y-una-nueva-propuesta-en-la-tarde-de-la-radio\/maru-bienalatarde\/#main\" data-orig-file=\"https:\/\/www.hoymercedes.com.ar\/principal\/wp-content\/uploads\/2024\/04\/Maru-BienAlaTarde.jpeg\" data-orig-size=\"1280,1280\" data-comments-opened=\"0\" data-image-meta=\"{&quot;aperture&quot;:&quot;0&quot;,&quot;credit&quot;:&quot;&quot;,&quot;camera&quot;:&quot;&quot;,&quot;caption&quot;:&quot;&quot;,&quot;created_timestamp&quot;:&quot;0&quot;,&quot;copyright&quot;:&quot;&quot;,&quot;focal_length&quot;:&quot;0&quot;,&quot;iso&quot;:&quot;0&quot;,&quot;shutter_speed&quot;:&quot;0&quot;,&quot;title&quot;:&quot;&quot;,&quot;orientation&quot;:&quot;0&quot;}\" data-image-title=\"Diego Mar\u00fa y una nueva propuesta en la tarde de la radio\" data-image-description=\"&lt;p&gt;Diego Mar\u00fa y una nueva propuesta en la tarde de la radio&lt;\/p&gt;\n\" data-image-caption=\"\" data-large-file=\"https:\/\/www.hoymercedes.com.ar\/principal\/wp-content\/uploads\/2024\/04\/Maru-BienAlaTarde-1024x1024.jpeg\" src=\"https:\/\/www.hoymercedes.com.ar\/principal\/wp-content\/uploads\/2024\/04\/Maru-BienAlaTarde-1024x1024.jpeg\" alt=\"\" class=\"wp-image-174840\" srcset=\"https:\/\/www.hoymercedes.com.ar\/principal\/wp-content\/uploads\/2024\/04\/Maru-BienAlaTarde-1024x1024.jpeg 1024w, https:\/\/www.hoymercedes.com.ar\/principal\/wp-content\/uploads\/2024\/04\/Maru-BienAlaTarde-620x620.jpeg 620w, https:\/\/www.hoymercedes.com.ar\/principal\/wp-content\/uploads\/2024\/04\/Maru-BienAlaTarde-150x150.jpeg 150w, https:\/\/www.hoymercedes.com.ar\/principal\/wp-content\/uploads\/2024\/04\/Maru-BienAlaTarde.jpeg 1280w\" sizes=\"auto, (max-width: 1024px) 100vw, 1024px\" \/><\/figure>\n\n\n\n<p>Un nuevo ciclo inicia esta tarde encabezado por Diego Mar\u00fa e la Radio P\u00fablica 88.5mhz. Ser\u00e1 un magazine que contar\u00e1 con diversas propuestas period\u00edsticas, musicales y sorpresas diarias. En el regreso del conductor a un programa con m\u00faltiples producciones recuperando el aire de la tarde de la ciudad.<\/p>\n\n\n\n<p>Mar\u00fa cont\u00f3 que \u201cBien a la tarde inicia hoy &nbsp;en la P\u00fablica 88.5 junto a Ale Ottolini y Luis Antes, con las participaciones semanales de la terapeuta Silvina Gonzales, el Profesor Agust\u00edn Bianco, Yanina Testa, Paula Flores, Flavia Lecouna, la Profesora Miriam Salanueva, el Profesor Alejandro Cabrejos hablando de espect\u00e1culos, los chicos del Mercedes Interparroquial, Dj. Leo Eizmendi, el espacio del Centro de Veteranos de Guerra y los integrantes del AutoClub Mercedes, entre otros, adem\u00e1s de n\u00fameros musicales en vivo, notas, entrevistas, informaci\u00f3n, m\u00f3viles en vivo, informes especiales y mucho&nbsp; m\u00e1s\u201d destac\u00f3 el locutor y conductor.<\/p>\n\n\n\n<p>El ciclo buscar\u00e1 dar una nueva opci\u00f3n los vecinos en la tarde de la ciudad, en vivo por la 88.5mhz y en <a href=\"http:\/\/www.mercedes.gob.ar\" target=\"_blank\" rel=\"noopener\">www.mercedes.gob.ar<\/a><\/p>\n","protected":false},"excerpt":{"rendered":"<p>Un nuevo ciclo inicia esta tarde encabezado por Diego Mar\u00fa e la Radio P\u00fablica 88.5mhz. Ser\u00e1 un magazine que contar\u00e1 &#8230; <a title=\"Diego Mar\u00fa y una nueva propuesta en la tarde de la radio\" class=\"read-more\" href=\"https:\/\/www.hoymercedes.com.ar\/principal\/2024\/04\/15\/diego-maru-y-una-nueva-propuesta-en-la-tarde-de-la-radio\/\" aria-label=\"Leer m\u00e1s sobre Diego Mar\u00fa y una nueva propuesta en la tarde de la radio\">Leer m\u00e1s<\/a><\/p>\n","protected":false},"author":1,"featured_media":174840,"comment_status":"closed","ping_status":"open","sticky":false,"template":"","format":"standard","meta":{"_monsterinsights_skip_tracking":false,"_monsterinsights_sitenote_active":false,"_monsterinsights_sitenote_note":"","_monsterinsights_sitenote_category":0,"jetpack_post_was_ever_published":false,"_jetpack_newsletter_access":"","_jetpack_dont_email_post_to_subs":false,"_jetpack_newsletter_tier_id":0,"_jetpack_memberships_contains_paywalled_content":false,"_jetpack_memberships_contains_paid_content":false,"footnotes":"","jetpack_publicize_message":"","jetpack_publicize_feature_enabled":true,"jetpack_social_post_already_shared":true,"jetpack_social_options":{"image_generator_settings":{"template":"highway","default_image_id":0,"font":"","enabled":false},"version":2},"_wpas_customize_per_network":false},"categories":[8],"tags":[1417],"class_list":["post-174839","post","type-post","status-publish","format-standard","has-post-thumbnail","hentry","category-sociedad","tag-diego-maru","generate-columns","tablet-grid-50","mobile-grid-100","grid-parent","grid-50"],"jetpack_publicize_connections":[],"jetpack_featured_media_url":"https:\/\/www.hoymercedes.com.ar\/principal\/wp-content\/uploads\/2024\/04\/Maru-BienAlaTarde.jpeg","wps_subtitle":"","jetpack_sharing_enabled":true,"_links":{"self":[{"href":"https:\/\/www.hoymercedes.com.ar\/principal\/wp-json\/wp\/v2\/posts\/174839","targetHints":{"allow":["GET"]}}],"collection":[{"href":"https:\/\/www.hoymercedes.com.ar\/principal\/wp-json\/wp\/v2\/posts"}],"about":[{"href":"https:\/\/www.hoymercedes.com.ar\/principal\/wp-json\/wp\/v2\/types\/post"}],"author":[{"embeddable":true,"href":"https:\/\/www.hoymercedes.com.ar\/principal\/wp-json\/wp\/v2\/users\/1"}],"replies":[{"embeddable":true,"href":"https:\/\/www.hoymercedes.com.ar\/principal\/wp-json\/wp\/v2\/comments?post=174839"}],"version-history":[{"count":0,"href":"https:\/\/www.hoymercedes.com.ar\/principal\/wp-json\/wp\/v2\/posts\/174839\/revisions"}],"wp:featuredmedia":[{"embeddable":true,"href":"https:\/\/www.hoymercedes.com.ar\/principal\/wp-json\/wp\/v2\/media\/174840"}],"wp:attachment":[{"href":"https:\/\/www.hoymercedes.com.ar\/principal\/wp-json\/wp\/v2\/media?parent=174839"}],"wp:term":[{"taxonomy":"category","embeddable":true,"href":"https:\/\/www.hoymercedes.com.ar\/principal\/wp-json\/wp\/v2\/categories?post=174839"},{"taxonomy":"post_tag","embeddable":true,"href":"https:\/\/www.hoymercedes.com.ar\/principal\/wp-json\/wp\/v2\/tags?post=174839"}],"curies":[{"name":"wp","href":"https:\/\/api.w.org\/{rel}","templated":true}]}}