{"id":175037,"date":"2024-04-21T22:09:18","date_gmt":"2024-04-22T01:09:18","guid":{"rendered":"https:\/\/www.hoymercedes.com.ar\/principal\/?p=175037"},"modified":"2024-04-21T22:09:21","modified_gmt":"2024-04-22T01:09:21","slug":"contundente-victoria-de-lista-2-en-elecciones-de-gowland","status":"publish","type":"post","link":"https:\/\/www.hoymercedes.com.ar\/principal\/2024\/04\/21\/contundente-victoria-de-lista-2-en-elecciones-de-gowland\/","title":{"rendered":"Contundente victoria de Lista 2 en elecciones de Gowland"},"content":{"rendered":"\n<figure class=\"wp-block-image size-large\"><img loading=\"lazy\" decoding=\"async\" width=\"1024\" height=\"550\" data-attachment-id=\"175038\" data-permalink=\"https:\/\/www.hoymercedes.com.ar\/principal\/2024\/04\/21\/contundente-victoria-de-lista-2-en-elecciones-de-gowland\/lista2-gowland\/#main\" data-orig-file=\"https:\/\/www.hoymercedes.com.ar\/principal\/wp-content\/uploads\/2024\/04\/Lista2-Gowland.jpeg\" data-orig-size=\"1600,860\" data-comments-opened=\"0\" data-image-meta=\"{&quot;aperture&quot;:&quot;0&quot;,&quot;credit&quot;:&quot;&quot;,&quot;camera&quot;:&quot;&quot;,&quot;caption&quot;:&quot;&quot;,&quot;created_timestamp&quot;:&quot;0&quot;,&quot;copyright&quot;:&quot;&quot;,&quot;focal_length&quot;:&quot;0&quot;,&quot;iso&quot;:&quot;0&quot;,&quot;shutter_speed&quot;:&quot;0&quot;,&quot;title&quot;:&quot;&quot;,&quot;orientation&quot;:&quot;0&quot;}\" data-image-title=\"Contundente victoria de Lista 2 en elecciones de Gowland\" data-image-description=\"&lt;p&gt;Contundente victoria de Lista 2 en elecciones de Gowland&lt;\/p&gt;\n\" data-image-caption=\"&lt;p&gt;Contundente victoria de Lista 2 en elecciones de Gowland&lt;\/p&gt;\n\" data-large-file=\"https:\/\/www.hoymercedes.com.ar\/principal\/wp-content\/uploads\/2024\/04\/Lista2-Gowland-1024x550.jpeg\" src=\"https:\/\/www.hoymercedes.com.ar\/principal\/wp-content\/uploads\/2024\/04\/Lista2-Gowland-1024x550.jpeg\" alt=\"\" class=\"wp-image-175038\" srcset=\"https:\/\/www.hoymercedes.com.ar\/principal\/wp-content\/uploads\/2024\/04\/Lista2-Gowland-1024x550.jpeg 1024w, https:\/\/www.hoymercedes.com.ar\/principal\/wp-content\/uploads\/2024\/04\/Lista2-Gowland-630x339.jpeg 630w, https:\/\/www.hoymercedes.com.ar\/principal\/wp-content\/uploads\/2024\/04\/Lista2-Gowland-150x81.jpeg 150w, https:\/\/www.hoymercedes.com.ar\/principal\/wp-content\/uploads\/2024\/04\/Lista2-Gowland-1536x826.jpeg 1536w, https:\/\/www.hoymercedes.com.ar\/principal\/wp-content\/uploads\/2024\/04\/Lista2-Gowland.jpeg 1600w\" sizes=\"auto, (max-width: 1024px) 100vw, 1024px\" \/><\/figure>\n\n\n\n<p>La lista 2, encabezada por Silvina Arrieta, se impuso en las elecciones para presidir la sociedad de fomento de Gowland- Agote. Votaron m\u00e1s de 400 personas y 298 eligieron esta propuesta.<\/p>\n\n\n\n<p><br>Las elecciones de Gowland y Agote tra\u00edan cierta expectativa en el plano pol\u00edtico local, ya que la lista que lideraba Arrieta ten\u00eda el apoyo impl\u00edcito del municipio y de Lucero vislumbraba un apoyo de los partidos opositores como el Pro y LLA.<br><\/p>\n\n\n\n<p>Desde las 9 de la ma\u00f1ana hasta las dos de la tarde 408 vecinos y vecinas se acercaron a emitir su voto y elegir entre estas dos propuestas. La lista 2 obtuvo 298 votos contra 110 de Lucero; hubo tres votos anulados y dos en blanco. De esta manera Arrieta fue reelegida por el 72 por ciento de los sufragios.<\/p>\n\n\n\n<p><br>\u201cQueremos agradecer a la gente por su participaci\u00f3n en este acto democr\u00e1tico y por acompa\u00f1arnos con el voto, entendiendo que siempre estuvimos trabajando para mejorar la comunidad en la que nos toca vivir\u201d, dijo la presidenta Silvina Arrieta luego el recuento de votos con el veedor municipal Roberto Flores.<\/p>\n\n\n\n<p><br>Otro que destac\u00f3 el resultado de las elecciones es el concejal y referente de la zona Juli\u00e1n Inzaurgarat. \u201cLa gente acompa\u00f1\u00f3 a la propuesta que incluy\u00f3 las pol\u00edticas p\u00fablicas del municipio y transform\u00f3 a la comunidad. Fue un apoyo muy fuerte, pero tambi\u00e9n queremos que la gente se acerque m\u00e1s a la sociedad de fomento con ideas y propuestas para llevar adelante. Es una gesti\u00f3n de puertas abiertas y as\u00ed lo entendieron los vecinos y vecinas de Gowland y Agote\u201d, explic\u00f3 el concejal.<\/p>\n\n\n\n<p><strong>La lista ganadora<\/strong><\/p>\n\n\n\n<p><br>Silvina Arrieta (presidenta)<br>Claudia Ivaldi (secretaria)<br>Carola Tamborini (secretaria de actas)<br>Gerardo Saavedra (tesorero)<br>Carolina Sotelo (primera vocal titular)<br>Claudia Teijeiro (Vocal)<br>Maximiliano Correa (Vocal)<br>Mercedes Arizmendi (Vocal suplente)<br>Zulma Ferreyra (Vocal suplente)<br>Claudia \u201cColo\u201d Lorenzo (Vocal suplente)<br>Juli\u00e1n Peluffo (revisor de cuentas)<br>Iris Luna (revisor de cuentas)<br>Gustavo \u201cChuki\u201d Lucero (revisor de cuentas suplente)<br>Jos\u00e9 \u201cPichulo\u201d Sanabria (revisor de cuentas suplente)<\/p>\n","protected":false},"excerpt":{"rendered":"<p>La lista 2, encabezada por Silvina Arrieta, se impuso en las elecciones para presidir la sociedad de fomento de Gowland- &#8230; <a title=\"Contundente victoria de Lista 2 en elecciones de Gowland\" class=\"read-more\" href=\"https:\/\/www.hoymercedes.com.ar\/principal\/2024\/04\/21\/contundente-victoria-de-lista-2-en-elecciones-de-gowland\/\" aria-label=\"Leer m\u00e1s sobre Contundente victoria de Lista 2 en elecciones de Gowland\">Leer m\u00e1s<\/a><\/p>\n","protected":false},"author":1,"featured_media":175038,"comment_status":"closed","ping_status":"open","sticky":false,"template":"","format":"standard","meta":{"_monsterinsights_skip_tracking":false,"_monsterinsights_sitenote_active":false,"_monsterinsights_sitenote_note":"","_monsterinsights_sitenote_category":0,"jetpack_post_was_ever_published":false,"_jetpack_newsletter_access":"","_jetpack_dont_email_post_to_subs":false,"_jetpack_newsletter_tier_id":0,"_jetpack_memberships_contains_paywalled_content":false,"_jetpack_memberships_contains_paid_content":false,"footnotes":"","jetpack_publicize_message":"","jetpack_publicize_feature_enabled":true,"jetpack_social_post_already_shared":true,"jetpack_social_options":{"image_generator_settings":{"template":"highway","default_image_id":0,"font":"","enabled":false},"version":2},"_wpas_customize_per_network":false},"categories":[8],"tags":[19409,19410],"class_list":["post-175037","post","type-post","status-publish","format-standard","has-post-thumbnail","hentry","category-sociedad","tag-elecciones-gowland","tag-sociedad-de-fomento-gowland-agote","generate-columns","tablet-grid-50","mobile-grid-100","grid-parent","grid-50"],"jetpack_publicize_connections":[],"jetpack_featured_media_url":"https:\/\/www.hoymercedes.com.ar\/principal\/wp-content\/uploads\/2024\/04\/Lista2-Gowland.jpeg","wps_subtitle":"Elecciones barriales ","jetpack_sharing_enabled":true,"_links":{"self":[{"href":"https:\/\/www.hoymercedes.com.ar\/principal\/wp-json\/wp\/v2\/posts\/175037","targetHints":{"allow":["GET"]}}],"collection":[{"href":"https:\/\/www.hoymercedes.com.ar\/principal\/wp-json\/wp\/v2\/posts"}],"about":[{"href":"https:\/\/www.hoymercedes.com.ar\/principal\/wp-json\/wp\/v2\/types\/post"}],"author":[{"embeddable":true,"href":"https:\/\/www.hoymercedes.com.ar\/principal\/wp-json\/wp\/v2\/users\/1"}],"replies":[{"embeddable":true,"href":"https:\/\/www.hoymercedes.com.ar\/principal\/wp-json\/wp\/v2\/comments?post=175037"}],"version-history":[{"count":0,"href":"https:\/\/www.hoymercedes.com.ar\/principal\/wp-json\/wp\/v2\/posts\/175037\/revisions"}],"wp:featuredmedia":[{"embeddable":true,"href":"https:\/\/www.hoymercedes.com.ar\/principal\/wp-json\/wp\/v2\/media\/175038"}],"wp:attachment":[{"href":"https:\/\/www.hoymercedes.com.ar\/principal\/wp-json\/wp\/v2\/media?parent=175037"}],"wp:term":[{"taxonomy":"category","embeddable":true,"href":"https:\/\/www.hoymercedes.com.ar\/principal\/wp-json\/wp\/v2\/categories?post=175037"},{"taxonomy":"post_tag","embeddable":true,"href":"https:\/\/www.hoymercedes.com.ar\/principal\/wp-json\/wp\/v2\/tags?post=175037"}],"curies":[{"name":"wp","href":"https:\/\/api.w.org\/{rel}","templated":true}]}}