{"id":175041,"date":"2024-04-21T22:21:59","date_gmt":"2024-04-22T01:21:59","guid":{"rendered":"https:\/\/www.hoymercedes.com.ar\/principal\/?p=175041"},"modified":"2024-04-21T22:22:01","modified_gmt":"2024-04-22T01:22:01","slug":"trabajadores-repudian-dichos-del-concejal-mangoni","status":"publish","type":"post","link":"https:\/\/www.hoymercedes.com.ar\/principal\/2024\/04\/21\/trabajadores-repudian-dichos-del-concejal-mangoni\/","title":{"rendered":"Trabajadores repudian dichos del concejal Mangoni"},"content":{"rendered":"\n<p>Desde la CGT Regional Mercedes\/Navarro\/S.A. de Giles repudiaron las expresiones del concejal por Juntos Gustavo Mangoni, quien sostuvo en un medio local que deber\u00eda achicar el&nbsp; Municipio, \u201cno gastar en empleo p\u00fablico\u201d, y critic\u00f3 la apertura de la Casa Velatoria y el Hospital Odontol\u00f3gico.<\/p>\n\n\n\n<p>Al respecto, Evangelina Artaza, la Secretaria de Asuntos Sindicales de la CGT Regional Mercedes y Secretaria General del STMM indic\u00f3 que \u201cen un contexto tan dif\u00edcil como el que hoy nos toca atravesar a las y los trabajadores municipales del pa\u00eds, repudiamos cada una de las declaraciones emitidas por el concejal de juntos por el cambio Gustavo Mangoni\u201d, agregando que \u201ccuando habla de que las y los trabajadores municipales somos un gasto, lo expresa porque as\u00ed lo concibe, por ello en los consultorios donde el desarrolla su actividad junto a otros profesionales, ten\u00eda a las trabajadoras en negro, porque para \u00e9l son un gasto\u201d.<\/p>\n\n\n\n<p>Adem\u00e1s, Artaza expres\u00f3 que \u201clo que se est\u00e1 discutiendo es si el estado debe o no estar presente en la sociedad Argentina, cada dispositivo creado por la Municipalidad de Mercedes es acompa\u00f1ado de un trabajo de calidad, como el que cada trabajador le brinda a su ciudad\u201d.<\/p>\n\n\n\n<p>Tambi\u00e9n manifest\u00f3 la Secretaria de Asuntos Municipales que \u201cmientras los trabajadores pagamos el ajuste, ajuste que Mangoni est\u00e1 orgulloso y defiende, a nosotros nos angustia, sus declaraciones generan miedo, incertidumbre e impotencia. El tal ajuste para la casta no existe, no vemos a ning\u00fan pol\u00edtico pasando hambre\u201d, complet\u00f3 Artaza, indicando que lo que s\u00ed se est\u00e1 viendo es \u201chambre, despidos, una educaci\u00f3n p\u00fablica al borde del colapso, a la salud p\u00fablica destruirse. \u00bfQue no ha ajustado? todo menos a la pol\u00edtica, porque a sus funcionarios s\u00ed les aumenta el sueldo\u201d.<\/p>\n\n\n\n<p>\u201cComo organizaci\u00f3n gremial vamos a defender cada uno de los puestos de trabajo, y antes de hablar del trabajador municipal deber\u00eda predicar con el ejemplo\u201d, enfatiz\u00f3 Evangelina Artaza.<\/p>\n\n\n\n<p>El Delegado Regional de la CGT Regional Juan Mart\u00edn Andr\u00e9s tambi\u00e9n repudi\u00f3 las expresiones de Mangoni, agregando que \u201clamentablemente, la falta de empat\u00eda por parte del concejal es notable. Detr\u00e1s de esos dichos hay familias que pueden quedar absolutamente desprotegidas, sobre todo en un momento de crisis como el que nos encontramos viviendo, por decisiones del ejecutivo nacional: el peor ajuste de los \u00faltimos a\u00f1os; una demolici\u00f3n de los ingresos de trabajadores\/as y jubilados\/as y una contundente ca\u00edda del consumo\u201d.<\/p>\n\n\n\n<p>\u201cNo me sorprende de un concejal que en su momento apenas asumi\u00f3 infiri\u00f3 cerrar los CAPS, sin tener en cuenta la importancia de los centros de Salud. Est\u00e1 vez la coherencia de su parte se sigue viendo reflejada en sus alusiones sobre el error de la apertura de la casa velatoria donde deja de ver que esa casa permite que muchas personas de la ciudad, que no cuentan con los recursos para hacerlo en el sector privado, puedan velar a sus seres querido como corresponde\u201d indic\u00f3 el Delegado Regional.&nbsp;<\/p>\n\n\n\n<p>\u201cY sigue con su coherencia al momento de referirse al&nbsp; Hospital Odontol\u00f3gico Universitario. La soluci\u00f3n a los problemas no es despedir a los y las trabajadoras, la soluci\u00f3n a los problemas es promover una argentina productiva con los\/as trabajadores en ella\u201d, cerr\u00f3 el Delegado de la CGT Regional Mercedes Juan Mart\u00edn Andr\u00e9s.<\/p>\n","protected":false},"excerpt":{"rendered":"<p>Desde la CGT Regional Mercedes\/Navarro\/S.A. de Giles repudiaron las expresiones del concejal por Juntos Gustavo Mangoni, quien sostuvo en un &#8230; <a title=\"Trabajadores repudian dichos del concejal Mangoni\" class=\"read-more\" href=\"https:\/\/www.hoymercedes.com.ar\/principal\/2024\/04\/21\/trabajadores-repudian-dichos-del-concejal-mangoni\/\" aria-label=\"Leer m\u00e1s sobre Trabajadores repudian dichos del concejal Mangoni\">Leer m\u00e1s<\/a><\/p>\n","protected":false},"author":1,"featured_media":175042,"comment_status":"closed","ping_status":"open","sticky":false,"template":"","format":"standard","meta":{"_monsterinsights_skip_tracking":false,"_monsterinsights_sitenote_active":false,"_monsterinsights_sitenote_note":"","_monsterinsights_sitenote_category":0,"jetpack_post_was_ever_published":false,"_jetpack_newsletter_access":"","_jetpack_dont_email_post_to_subs":false,"_jetpack_newsletter_tier_id":0,"_jetpack_memberships_contains_paywalled_content":false,"_jetpack_memberships_contains_paid_content":false,"footnotes":"","jetpack_publicize_message":"","jetpack_publicize_feature_enabled":true,"jetpack_social_post_already_shared":true,"jetpack_social_options":{"image_generator_settings":{"template":"highway","default_image_id":0,"font":"","enabled":false},"version":2},"_wpas_customize_per_network":false},"categories":[8],"tags":[18514,2511,19411],"class_list":["post-175041","post","type-post","status-publish","format-standard","has-post-thumbnail","hentry","category-sociedad","tag-artaza","tag-cgt","tag-ramon-andres-2","generate-columns","tablet-grid-50","mobile-grid-100","grid-parent","grid-50"],"jetpack_publicize_connections":[],"jetpack_featured_media_url":"https:\/\/www.hoymercedes.com.ar\/principal\/wp-content\/uploads\/2024\/04\/SindicatoDeTrabajadoresMunicipales.jpg","wps_subtitle":"","jetpack_sharing_enabled":true,"_links":{"self":[{"href":"https:\/\/www.hoymercedes.com.ar\/principal\/wp-json\/wp\/v2\/posts\/175041","targetHints":{"allow":["GET"]}}],"collection":[{"href":"https:\/\/www.hoymercedes.com.ar\/principal\/wp-json\/wp\/v2\/posts"}],"about":[{"href":"https:\/\/www.hoymercedes.com.ar\/principal\/wp-json\/wp\/v2\/types\/post"}],"author":[{"embeddable":true,"href":"https:\/\/www.hoymercedes.com.ar\/principal\/wp-json\/wp\/v2\/users\/1"}],"replies":[{"embeddable":true,"href":"https:\/\/www.hoymercedes.com.ar\/principal\/wp-json\/wp\/v2\/comments?post=175041"}],"version-history":[{"count":0,"href":"https:\/\/www.hoymercedes.com.ar\/principal\/wp-json\/wp\/v2\/posts\/175041\/revisions"}],"wp:featuredmedia":[{"embeddable":true,"href":"https:\/\/www.hoymercedes.com.ar\/principal\/wp-json\/wp\/v2\/media\/175042"}],"wp:attachment":[{"href":"https:\/\/www.hoymercedes.com.ar\/principal\/wp-json\/wp\/v2\/media?parent=175041"}],"wp:term":[{"taxonomy":"category","embeddable":true,"href":"https:\/\/www.hoymercedes.com.ar\/principal\/wp-json\/wp\/v2\/categories?post=175041"},{"taxonomy":"post_tag","embeddable":true,"href":"https:\/\/www.hoymercedes.com.ar\/principal\/wp-json\/wp\/v2\/tags?post=175041"}],"curies":[{"name":"wp","href":"https:\/\/api.w.org\/{rel}","templated":true}]}}