{"id":175068,"date":"2024-04-22T12:16:37","date_gmt":"2024-04-22T15:16:37","guid":{"rendered":"https:\/\/www.hoymercedes.com.ar\/principal\/?p=175068"},"modified":"2024-04-22T12:16:40","modified_gmt":"2024-04-22T15:16:40","slug":"hcd-bancas-y-proyectos-divididos","status":"publish","type":"post","link":"https:\/\/www.hoymercedes.com.ar\/principal\/2024\/04\/22\/hcd-bancas-y-proyectos-divididos\/","title":{"rendered":"HCD: Bancas y proyectos divididos"},"content":{"rendered":"\n<p><strong><em>Este lunes habr\u00e1 bancas participativas de parte del Club Ateneo y del Sindicato de Trabajadores Municipales \u2022 Adem\u00e1s, se suman dos despachos divididos: uno por la vacuna del dengue y otro por la situaci\u00f3n del CDR.<\/em><\/strong><\/p>\n\n\n<div class=\"wp-block-image\">\n<figure class=\"aligncenter size-full\"><img loading=\"lazy\" decoding=\"async\" width=\"696\" height=\"392\" data-attachment-id=\"175069\" data-permalink=\"https:\/\/www.hoymercedes.com.ar\/principal\/2024\/04\/22\/hcd-bancas-y-proyectos-divididos\/image-1-24\/#main\" data-orig-file=\"https:\/\/www.hoymercedes.com.ar\/principal\/wp-content\/uploads\/2024\/04\/image-1.png\" data-orig-size=\"696,392\" data-comments-opened=\"0\" data-image-meta=\"{&quot;aperture&quot;:&quot;0&quot;,&quot;credit&quot;:&quot;&quot;,&quot;camera&quot;:&quot;&quot;,&quot;caption&quot;:&quot;&quot;,&quot;created_timestamp&quot;:&quot;0&quot;,&quot;copyright&quot;:&quot;&quot;,&quot;focal_length&quot;:&quot;0&quot;,&quot;iso&quot;:&quot;0&quot;,&quot;shutter_speed&quot;:&quot;0&quot;,&quot;title&quot;:&quot;&quot;,&quot;orientation&quot;:&quot;0&quot;}\" data-image-title=\"image-1\" data-image-description=\"\" data-image-caption=\"\" data-large-file=\"https:\/\/www.hoymercedes.com.ar\/principal\/wp-content\/uploads\/2024\/04\/image-1.png\" src=\"https:\/\/www.hoymercedes.com.ar\/principal\/wp-content\/uploads\/2024\/04\/image-1.png\" alt=\"\" class=\"wp-image-175069\" srcset=\"https:\/\/www.hoymercedes.com.ar\/principal\/wp-content\/uploads\/2024\/04\/image-1.png 696w, https:\/\/www.hoymercedes.com.ar\/principal\/wp-content\/uploads\/2024\/04\/image-1-630x355.png 630w, https:\/\/www.hoymercedes.com.ar\/principal\/wp-content\/uploads\/2024\/04\/image-1-150x84.png 150w\" sizes=\"auto, (max-width: 696px) 100vw, 696px\" \/><\/figure>\n<\/div>\n\n\n<p>Este lunes 22 de abril, desde la hora 19, se llevar\u00e1 a cabo la segunda sesi\u00f3n ordinaria del mes de abril con la presencia de los tres bloques que integran el Honorable Concejo Deliberante en el primer piso del Palacio Municipal.<\/p>\n\n\n\n<p>Sin embargo, antes de entrar de lleno en el orden del d\u00eda correspondiente a la fecha, los ediles de la ciudad ser\u00e1n testigos de dos bancas participativas. Una de ellas solicitadas por el se\u00f1or Ignacio Ig\u00f3n, presidente del Club Ateneo, quien se acercar\u00e1 al recinto para dar a conocer la situaci\u00f3n que atraviesa la instituci\u00f3n con los vecinos linderos al predio de la Liga de Padres de Familia (11 y 114).<\/p>\n\n\n\n<p>Recordamos que en la primera sesi\u00f3n del mes, fueron los propios vecinos quienes expusieron su preocupaci\u00f3n ante los concejales, dando cuenta de los \u201cruidos molestos\u201d que provienen del predio, manifestando adem\u00e1s que no logran ponerse de acuerdo con Ateneo para llegar a una soluci\u00f3n. A ra\u00edz de ello, esta vez ser\u00e1 el presidente del Club quien exponga su campana ante los ediles locales.<\/p>\n\n\n\n<p>Por otro lado, los representantes del Sindicato de Trabajadores Municipales tambi\u00e9n solicitaron el uso de la banca participativa. En este caso, buscar\u00e1n poner el foco en la situaci\u00f3n nacional y en los despidos que se han llevado a cabo en varias dependencias estatales.<\/p>\n\n\n\n<p><strong>Divididos<\/strong><\/p>\n\n\n\n<p>Una vez que ambas bancas finalicen, los concejales comenzar\u00e1n a tratar el orden del d\u00eda previsto para la fecha. Si bien entre los proyectos presentados figuran expedientes relacionados a la obra p\u00fablica de la ciudad, o por ejemplo, un pedido de informes para conocer la situaci\u00f3n del predio de \u201cEl Pampero\u201d tras el incendio, se destacan dos despachos divididos sobre temas que han tomado trascendencia en el recinto.<\/p>\n\n\n\n<p>Por un lado, la comisi\u00f3n de Acci\u00f3n Social y Salud Publica propone la aprobaci\u00f3n de la solicitud presentada por Juntos por el Cambio, para sumar la vacuna contra el dengue al calendario provincial. La misma lleva la firma de los representantes de JxC y UxP.<\/p>\n\n\n\n<p>Sin embargo, esta moci\u00f3n cuenta con un despacho en minor\u00eda presentado por el bloque de LLA donde argumentan que, en base a la informaci\u00f3n brindada por el secretario de salud municipal N\u00e9stor Pisapia, los casos en la ciudad no estar\u00edan generando una necesidad de incorporar dicha vacuna. Con estos dos despachos, el tema llegar\u00e1 dividido al recinto.<\/p>\n\n\n\n<p>Por otro lado, una situaci\u00f3n similar se presenta en torno a la realidad de los trabajadores del CDR, la cual viene siendo muy compleja desde hace meses. Es por ello que los propios trabajadores hicieron uso de la banca participativa para poner en contexto a los concejales y a la sociedad sobre su realidad laboral.<\/p>\n\n\n\n<p>A ra\u00edz de ello, desde los bloques JxC y UxP solicitan un informe a la ministra de Capital Humano, Sandra Pettovello para que d\u00e9 cuenta cu\u00e1les son las medidas a implementar para dar continuidad a las actividades que se llevaban adelante desde el Centro de Referencia local.<\/p>\n\n\n\n<p>Pero lo cierto es que dicho petitorio no cuenta con el acompa\u00f1amiento del bloque de LLA, quien solo expresa su \u201cpreocupaci\u00f3n\u201d por la situaci\u00f3n de los trabajadores y se \u201csolidariza\u201d ante los hechos. De esta manera, este pedido de informes tambi\u00e9n llegar\u00e1 con despacho dividido al recinto.<\/p>\n\n\n\n<p><strong>Respuestas seguras<\/strong><\/p>\n\n\n\n<p>El presidente Ig\u00f3n seguramente har\u00e1 menci\u00f3n a una realidad existente e indiscutible. Cuando los vecinos llegaron, el club ya estaba. No existe motivo por el cual sea el club quien deba modificar sus conductas \u2013m\u00e1s all\u00e1 del respeto a las normas en torno a los ruidos molestos- porque hay algo que nadie puede dudar es que la actividad del club Ateneo es preexistente al barrio. Y muy preexistente. A lo mejor \u2013y solo a lo mejor- se podr\u00eda pensar que ahora se hace m\u00e1s ruido que antes. Pero no hay nada que haga pensar que los clubes van a disminuir sus ruidos con el paso del tiempo. Algo similar les pude suceder a los vecinos a la Liga Mercedina de F\u00fatbol quienes \u2013de un tiempo a esta parte y como consecuencia de la mayor actividad- se est\u00e1n acostumbrando al ruido del f\u00fatbol casi a diario.<\/p>\n\n\n\n<p>Nadie que se haya mudado al lado de un club como Ateneo (como podr\u00eda ser Quilmes, Estudiantes, Mercedes y tantos otros que tienen actividad en su campo de deportes) deber\u00edan sentirse asombrados de ello. Es cierto que \u2013por razones de buena vencidad- se puede coordinar algunos peque\u00f1os detalles. Pero solo eso. En lo dem\u00e1s, los vecinos deber\u00edan haber evaluado la existencia del campo de deportes antes de decidir instalarse a vivir.<\/p>\n\n\n\n<p>Colaboraci\u00f3n Mariano Oyarz\u00fa<\/p>\n","protected":false},"excerpt":{"rendered":"<p>Este lunes habr\u00e1 bancas participativas de parte del Club Ateneo y del Sindicato de Trabajadores Municipales \u2022 Adem\u00e1s, se suman &#8230; <a title=\"HCD: Bancas y proyectos divididos\" class=\"read-more\" href=\"https:\/\/www.hoymercedes.com.ar\/principal\/2024\/04\/22\/hcd-bancas-y-proyectos-divididos\/\" aria-label=\"Leer m\u00e1s sobre HCD: Bancas y proyectos divididos\">Leer m\u00e1s<\/a><\/p>\n","protected":false},"author":1,"featured_media":175069,"comment_status":"closed","ping_status":"open","sticky":false,"template":"","format":"standard","meta":{"_monsterinsights_skip_tracking":false,"_monsterinsights_sitenote_active":false,"_monsterinsights_sitenote_note":"","_monsterinsights_sitenote_category":0,"jetpack_post_was_ever_published":false,"_jetpack_newsletter_access":"","_jetpack_dont_email_post_to_subs":false,"_jetpack_newsletter_tier_id":0,"_jetpack_memberships_contains_paywalled_content":false,"_jetpack_memberships_contains_paid_content":false,"footnotes":"","jetpack_publicize_message":"","jetpack_publicize_feature_enabled":true,"jetpack_social_post_already_shared":true,"jetpack_social_options":{"image_generator_settings":{"template":"highway","default_image_id":0,"font":"","enabled":false},"version":2},"_wpas_customize_per_network":false},"categories":[18286],"tags":[5319],"class_list":["post-175068","post","type-post","status-publish","format-standard","has-post-thumbnail","hentry","category-hcd-mercedes","tag-politica-2","generate-columns","tablet-grid-50","mobile-grid-100","grid-parent","grid-50"],"jetpack_publicize_connections":[],"jetpack_featured_media_url":"https:\/\/www.hoymercedes.com.ar\/principal\/wp-content\/uploads\/2024\/04\/image-1.png","wps_subtitle":"","jetpack_sharing_enabled":true,"_links":{"self":[{"href":"https:\/\/www.hoymercedes.com.ar\/principal\/wp-json\/wp\/v2\/posts\/175068","targetHints":{"allow":["GET"]}}],"collection":[{"href":"https:\/\/www.hoymercedes.com.ar\/principal\/wp-json\/wp\/v2\/posts"}],"about":[{"href":"https:\/\/www.hoymercedes.com.ar\/principal\/wp-json\/wp\/v2\/types\/post"}],"author":[{"embeddable":true,"href":"https:\/\/www.hoymercedes.com.ar\/principal\/wp-json\/wp\/v2\/users\/1"}],"replies":[{"embeddable":true,"href":"https:\/\/www.hoymercedes.com.ar\/principal\/wp-json\/wp\/v2\/comments?post=175068"}],"version-history":[{"count":0,"href":"https:\/\/www.hoymercedes.com.ar\/principal\/wp-json\/wp\/v2\/posts\/175068\/revisions"}],"wp:featuredmedia":[{"embeddable":true,"href":"https:\/\/www.hoymercedes.com.ar\/principal\/wp-json\/wp\/v2\/media\/175069"}],"wp:attachment":[{"href":"https:\/\/www.hoymercedes.com.ar\/principal\/wp-json\/wp\/v2\/media?parent=175068"}],"wp:term":[{"taxonomy":"category","embeddable":true,"href":"https:\/\/www.hoymercedes.com.ar\/principal\/wp-json\/wp\/v2\/categories?post=175068"},{"taxonomy":"post_tag","embeddable":true,"href":"https:\/\/www.hoymercedes.com.ar\/principal\/wp-json\/wp\/v2\/tags?post=175068"}],"curies":[{"name":"wp","href":"https:\/\/api.w.org\/{rel}","templated":true}]}}