{"id":175113,"date":"2024-04-24T07:23:00","date_gmt":"2024-04-24T10:23:00","guid":{"rendered":"https:\/\/www.hoymercedes.com.ar\/principal\/?p=175113"},"modified":"2024-04-23T23:30:43","modified_gmt":"2024-04-24T02:30:43","slug":"la-universidad-de-lujan-pagaba-5-y-ahora-pagara-15-millones-de-luz","status":"publish","type":"post","link":"https:\/\/www.hoymercedes.com.ar\/principal\/2024\/04\/24\/la-universidad-de-lujan-pagaba-5-y-ahora-pagara-15-millones-de-luz\/","title":{"rendered":"La Universidad de Luj\u00e1n pagaba 5 y ahora pagar\u00e1 15 millones de luz"},"content":{"rendered":"\n<p>El servicio el\u00e9ctrico se ha convertido den un grav\u00edsimo problema para todas las instituciones educativas. En el caso de la <strong>Universidad Nacional de Luj\u00e1n<\/strong>, la casa de altos estudios a la que acuden diariamente cientos de mercedinos a estudiar y trabajar, pas\u00f3 de pagar 5 millones mensuales a 15 millones de pesos de energ\u00eda el\u00e9ctrica.<\/p>\n\n\n\n<p>A este ritmo, y si no aumentase, cosa poco probable, en los \u00faltimos 9 meses del a\u00f1o gastar\u00e1 135 millones en energ\u00eda el\u00e9ctrica.<\/p>\n\n\n\n<p>Laboratorios, aulas, salas de inform\u00e1ticas, todos espacios esenciales y fundamentales que no tienen ning\u00fan fin de lucro, por el contrario, forman profesionales, curan enfermedades, producen alimentos de calidad, generan investigaciones claves para las comunidades cercanas, no son un gasto, son una inversi\u00f3n como sociedad, como pa\u00eds, sin embargo, para el gobierno nacional no es as\u00ed y el tremendo tarifazo al que es sometida pone en riesgo su funcionamiento.<\/p>\n\n\n\n<p>Es una situaci\u00f3n grav\u00edsima que atenta contra el sistema de educaci\u00f3n y formaci\u00f3n del pa\u00eds los tarifazos a los que se someten las instituciones educativas.<\/p>\n\n\n\n<p>\u201cLos actuales gastos de funcionamiento son insostenibles. La \u00faltima tarifa de electricidad de la sede central fue de 15 millones de pesos, cuando la anterior hab\u00eda sido de 5 millones. El monto total, contabilizando los centros regionales, va a ser escandaloso. Nosotros tenemos un poco m\u00e1s de 70 millones de pesos de gastos de funcionamiento y en la sede central solo de luz ten\u00e9s 15 millones\u201d cont\u00f3 el mercedino y rector de la UNLu, el Licenciado <strong><a href=\"https:\/\/www.elcivismo.com.ar\/notas\/53356\/unlu-la-factura-de-luz-salto-de-5-a-15-millones-de-pesos.html\" target=\"_blank\" rel=\"noopener\">Walter Panessi<\/a><\/strong>, dando cuanta de la gravedad de la situaci\u00f3n y la insensibilidad del gobierno nacional.<\/p>\n","protected":false},"excerpt":{"rendered":"<p>El servicio el\u00e9ctrico se ha convertido den un grav\u00edsimo problema para todas las instituciones educativas. En el caso de la &#8230; <a title=\"La Universidad de Luj\u00e1n pagaba 5 y ahora pagar\u00e1 15 millones de luz\" class=\"read-more\" href=\"https:\/\/www.hoymercedes.com.ar\/principal\/2024\/04\/24\/la-universidad-de-lujan-pagaba-5-y-ahora-pagara-15-millones-de-luz\/\" aria-label=\"Leer m\u00e1s sobre La Universidad de Luj\u00e1n pagaba 5 y ahora pagar\u00e1 15 millones de luz\">Leer m\u00e1s<\/a><\/p>\n","protected":false},"author":1,"featured_media":173400,"comment_status":"closed","ping_status":"open","sticky":false,"template":"","format":"standard","meta":{"_monsterinsights_skip_tracking":false,"_monsterinsights_sitenote_active":false,"_monsterinsights_sitenote_note":"","_monsterinsights_sitenote_category":0,"jetpack_post_was_ever_published":false,"_jetpack_newsletter_access":"","_jetpack_dont_email_post_to_subs":false,"_jetpack_newsletter_tier_id":0,"_jetpack_memberships_contains_paywalled_content":false,"_jetpack_memberships_contains_paid_content":false,"footnotes":"","jetpack_publicize_message":"","jetpack_publicize_feature_enabled":true,"jetpack_social_post_already_shared":true,"jetpack_social_options":{"image_generator_settings":{"template":"highway","default_image_id":0,"font":"","enabled":false},"version":2},"_wpas_customize_per_network":false},"categories":[23],"tags":[19423,54,18580],"class_list":["post-175113","post","type-post","status-publish","format-standard","has-post-thumbnail","hentry","category-educacion","tag-tarifazo-universitario","tag-unlu","tag-walter-panessi","generate-columns","tablet-grid-50","mobile-grid-100","grid-parent","grid-50"],"jetpack_publicize_connections":[],"jetpack_featured_media_url":"https:\/\/www.hoymercedes.com.ar\/principal\/wp-content\/uploads\/2024\/02\/WalterPanessi-RectorUnlu-RadioUNLU.jpeg","wps_subtitle":"Golpe a la educaci\u00f3n ","jetpack_sharing_enabled":true,"_links":{"self":[{"href":"https:\/\/www.hoymercedes.com.ar\/principal\/wp-json\/wp\/v2\/posts\/175113","targetHints":{"allow":["GET"]}}],"collection":[{"href":"https:\/\/www.hoymercedes.com.ar\/principal\/wp-json\/wp\/v2\/posts"}],"about":[{"href":"https:\/\/www.hoymercedes.com.ar\/principal\/wp-json\/wp\/v2\/types\/post"}],"author":[{"embeddable":true,"href":"https:\/\/www.hoymercedes.com.ar\/principal\/wp-json\/wp\/v2\/users\/1"}],"replies":[{"embeddable":true,"href":"https:\/\/www.hoymercedes.com.ar\/principal\/wp-json\/wp\/v2\/comments?post=175113"}],"version-history":[{"count":0,"href":"https:\/\/www.hoymercedes.com.ar\/principal\/wp-json\/wp\/v2\/posts\/175113\/revisions"}],"wp:featuredmedia":[{"embeddable":true,"href":"https:\/\/www.hoymercedes.com.ar\/principal\/wp-json\/wp\/v2\/media\/173400"}],"wp:attachment":[{"href":"https:\/\/www.hoymercedes.com.ar\/principal\/wp-json\/wp\/v2\/media?parent=175113"}],"wp:term":[{"taxonomy":"category","embeddable":true,"href":"https:\/\/www.hoymercedes.com.ar\/principal\/wp-json\/wp\/v2\/categories?post=175113"},{"taxonomy":"post_tag","embeddable":true,"href":"https:\/\/www.hoymercedes.com.ar\/principal\/wp-json\/wp\/v2\/tags?post=175113"}],"curies":[{"name":"wp","href":"https:\/\/api.w.org\/{rel}","templated":true}]}}