{"id":175129,"date":"2024-04-24T12:13:13","date_gmt":"2024-04-24T15:13:13","guid":{"rendered":"https:\/\/www.hoymercedes.com.ar\/principal\/?p=175129"},"modified":"2024-04-24T12:13:14","modified_gmt":"2024-04-24T15:13:14","slug":"la-concejal-silvia-di-leo-asumira-como-responsable-del-pami-mercedes","status":"publish","type":"post","link":"https:\/\/www.hoymercedes.com.ar\/principal\/2024\/04\/24\/la-concejal-silvia-di-leo-asumira-como-responsable-del-pami-mercedes\/","title":{"rendered":"La concejal Silvia Di Leo asumir\u00e1 como responsable del PAMI Mercedes"},"content":{"rendered":"\n<figure class=\"wp-block-image size-large\"><img loading=\"lazy\" decoding=\"async\" width=\"1024\" height=\"682\" data-attachment-id=\"175130\" data-permalink=\"https:\/\/www.hoymercedes.com.ar\/principal\/2024\/04\/24\/la-concejal-silvia-di-leo-asumira-como-responsable-del-pami-mercedes\/di-leo-1\/#main\" data-orig-file=\"https:\/\/www.hoymercedes.com.ar\/principal\/wp-content\/uploads\/2024\/04\/Di-Leo-1.jpg\" data-orig-size=\"1319,879\" data-comments-opened=\"0\" data-image-meta=\"{&quot;aperture&quot;:&quot;0&quot;,&quot;credit&quot;:&quot;&quot;,&quot;camera&quot;:&quot;&quot;,&quot;caption&quot;:&quot;&quot;,&quot;created_timestamp&quot;:&quot;0&quot;,&quot;copyright&quot;:&quot;&quot;,&quot;focal_length&quot;:&quot;0&quot;,&quot;iso&quot;:&quot;0&quot;,&quot;shutter_speed&quot;:&quot;0&quot;,&quot;title&quot;:&quot;&quot;,&quot;orientation&quot;:&quot;0&quot;}\" data-image-title=\"Di-Leo-1\" data-image-description=\"\" data-image-caption=\"\" data-large-file=\"https:\/\/www.hoymercedes.com.ar\/principal\/wp-content\/uploads\/2024\/04\/Di-Leo-1-1024x682.jpg\" src=\"https:\/\/www.hoymercedes.com.ar\/principal\/wp-content\/uploads\/2024\/04\/Di-Leo-1-1024x682.jpg\" alt=\"\" class=\"wp-image-175130\" srcset=\"https:\/\/www.hoymercedes.com.ar\/principal\/wp-content\/uploads\/2024\/04\/Di-Leo-1-1024x682.jpg 1024w, https:\/\/www.hoymercedes.com.ar\/principal\/wp-content\/uploads\/2024\/04\/Di-Leo-1-630x420.jpg 630w, https:\/\/www.hoymercedes.com.ar\/principal\/wp-content\/uploads\/2024\/04\/Di-Leo-1-150x100.jpg 150w, https:\/\/www.hoymercedes.com.ar\/principal\/wp-content\/uploads\/2024\/04\/Di-Leo-1-700x465.jpg 700w, https:\/\/www.hoymercedes.com.ar\/principal\/wp-content\/uploads\/2024\/04\/Di-Leo-1.jpg 1319w\" sizes=\"auto, (max-width: 1024px) 100vw, 1024px\" \/><\/figure>\n\n\n\n<p>El PAMI Mercedes, tras cuatro meses de asumir Milei, fue designada como responsable de la Agencia local del Instituto Nacional de Servicios Sociales para Jubilados y Pensionados. Reemplazar\u00e1 al Licenciado Santiago Altube.<\/p>\n\n\n\n<p>Si bien no hubo notificaci\u00f3n oficial a los medios, ya fue informado por distintos medios que ser\u00e1 la encargada de ocupar el puesto.<\/p>\n\n\n\n<p>Tampoco hay datos desde cu\u00e1ndo comenzar\u00e1 a manejar la instituci\u00f3n, pero se espera sea a la brevedad dado que ya los trabajadores est\u00e1n en conocimiento y a la espera de la nueva conducci\u00f3n.<\/p>\n","protected":false},"excerpt":{"rendered":"<p>El PAMI Mercedes, tras cuatro meses de asumir Milei, fue designada como responsable de la Agencia local del Instituto Nacional &#8230; <a title=\"La concejal Silvia Di Leo asumir\u00e1 como responsable del PAMI Mercedes\" class=\"read-more\" href=\"https:\/\/www.hoymercedes.com.ar\/principal\/2024\/04\/24\/la-concejal-silvia-di-leo-asumira-como-responsable-del-pami-mercedes\/\" aria-label=\"Leer m\u00e1s sobre La concejal Silvia Di Leo asumir\u00e1 como responsable del PAMI Mercedes\">Leer m\u00e1s<\/a><\/p>\n","protected":false},"author":1,"featured_media":175124,"comment_status":"closed","ping_status":"open","sticky":false,"template":"","format":"standard","meta":{"_monsterinsights_skip_tracking":false,"_monsterinsights_sitenote_active":false,"_monsterinsights_sitenote_note":"","_monsterinsights_sitenote_category":0,"jetpack_post_was_ever_published":false,"_jetpack_newsletter_access":"","_jetpack_dont_email_post_to_subs":false,"_jetpack_newsletter_tier_id":0,"_jetpack_memberships_contains_paywalled_content":false,"_jetpack_memberships_contains_paid_content":false,"footnotes":"","jetpack_publicize_message":"","jetpack_publicize_feature_enabled":true,"jetpack_social_post_already_shared":true,"jetpack_social_options":{"image_generator_settings":{"template":"highway","default_image_id":0,"font":"","enabled":false},"version":2},"_wpas_customize_per_network":false},"categories":[8],"tags":[5841,500,19426],"class_list":["post-175129","post","type-post","status-publish","format-standard","has-post-thumbnail","hentry","category-sociedad","tag-estado-nacional","tag-pami-mercedes","tag-silvia-di-leo","generate-columns","tablet-grid-50","mobile-grid-100","grid-parent","grid-50"],"jetpack_publicize_connections":[],"jetpack_featured_media_url":"https:\/\/www.hoymercedes.com.ar\/principal\/wp-content\/uploads\/2024\/04\/Di-Leo.jpg","wps_subtitle":"Cargos en el Estado","jetpack_sharing_enabled":true,"_links":{"self":[{"href":"https:\/\/www.hoymercedes.com.ar\/principal\/wp-json\/wp\/v2\/posts\/175129","targetHints":{"allow":["GET"]}}],"collection":[{"href":"https:\/\/www.hoymercedes.com.ar\/principal\/wp-json\/wp\/v2\/posts"}],"about":[{"href":"https:\/\/www.hoymercedes.com.ar\/principal\/wp-json\/wp\/v2\/types\/post"}],"author":[{"embeddable":true,"href":"https:\/\/www.hoymercedes.com.ar\/principal\/wp-json\/wp\/v2\/users\/1"}],"replies":[{"embeddable":true,"href":"https:\/\/www.hoymercedes.com.ar\/principal\/wp-json\/wp\/v2\/comments?post=175129"}],"version-history":[{"count":0,"href":"https:\/\/www.hoymercedes.com.ar\/principal\/wp-json\/wp\/v2\/posts\/175129\/revisions"}],"wp:featuredmedia":[{"embeddable":true,"href":"https:\/\/www.hoymercedes.com.ar\/principal\/wp-json\/wp\/v2\/media\/175124"}],"wp:attachment":[{"href":"https:\/\/www.hoymercedes.com.ar\/principal\/wp-json\/wp\/v2\/media?parent=175129"}],"wp:term":[{"taxonomy":"category","embeddable":true,"href":"https:\/\/www.hoymercedes.com.ar\/principal\/wp-json\/wp\/v2\/categories?post=175129"},{"taxonomy":"post_tag","embeddable":true,"href":"https:\/\/www.hoymercedes.com.ar\/principal\/wp-json\/wp\/v2\/tags?post=175129"}],"curies":[{"name":"wp","href":"https:\/\/api.w.org\/{rel}","templated":true}]}}