{"id":175200,"date":"2024-04-26T19:58:38","date_gmt":"2024-04-26T22:58:38","guid":{"rendered":"https:\/\/www.hoymercedes.com.ar\/principal\/?p=175200"},"modified":"2024-04-26T22:09:27","modified_gmt":"2024-04-27T01:09:27","slug":"vacantes-en-la-scba-se-pronuncio-el-colproba","status":"publish","type":"post","link":"https:\/\/www.hoymercedes.com.ar\/principal\/2024\/04\/26\/vacantes-en-la-scba-se-pronuncio-el-colproba\/","title":{"rendered":"Vacantes en la SCBA: Se pronunci\u00f3 el COLPROBA"},"content":{"rendered":"\n<p>Informaci\u00f3n oficial &#8211; La profunda crisis que atraviesa la Justicia Provincial se encuentra determinada, entre otras causas, por las innumerables y persistentes vacantes en el Poder Judicial, las que en la actualidad alcanzan al M\u00e1ximo Tribunal, que se encuentra desintegrado.<\/p>\n\n\n\n<p>Ante la gravedad institucional que ello supone, los veinte Presidentes de Colegios de Abogados de la Provincia de Buenos Aires requerimos a los Poderes del Estado su urgente cobertura, con juristas de reconocida trayectoria e idoneidad, cuyas designaciones resulten del consenso entre los distintos sectores pol\u00edticos y quienes ejercemos un rol fundamental en la prestaci\u00f3n del Servicio de Justicia.<\/p>\n\n\n\n<p>Resulta imperioso que las mismas recaigan sobre personas probas, honestas, con profundo conocimiento jur\u00eddico y no s\u00f3lo acad\u00e9mico y priorizando las materias que no cuentan con Ministros especializados.<\/p>\n\n\n\n<p>En funci\u00f3n de la composici\u00f3n actual, resulta necesario e imprescindible que como m\u00ednimo la mitad de las vacantes sean ocupadas por mujeres, para alcanzar as\u00ed una razonable y necesaria paridad de g\u00e9nero.<br>Proponemos que parte de las vacantes sean cubiertas por abogados o abogadas que provengan del ejercicio de la profesi\u00f3n liberal, con profundo conocimiento y experiencia pr\u00e1ctica, que pueden aportar sus miradas enriquecedoras respecto de la desafiante realidad que vivimos los Justiciables y la Abogac\u00eda Provincial.<\/p>\n\n\n\n<p>Atento tambi\u00e9n que en la historia de las designaciones de Ministros de la Corte se advierte un marcado centralismo territorial, propiciamos la elecci\u00f3n de profesionales del interior de la Provincia, con amplio conocimiento de la problem\u00e1tica de su extenso territorio.<\/p>\n\n\n\n<p><\/p>\n\n\n\n<p>Fuente: CADJMercedes y COLPROBA<\/p>\n","protected":false},"excerpt":{"rendered":"<p>Informaci\u00f3n oficial &#8211; La profunda crisis que atraviesa la Justicia Provincial se encuentra determinada, entre otras causas, por las innumerables &#8230; <a title=\"Vacantes en la SCBA: Se pronunci\u00f3 el COLPROBA\" class=\"read-more\" href=\"https:\/\/www.hoymercedes.com.ar\/principal\/2024\/04\/26\/vacantes-en-la-scba-se-pronuncio-el-colproba\/\" aria-label=\"Leer m\u00e1s sobre Vacantes en la SCBA: Se pronunci\u00f3 el COLPROBA\">Leer m\u00e1s<\/a><\/p>\n","protected":false},"author":1,"featured_media":175201,"comment_status":"closed","ping_status":"open","sticky":false,"template":"","format":"standard","meta":{"_monsterinsights_skip_tracking":false,"_monsterinsights_sitenote_active":false,"_monsterinsights_sitenote_note":"","_monsterinsights_sitenote_category":0,"jetpack_post_was_ever_published":false,"_jetpack_newsletter_access":"","_jetpack_dont_email_post_to_subs":false,"_jetpack_newsletter_tier_id":0,"_jetpack_memberships_contains_paywalled_content":false,"_jetpack_memberships_contains_paid_content":false,"footnotes":"","jetpack_publicize_message":"","jetpack_publicize_feature_enabled":true,"jetpack_social_post_already_shared":true,"jetpack_social_options":{"image_generator_settings":{"template":"highway","default_image_id":0,"font":"","enabled":false},"version":2},"_wpas_customize_per_network":false},"categories":[8],"tags":[],"class_list":["post-175200","post","type-post","status-publish","format-standard","has-post-thumbnail","hentry","category-sociedad","generate-columns","tablet-grid-50","mobile-grid-100","grid-parent","grid-50"],"jetpack_publicize_connections":[],"jetpack_featured_media_url":"https:\/\/www.hoymercedes.com.ar\/principal\/wp-content\/uploads\/2024\/04\/IMG-20240426-WA0053.jpg","wps_subtitle":"","jetpack_sharing_enabled":true,"_links":{"self":[{"href":"https:\/\/www.hoymercedes.com.ar\/principal\/wp-json\/wp\/v2\/posts\/175200","targetHints":{"allow":["GET"]}}],"collection":[{"href":"https:\/\/www.hoymercedes.com.ar\/principal\/wp-json\/wp\/v2\/posts"}],"about":[{"href":"https:\/\/www.hoymercedes.com.ar\/principal\/wp-json\/wp\/v2\/types\/post"}],"author":[{"embeddable":true,"href":"https:\/\/www.hoymercedes.com.ar\/principal\/wp-json\/wp\/v2\/users\/1"}],"replies":[{"embeddable":true,"href":"https:\/\/www.hoymercedes.com.ar\/principal\/wp-json\/wp\/v2\/comments?post=175200"}],"version-history":[{"count":0,"href":"https:\/\/www.hoymercedes.com.ar\/principal\/wp-json\/wp\/v2\/posts\/175200\/revisions"}],"wp:featuredmedia":[{"embeddable":true,"href":"https:\/\/www.hoymercedes.com.ar\/principal\/wp-json\/wp\/v2\/media\/175201"}],"wp:attachment":[{"href":"https:\/\/www.hoymercedes.com.ar\/principal\/wp-json\/wp\/v2\/media?parent=175200"}],"wp:term":[{"taxonomy":"category","embeddable":true,"href":"https:\/\/www.hoymercedes.com.ar\/principal\/wp-json\/wp\/v2\/categories?post=175200"},{"taxonomy":"post_tag","embeddable":true,"href":"https:\/\/www.hoymercedes.com.ar\/principal\/wp-json\/wp\/v2\/tags?post=175200"}],"curies":[{"name":"wp","href":"https:\/\/api.w.org\/{rel}","templated":true}]}}