{"id":175218,"date":"2024-04-27T09:03:58","date_gmt":"2024-04-27T12:03:58","guid":{"rendered":"https:\/\/www.hoymercedes.com.ar\/principal\/?p=175218"},"modified":"2024-04-27T15:35:32","modified_gmt":"2024-04-27T18:35:32","slug":"despiste-y-vuelco-sobre-ruta-43","status":"publish","type":"post","link":"https:\/\/www.hoymercedes.com.ar\/principal\/2024\/04\/27\/despiste-y-vuelco-sobre-ruta-43\/","title":{"rendered":"Despiste y vuelco sobre ruta 43"},"content":{"rendered":"\n<p>En la nochecita de viernes se produjo un despiste y posterior vuelco sobre la ruta 43 y acceso a la localidad de General Rivas , partido de Suipacha. El siniestro ocurri\u00f3 cuando un autom\u00f3vil Volkswagen Gol Trend, color azul.<\/p>\n\n\n\n<figure class=\"wp-block-image size-full is-resized\"><img loading=\"lazy\" decoding=\"async\" width=\"800\" height=\"533\" data-attachment-id=\"175220\" data-permalink=\"https:\/\/www.hoymercedes.com.ar\/principal\/2024\/04\/27\/despiste-y-vuelco-sobre-ruta-43\/fb_img_1714219158608_copy_800x533\/#main\" data-orig-file=\"https:\/\/www.hoymercedes.com.ar\/principal\/wp-content\/uploads\/2024\/04\/FB_IMG_1714219158608_copy_800x533.jpg\" data-orig-size=\"800,533\" data-comments-opened=\"0\" data-image-meta=\"{&quot;aperture&quot;:&quot;0&quot;,&quot;credit&quot;:&quot;&quot;,&quot;camera&quot;:&quot;&quot;,&quot;caption&quot;:&quot;&quot;,&quot;created_timestamp&quot;:&quot;0&quot;,&quot;copyright&quot;:&quot;&quot;,&quot;focal_length&quot;:&quot;0&quot;,&quot;iso&quot;:&quot;0&quot;,&quot;shutter_speed&quot;:&quot;0&quot;,&quot;title&quot;:&quot;&quot;,&quot;orientation&quot;:&quot;0&quot;}\" data-image-title=\"FB_IMG_1714219158608_copy_800x533\" data-image-description=\"\" data-image-caption=\"\" data-large-file=\"https:\/\/www.hoymercedes.com.ar\/principal\/wp-content\/uploads\/2024\/04\/FB_IMG_1714219158608_copy_800x533.jpg\" src=\"https:\/\/www.hoymercedes.com.ar\/principal\/wp-content\/uploads\/2024\/04\/FB_IMG_1714219158608_copy_800x533.jpg\" alt=\"\" class=\"wp-image-175220\" style=\"width:960px;height:auto\" srcset=\"https:\/\/www.hoymercedes.com.ar\/principal\/wp-content\/uploads\/2024\/04\/FB_IMG_1714219158608_copy_800x533.jpg 800w, https:\/\/www.hoymercedes.com.ar\/principal\/wp-content\/uploads\/2024\/04\/FB_IMG_1714219158608_copy_800x533-630x420.jpg 630w, https:\/\/www.hoymercedes.com.ar\/principal\/wp-content\/uploads\/2024\/04\/FB_IMG_1714219158608_copy_800x533-150x100.jpg 150w, https:\/\/www.hoymercedes.com.ar\/principal\/wp-content\/uploads\/2024\/04\/FB_IMG_1714219158608_copy_800x533-700x465.jpg 700w\" sizes=\"auto, (max-width: 800px) 100vw, 800px\" \/><\/figure>\n\n\n\n<p>Quien conduc\u00eda era Juan Carlos Patalagoity de Suipacha. Viajaba acompa\u00f1ado por su esposa Alicia Perez y su nieto Juan Mart\u00edn Su\u00e1rez. Se dirig\u00edan de Suipacha hacia la localidad de General Rivas y al llegar a la primera curva , se despista ingresando al camino de tierra que se halla con mucho barro debido a las \u00faltimas lluvias, donde luego de recorrer varios metros sin poder dominar el veh\u00edculo vuelca cayendo a la profunda cuneta ubicada al costado del camino.<\/p>\n\n\n\n<p>Si bien los ocupantes no recibieron lesiones , Patalagoity debi\u00f3 ser rescatado por Bomberos Voluntarios debido a que por la posici\u00f3n que hab\u00eda quedado el veh\u00edculo no lo pod\u00eda salir por sus propios medios.<\/p>\n\n\n\n<p>Afortunadamente a pesar de las caracter\u00edsticas del hecho ninguno de los ocupantes sufri\u00f3 lesiones , asimismo fueron trasladados Hospital Esteban Iribarne de Suipacha para las atenciones de rigor.<\/p>\n\n\n\n<p>Las inclemencias del tiempo, la deficiente se\u00f1alizacion horizontal de la ruta y veh\u00edculos que circulaban de frente habr\u00eda sido los causales del evento.<\/p>\n\n\n\n<p>Intervino Bomberos Voluntarios, Polic\u00eda Comunal, Personal del CPR y ambulancias del Homei.<\/p>\n\n\n\n<p>Colaboraci\u00f3n Jorge Lasala de Suipacha <\/p>\n","protected":false},"excerpt":{"rendered":"<p>En la nochecita de viernes se produjo un despiste y posterior vuelco sobre la ruta 43 y acceso a la &#8230; <a title=\"Despiste y vuelco sobre ruta 43\" class=\"read-more\" href=\"https:\/\/www.hoymercedes.com.ar\/principal\/2024\/04\/27\/despiste-y-vuelco-sobre-ruta-43\/\" aria-label=\"Leer m\u00e1s sobre Despiste y vuelco sobre ruta 43\">Leer m\u00e1s<\/a><\/p>\n","protected":false},"author":1,"featured_media":175219,"comment_status":"closed","ping_status":"open","sticky":false,"template":"","format":"standard","meta":{"_monsterinsights_skip_tracking":false,"_monsterinsights_sitenote_active":false,"_monsterinsights_sitenote_note":"","_monsterinsights_sitenote_category":0,"jetpack_post_was_ever_published":false,"_jetpack_newsletter_access":"","_jetpack_dont_email_post_to_subs":false,"_jetpack_newsletter_tier_id":0,"_jetpack_memberships_contains_paywalled_content":false,"_jetpack_memberships_contains_paid_content":false,"footnotes":"","jetpack_publicize_message":"","jetpack_publicize_feature_enabled":true,"jetpack_social_post_already_shared":true,"jetpack_social_options":{"image_generator_settings":{"template":"highway","default_image_id":0,"font":"","enabled":false},"version":2},"_wpas_customize_per_network":false},"categories":[85],"tags":[],"class_list":["post-175218","post","type-post","status-publish","format-standard","has-post-thumbnail","hentry","category-policial","generate-columns","tablet-grid-50","mobile-grid-100","grid-parent","grid-50"],"jetpack_publicize_connections":[],"jetpack_featured_media_url":"https:\/\/www.hoymercedes.com.ar\/principal\/wp-content\/uploads\/2024\/04\/FB_IMG_1714219147902_copy_800x533.jpg","wps_subtitle":"","jetpack_sharing_enabled":true,"_links":{"self":[{"href":"https:\/\/www.hoymercedes.com.ar\/principal\/wp-json\/wp\/v2\/posts\/175218","targetHints":{"allow":["GET"]}}],"collection":[{"href":"https:\/\/www.hoymercedes.com.ar\/principal\/wp-json\/wp\/v2\/posts"}],"about":[{"href":"https:\/\/www.hoymercedes.com.ar\/principal\/wp-json\/wp\/v2\/types\/post"}],"author":[{"embeddable":true,"href":"https:\/\/www.hoymercedes.com.ar\/principal\/wp-json\/wp\/v2\/users\/1"}],"replies":[{"embeddable":true,"href":"https:\/\/www.hoymercedes.com.ar\/principal\/wp-json\/wp\/v2\/comments?post=175218"}],"version-history":[{"count":0,"href":"https:\/\/www.hoymercedes.com.ar\/principal\/wp-json\/wp\/v2\/posts\/175218\/revisions"}],"wp:featuredmedia":[{"embeddable":true,"href":"https:\/\/www.hoymercedes.com.ar\/principal\/wp-json\/wp\/v2\/media\/175219"}],"wp:attachment":[{"href":"https:\/\/www.hoymercedes.com.ar\/principal\/wp-json\/wp\/v2\/media?parent=175218"}],"wp:term":[{"taxonomy":"category","embeddable":true,"href":"https:\/\/www.hoymercedes.com.ar\/principal\/wp-json\/wp\/v2\/categories?post=175218"},{"taxonomy":"post_tag","embeddable":true,"href":"https:\/\/www.hoymercedes.com.ar\/principal\/wp-json\/wp\/v2\/tags?post=175218"}],"curies":[{"name":"wp","href":"https:\/\/api.w.org\/{rel}","templated":true}]}}