{"id":175281,"date":"2024-04-30T07:18:00","date_gmt":"2024-04-30T10:18:00","guid":{"rendered":"https:\/\/www.hoymercedes.com.ar\/principal\/?p=175281"},"modified":"2024-05-31T00:25:08","modified_gmt":"2024-05-31T03:25:08","slug":"hubo-reunion-de-trabajo-de-intendentes-de-la-zona","status":"publish","type":"post","link":"https:\/\/www.hoymercedes.com.ar\/principal\/2024\/04\/30\/hubo-reunion-de-trabajo-de-intendentes-de-la-zona\/","title":{"rendered":"Hubo reuni\u00f3n de trabajo de intendentes de la zona"},"content":{"rendered":"\n<figure class=\"wp-block-image size-large\"><img loading=\"lazy\" decoding=\"async\" width=\"1024\" height=\"768\" data-attachment-id=\"175283\" data-permalink=\"https:\/\/www.hoymercedes.com.ar\/principal\/2024\/04\/30\/hubo-reunion-de-trabajo-de-intendentes-de-la-zona\/mancini\/#main\" data-orig-file=\"https:\/\/www.hoymercedes.com.ar\/principal\/wp-content\/uploads\/2024\/04\/Mancini.jpeg\" data-orig-size=\"1280,960\" data-comments-opened=\"0\" data-image-meta=\"{&quot;aperture&quot;:&quot;0&quot;,&quot;credit&quot;:&quot;&quot;,&quot;camera&quot;:&quot;&quot;,&quot;caption&quot;:&quot;&quot;,&quot;created_timestamp&quot;:&quot;0&quot;,&quot;copyright&quot;:&quot;&quot;,&quot;focal_length&quot;:&quot;0&quot;,&quot;iso&quot;:&quot;0&quot;,&quot;shutter_speed&quot;:&quot;0&quot;,&quot;title&quot;:&quot;&quot;,&quot;orientation&quot;:&quot;0&quot;}\" data-image-title=\"Mancini\" data-image-description=\"\" data-image-caption=\"\" data-large-file=\"https:\/\/www.hoymercedes.com.ar\/principal\/wp-content\/uploads\/2024\/04\/Mancini-1024x768.jpeg\" src=\"https:\/\/www.hoymercedes.com.ar\/principal\/wp-content\/uploads\/2024\/04\/Mancini-1024x768.jpeg\" alt=\"Hubo reuni\u00f3n de trabajo de intendentes de la zona\" class=\"wp-image-175283\" srcset=\"https:\/\/www.hoymercedes.com.ar\/principal\/wp-content\/uploads\/2024\/04\/Mancini-1024x768.jpeg 1024w, https:\/\/www.hoymercedes.com.ar\/principal\/wp-content\/uploads\/2024\/04\/Mancini-630x473.jpeg 630w, https:\/\/www.hoymercedes.com.ar\/principal\/wp-content\/uploads\/2024\/04\/Mancini-150x113.jpeg 150w, https:\/\/www.hoymercedes.com.ar\/principal\/wp-content\/uploads\/2024\/04\/Mancini.jpeg 1280w\" sizes=\"auto, (max-width: 1024px) 100vw, 1024px\" \/><\/figure>\n\n\n\n<p>Este lunes por la ma\u00f1ana, en el despacho del intendente de Suipacha Juan Luis Mancini, se concret\u00f3 un encuentro regional del cual participaron tambi\u00e9n los primeros mandatarios de Mercedes y Luj\u00e1n y el subsecretario de Asuntos Municipales de la provincia Santiago R\u00e9vora.<\/p>\n\n\n\n<p><br>Mancini fue el anfitri\u00f3n de esta reuni\u00f3n de trabajo junto a Juan Ignacio Ustarroz y Leonardo Boto. Son recorridas habituales que encabeza R\u00e9vora, y en la cual los intendentes de una cercan\u00eda determinada intercambian ideas y proyectan propuestas a futuro.<\/p>\n\n\n\n<p><br>Esta vez el epicentro fue Suipacha y el intendente agradeci\u00f3 a los dem\u00e1s mandatarios por acercarse y compartir experiencias. \u201cEn lo personal agradezco a Juani y Leo por su generosidad al trasmitir sus experiencias, an\u00e1lisis y conceptos sobre la gesti\u00f3n municipal. Y tambi\u00e9n a Lalo R\u00e9vora que nos ayuda a pensar en conjunto los desaf\u00edos que tenemos frente a lo complejo de la situaci\u00f3n actual\u201d, expres\u00f3 Juan Luis Mancini sobre la reuni\u00f3n de este lunes.<\/p>\n","protected":false},"excerpt":{"rendered":"<p>Este lunes por la ma\u00f1ana, en el despacho del intendente de Suipacha Juan Luis Mancini, se concret\u00f3 un encuentro regional &#8230; <a title=\"Hubo reuni\u00f3n de trabajo de intendentes de la zona\" class=\"read-more\" href=\"https:\/\/www.hoymercedes.com.ar\/principal\/2024\/04\/30\/hubo-reunion-de-trabajo-de-intendentes-de-la-zona\/\" aria-label=\"Leer m\u00e1s sobre Hubo reuni\u00f3n de trabajo de intendentes de la zona\">Leer m\u00e1s<\/a><\/p>\n","protected":false},"author":1,"featured_media":175283,"comment_status":"closed","ping_status":"open","sticky":false,"template":"","format":"standard","meta":{"_monsterinsights_skip_tracking":false,"_monsterinsights_sitenote_active":false,"_monsterinsights_sitenote_note":"","_monsterinsights_sitenote_category":0,"jetpack_post_was_ever_published":false,"_jetpack_newsletter_access":"","_jetpack_dont_email_post_to_subs":false,"_jetpack_newsletter_tier_id":0,"_jetpack_memberships_contains_paywalled_content":false,"_jetpack_memberships_contains_paid_content":false,"footnotes":"","jetpack_publicize_message":"","jetpack_publicize_feature_enabled":true,"jetpack_social_post_already_shared":true,"jetpack_social_options":{"image_generator_settings":{"template":"highway","default_image_id":0,"font":"","enabled":false},"version":2},"_wpas_customize_per_network":false},"categories":[5],"tags":[585,3558,17895],"class_list":["post-175281","post","type-post","status-publish","format-standard","has-post-thumbnail","hentry","category-politica","tag-juan-ustarroz","tag-lalo-revora","tag-mancini","generate-columns","tablet-grid-50","mobile-grid-100","grid-parent","grid-50"],"jetpack_publicize_connections":[],"jetpack_featured_media_url":"https:\/\/www.hoymercedes.com.ar\/principal\/wp-content\/uploads\/2024\/04\/Mancini.jpeg","wps_subtitle":"Regionales","jetpack_sharing_enabled":true,"_links":{"self":[{"href":"https:\/\/www.hoymercedes.com.ar\/principal\/wp-json\/wp\/v2\/posts\/175281","targetHints":{"allow":["GET"]}}],"collection":[{"href":"https:\/\/www.hoymercedes.com.ar\/principal\/wp-json\/wp\/v2\/posts"}],"about":[{"href":"https:\/\/www.hoymercedes.com.ar\/principal\/wp-json\/wp\/v2\/types\/post"}],"author":[{"embeddable":true,"href":"https:\/\/www.hoymercedes.com.ar\/principal\/wp-json\/wp\/v2\/users\/1"}],"replies":[{"embeddable":true,"href":"https:\/\/www.hoymercedes.com.ar\/principal\/wp-json\/wp\/v2\/comments?post=175281"}],"version-history":[{"count":0,"href":"https:\/\/www.hoymercedes.com.ar\/principal\/wp-json\/wp\/v2\/posts\/175281\/revisions"}],"wp:featuredmedia":[{"embeddable":true,"href":"https:\/\/www.hoymercedes.com.ar\/principal\/wp-json\/wp\/v2\/media\/175283"}],"wp:attachment":[{"href":"https:\/\/www.hoymercedes.com.ar\/principal\/wp-json\/wp\/v2\/media?parent=175281"}],"wp:term":[{"taxonomy":"category","embeddable":true,"href":"https:\/\/www.hoymercedes.com.ar\/principal\/wp-json\/wp\/v2\/categories?post=175281"},{"taxonomy":"post_tag","embeddable":true,"href":"https:\/\/www.hoymercedes.com.ar\/principal\/wp-json\/wp\/v2\/tags?post=175281"}],"curies":[{"name":"wp","href":"https:\/\/api.w.org\/{rel}","templated":true}]}}