{"id":175296,"date":"2024-05-01T02:07:02","date_gmt":"2024-05-01T05:07:02","guid":{"rendered":"https:\/\/www.hoymercedes.com.ar\/principal\/?p=175296"},"modified":"2024-05-01T02:07:04","modified_gmt":"2024-05-01T05:07:04","slug":"justicia-de-mercedes-cambio-su-resolucion-respecto-al-basural-de-lujan","status":"publish","type":"post","link":"https:\/\/www.hoymercedes.com.ar\/principal\/2024\/05\/01\/justicia-de-mercedes-cambio-su-resolucion-respecto-al-basural-de-lujan\/","title":{"rendered":"Justicia de Mercedes cambi\u00f3 su resoluci\u00f3n respecto al basural de Luj\u00e1n"},"content":{"rendered":"\n<figure class=\"wp-block-image size-large\"><img loading=\"lazy\" decoding=\"async\" width=\"1024\" height=\"576\" data-attachment-id=\"175297\" data-permalink=\"https:\/\/www.hoymercedes.com.ar\/principal\/2024\/05\/01\/justicia-de-mercedes-cambio-su-resolucion-respecto-al-basural-de-lujan\/basural-lujan\/#main\" data-orig-file=\"https:\/\/www.hoymercedes.com.ar\/principal\/wp-content\/uploads\/2024\/05\/Basural-Lujan.jpg\" data-orig-size=\"1600,900\" data-comments-opened=\"0\" data-image-meta=\"{&quot;aperture&quot;:&quot;0&quot;,&quot;credit&quot;:&quot;&quot;,&quot;camera&quot;:&quot;&quot;,&quot;caption&quot;:&quot;&quot;,&quot;created_timestamp&quot;:&quot;0&quot;,&quot;copyright&quot;:&quot;&quot;,&quot;focal_length&quot;:&quot;0&quot;,&quot;iso&quot;:&quot;0&quot;,&quot;shutter_speed&quot;:&quot;0&quot;,&quot;title&quot;:&quot;&quot;,&quot;orientation&quot;:&quot;0&quot;}\" data-image-title=\"Justicia de Mercedes cambi\u00f3 su resoluci\u00f3n respecto al basural de Luj\u00e1n\" data-image-description=\"&lt;p&gt;Justicia de Mercedes cambi\u00f3 su resoluci\u00f3n respecto al basural de Luj\u00e1n&lt;\/p&gt;\n\" data-image-caption=\"&lt;p&gt;Justicia de Mercedes cambi\u00f3 su resoluci\u00f3n respecto al basural de Luj\u00e1n&lt;\/p&gt;\n\" data-large-file=\"https:\/\/www.hoymercedes.com.ar\/principal\/wp-content\/uploads\/2024\/05\/Basural-Lujan-1024x576.jpg\" src=\"https:\/\/www.hoymercedes.com.ar\/principal\/wp-content\/uploads\/2024\/05\/Basural-Lujan-1024x576.jpg\" alt=\"Justicia de Mercedes cambi\u00f3 su resoluci\u00f3n respecto al basural de Luj\u00e1n\" class=\"wp-image-175297\" srcset=\"https:\/\/www.hoymercedes.com.ar\/principal\/wp-content\/uploads\/2024\/05\/Basural-Lujan-1024x576.jpg 1024w, https:\/\/www.hoymercedes.com.ar\/principal\/wp-content\/uploads\/2024\/05\/Basural-Lujan-630x354.jpg 630w, https:\/\/www.hoymercedes.com.ar\/principal\/wp-content\/uploads\/2024\/05\/Basural-Lujan-150x84.jpg 150w, https:\/\/www.hoymercedes.com.ar\/principal\/wp-content\/uploads\/2024\/05\/Basural-Lujan-1536x864.jpg 1536w, https:\/\/www.hoymercedes.com.ar\/principal\/wp-content\/uploads\/2024\/05\/Basural-Lujan.jpg 1600w\" sizes=\"auto, (max-width: 1024px) 100vw, 1024px\" \/><\/figure>\n\n\n\n<p>Luj\u00e1n pose\u00eda el basurero a cielo abierto m\u00e1s grande de la Argentina. Con la gesti\u00f3n de Leo Boto empez\u00f3 su <a href=\"https:\/\/www.hoymercedes.com.ar\/principal\/2023\/05\/06\/ambiente-apelo-el-fallo-que-frena-las-obras-del-nuevo-centro-ambiental-de-lujan\/\">saneamient<\/a>o y re <a href=\"https:\/\/www.hoymercedes.com.ar\/principal\/2023\/04\/27\/protesta-por-la-medida-judicial-que-freno-de-las-obras-del-basural-de-lujan\/\">zonificaci\u00f3n<\/a>. Vecinos manifestaron disconformidad y la <a href=\"https:\/\/www.hoymercedes.com.ar\/principal\/2023\/04\/27\/protesta-por-la-medida-judicial-que-freno-de-las-obras-del-basural-de-lujan\/\">justicia de Mercedes <\/a>le hab\u00eda dado a lugar. Ahora el Juzgado de Primera Instancia modific\u00f3 la medida cautelar que pesaba en relaci\u00f3n a la disposici\u00f3n de residuos en el Basural Municipal.<\/p>\n\n\n\n<p>De esta manera la Justicia dio a lugar a la propuesta de la Municipalidad de la vecina ciudad para poder avanzar en el tratamiento y reconversiones.<\/p>\n\n\n\n<p><a href=\"https:\/\/www.elcivismo.com.ar\/notas\/53432\/la-justicia-acepto-el-plan-de-reconversion-del-basural.html\" target=\"_blank\" rel=\"noopener\">El Civismo<\/a> de Luj\u00e1n expuso que \u201cla solicitud del Municipio de Luj\u00e1n plantea la continuidad del dispositivo actual, reforzado con una disposici\u00f3n progresiva por etapas porcentuales que se realizar\u00e1 en la CEAMSE, adem\u00e1s de garantizar las tareas de separaci\u00f3n y clasificaci\u00f3n que llevan adelante los recuperadores urbanos, contando con un esquema de organizaci\u00f3n fortalecido\u201d<\/p>\n\n\n\n<p>M\u00e1s <a href=\"https:\/\/www.elcivismo.com.ar\/notas\/53432\/la-justicia-acepto-el-plan-de-reconversion-del-basural.html\" target=\"_blank\" rel=\"noopener\">adelante coment\u00f3 <\/a>que \u201cdesde la Comuna remarcaron que, de esta manera, \u00abla Justicia avala el proyecto de reconversi\u00f3n del Basural a Cielo Abierto m\u00e1s grande de la Argentina que acerca a la comunidad de Luj\u00e1n a la soluci\u00f3n definitiva de la problem\u00e1tica, que es el cierre t\u00e9cnico del Basural, mientras se espera un pronunciamiento de la Corte Suprema de Justicia en torno a la continuidad de las obras de construcci\u00f3n del Centro Ambiental Laudato Si\u00bb.<\/p>\n","protected":false},"excerpt":{"rendered":"<p>Luj\u00e1n pose\u00eda el basurero a cielo abierto m\u00e1s grande de la Argentina. Con la gesti\u00f3n de Leo Boto empez\u00f3 su &#8230; <a title=\"Justicia de Mercedes cambi\u00f3 su resoluci\u00f3n respecto al basural de Luj\u00e1n\" class=\"read-more\" href=\"https:\/\/www.hoymercedes.com.ar\/principal\/2024\/05\/01\/justicia-de-mercedes-cambio-su-resolucion-respecto-al-basural-de-lujan\/\" aria-label=\"Leer m\u00e1s sobre Justicia de Mercedes cambi\u00f3 su resoluci\u00f3n respecto al basural de Luj\u00e1n\">Leer m\u00e1s<\/a><\/p>\n","protected":false},"author":1,"featured_media":175297,"comment_status":"closed","ping_status":"open","sticky":false,"template":"","format":"standard","meta":{"_monsterinsights_skip_tracking":false,"_monsterinsights_sitenote_active":false,"_monsterinsights_sitenote_note":"","_monsterinsights_sitenote_category":0,"jetpack_post_was_ever_published":false,"_jetpack_newsletter_access":"","_jetpack_dont_email_post_to_subs":false,"_jetpack_newsletter_tier_id":0,"_jetpack_memberships_contains_paywalled_content":false,"_jetpack_memberships_contains_paid_content":false,"footnotes":"","jetpack_publicize_message":"","jetpack_publicize_feature_enabled":true,"jetpack_social_post_already_shared":true,"jetpack_social_options":{"image_generator_settings":{"template":"highway","default_image_id":0,"font":"","enabled":false},"version":2},"_wpas_customize_per_network":false},"categories":[5501],"tags":[18739,12474],"class_list":["post-175296","post","type-post","status-publish","format-standard","has-post-thumbnail","hentry","category-region","tag-basural-lujan","tag-justicia-de-mercedes","generate-columns","tablet-grid-50","mobile-grid-100","grid-parent","grid-50"],"jetpack_publicize_connections":[],"jetpack_featured_media_url":"https:\/\/www.hoymercedes.com.ar\/principal\/wp-content\/uploads\/2024\/05\/Basural-Lujan.jpg","wps_subtitle":"","jetpack_sharing_enabled":true,"_links":{"self":[{"href":"https:\/\/www.hoymercedes.com.ar\/principal\/wp-json\/wp\/v2\/posts\/175296","targetHints":{"allow":["GET"]}}],"collection":[{"href":"https:\/\/www.hoymercedes.com.ar\/principal\/wp-json\/wp\/v2\/posts"}],"about":[{"href":"https:\/\/www.hoymercedes.com.ar\/principal\/wp-json\/wp\/v2\/types\/post"}],"author":[{"embeddable":true,"href":"https:\/\/www.hoymercedes.com.ar\/principal\/wp-json\/wp\/v2\/users\/1"}],"replies":[{"embeddable":true,"href":"https:\/\/www.hoymercedes.com.ar\/principal\/wp-json\/wp\/v2\/comments?post=175296"}],"version-history":[{"count":0,"href":"https:\/\/www.hoymercedes.com.ar\/principal\/wp-json\/wp\/v2\/posts\/175296\/revisions"}],"wp:featuredmedia":[{"embeddable":true,"href":"https:\/\/www.hoymercedes.com.ar\/principal\/wp-json\/wp\/v2\/media\/175297"}],"wp:attachment":[{"href":"https:\/\/www.hoymercedes.com.ar\/principal\/wp-json\/wp\/v2\/media?parent=175296"}],"wp:term":[{"taxonomy":"category","embeddable":true,"href":"https:\/\/www.hoymercedes.com.ar\/principal\/wp-json\/wp\/v2\/categories?post=175296"},{"taxonomy":"post_tag","embeddable":true,"href":"https:\/\/www.hoymercedes.com.ar\/principal\/wp-json\/wp\/v2\/tags?post=175296"}],"curies":[{"name":"wp","href":"https:\/\/api.w.org\/{rel}","templated":true}]}}