{"id":175331,"date":"2024-05-02T22:45:33","date_gmt":"2024-05-03T01:45:33","guid":{"rendered":"https:\/\/www.hoymercedes.com.ar\/principal\/?p=175331"},"modified":"2024-05-02T22:45:34","modified_gmt":"2024-05-03T01:45:34","slug":"promoviendo-una-politica-ambiental-en-argentina","status":"publish","type":"post","link":"https:\/\/www.hoymercedes.com.ar\/principal\/2024\/05\/02\/promoviendo-una-politica-ambiental-en-argentina\/","title":{"rendered":"Promoviendo una pol\u00edtica ambiental en Argentina"},"content":{"rendered":"\n<p>Cristi\u00e1n Frers* &#8211; Hay mucha gente en Argentina que considera que la pol\u00edtica ambiental se basa en mejorar la calidad de vida de las generaciones presentes y futuras, fomentar la participaci\u00f3n social en materia ambiental, promover el uso racional y sustentable de los recursos naturales. Sin embargo, a\u00fan es muy poco el conocimiento que se tienen de esas pol\u00edticas y de su relaci\u00f3n con el movimiento ambiental.<\/p>\n\n\n\n<p>\u00bfEntonces? La pregunta es: \u00bfEsto est\u00e1 sucediendo en la realidad cotidiana? Existe una Ley Nacional del Ambiente (25675): \u00bfSe respeta?<\/p>\n\n\n\n<p>Los partidos y coaliciones pol\u00edticas de mayor relevancia electoral a nivel nacional no tienen posicionamientos program\u00e1ticos claros y expresos sobre la agenda ambiental que permitan diferenciar sustancialmente una coalici\u00f3n de otra. &nbsp;<\/p>\n\n\n\n<p>&nbsp;Muchas veces la falta de coordinaci\u00f3n y de planificaci\u00f3n de las acciones de los gobiernos han derivado en una total ineficacia de sus pol\u00edticas, y han significado, en las cuestiones ambiente y de infraestructura, la necesidad de volver al principio, a cero. Las muy pocas veces que se han establecido medidas anticontaminaci\u00f3n de los cursos de agua, se acciona contra diversas empresas, pero no se tienen en cuenta los basureros a cielo abierto, que siempre se encuentran a la vera de los r\u00edos, o se vierten l\u00edquidos cloacales sin tratamiento alguno, o simplemente se fugan efluentes ante la complicidad de ciertos funcionarios que hacen la vista gorda. Las pol\u00edticas ambientales, sobre todo aquellas dirigidas a frenar el da\u00f1o que causa la contaminaci\u00f3n deben ser a todo o nada.<\/p>\n\n\n\n<p>Hace 17 a\u00f1os publique en la p\u00e1gina de <a href=\"http:\/\/www.estrucplan.com.ar\" target=\"_blank\" rel=\"noopener\">www.estrucplan.com.ar<\/a> \u201cSer\u00eda importante lograr un Acuerdo Marco a nivel Municipal, Provincial y Nacional. Este acuerdo marco dar\u00eda, en su momento, lugar a negociaciones para convenir regulaciones sectoriales propias de las necesidades y singularidades de cada regi\u00f3n y de cada caso, teniendo en cuenta el beneficio com\u00fan de la preservaci\u00f3n de la calidad del ambiente en todos sus aspectos. Sus t\u00e9rminos conducir\u00edan a la seguridad ecol\u00f3gica colectiva en el pa\u00eds y a un desarrollo social justo y equitativo\u201d, sin embargo, no sucede nada ni se toman medidas.<\/p>\n\n\n\n<p>Actualmente, sigo opinando que la participaci\u00f3n ciudadana se erige como una consecuencia del principio democr\u00e1tico, y se apoya en el derecho a la informaci\u00f3n relativa a los proyectos ambientales que son susceptibles de causar una lesi\u00f3n a los recursos naturales y al medio ambiente, y en la garant\u00eda de una efectiva participaci\u00f3n en la toma de decisiones, pero es muy escasa la participaci\u00f3n.<\/p>\n\n\n\n<p>Gran parte del problema de deterioro ambiental en Argentina se debe al convencimiento de que los recursos naturales son ilimitados e invulnerables, a la falta de una pol\u00edtica adecuada, a la ausencia de coordinaci\u00f3n en la aplicaci\u00f3n de las normas y a la insuficiencia de informaci\u00f3n y conciencia p\u00fablica sobre la protecci\u00f3n de la naturaleza y el alcance de los sistemas de protecci\u00f3n.&nbsp;<\/p>\n\n\n\n<p>La pol\u00edtica ambiental es la fijaci\u00f3n de un conjunto arm\u00f3nico e interrelacionado de objetivos, que se orientan al mejoramiento del ambiente y al manejo adecuado de los recursos naturales. A estos objetivos deben incorporar decisiones y acciones espec\u00edficas destinadas al cumplimiento de los mismos, con el respaldo de normas, instituciones y procedimientos que permitan lograr la funcionalidad de dichas pol\u00edticas.<\/p>\n\n\n\n<p>En otras palabras, es un conjunto de los esfuerzos pol\u00edticos para conservar las bases naturales de la vida humana y conseguir un desarrollo sostenible.<\/p>\n\n\n\n<p>Nuestra generaci\u00f3n se enfrenta a la oportunidad m\u00e1s extraordinaria de grandeza que ninguna otra generaci\u00f3n en la historia de la humanidad haya tenido jam\u00e1s. Si no cambiamos nuestro rumbo y simplemente nos detenemos a observar que nuestra localidad, nuestra provincia, nuestro pa\u00eds o nuestro planeta colapse, seremos m\u00e1s odiados que ninguna otra generaci\u00f3n que haya existido<strong>.&nbsp;<\/strong>Podr\u00e1n observar que ten\u00edamos informaci\u00f3n m\u00e1s que suficiente para comprender los problemas que hemos provocado y ver\u00e1n con igual claridad que fallamos para salvar a la Naturaleza.<strong>&nbsp;<\/strong>Y nos odiaran por eso porque habremos cambiado nuestro confort por su futuro.<\/p>\n\n\n\n<p>En esencia el desarrollo sustentable es un proceso de cambio en el cual la explotaci\u00f3n de recursos naturales, la direcci\u00f3n de las inversiones econ\u00f3micas, la orientaci\u00f3n del cambio tecnol\u00f3gico y el cambio institucional est\u00e1n en armon\u00eda y buscan mejorar el potencial actual y futuro de satisfacer las necesidades y aspiraciones humanas.<\/p>\n\n\n\n<p>*Cristi\u00e1n Frers \u2013 T\u00e9cnico Superior en Gesti\u00f3n Ambiental y T\u00e9cnico Superior en Comunicaci\u00f3n Social (Periodista}.<\/p>\n","protected":false},"excerpt":{"rendered":"<p>Cristi\u00e1n Frers* &#8211; Hay mucha gente en Argentina que considera que la pol\u00edtica ambiental se basa en mejorar la calidad &#8230; <a title=\"Promoviendo una pol\u00edtica ambiental en Argentina\" class=\"read-more\" href=\"https:\/\/www.hoymercedes.com.ar\/principal\/2024\/05\/02\/promoviendo-una-politica-ambiental-en-argentina\/\" aria-label=\"Leer m\u00e1s sobre Promoviendo una pol\u00edtica ambiental en Argentina\">Leer m\u00e1s<\/a><\/p>\n","protected":false},"author":1,"featured_media":85609,"comment_status":"closed","ping_status":"open","sticky":false,"template":"","format":"standard","meta":{"_monsterinsights_skip_tracking":false,"_monsterinsights_sitenote_active":false,"_monsterinsights_sitenote_note":"","_monsterinsights_sitenote_category":0,"jetpack_post_was_ever_published":false,"_jetpack_newsletter_access":"","_jetpack_dont_email_post_to_subs":false,"_jetpack_newsletter_tier_id":0,"_jetpack_memberships_contains_paywalled_content":false,"_jetpack_memberships_contains_paid_content":false,"footnotes":"","jetpack_publicize_message":"","jetpack_publicize_feature_enabled":true,"jetpack_social_post_already_shared":true,"jetpack_social_options":{"image_generator_settings":{"template":"highway","default_image_id":0,"font":"","enabled":false},"version":2},"_wpas_customize_per_network":false},"categories":[8],"tags":[],"class_list":["post-175331","post","type-post","status-publish","format-standard","has-post-thumbnail","hentry","category-sociedad","generate-columns","tablet-grid-50","mobile-grid-100","grid-parent","grid-50"],"jetpack_publicize_connections":[],"jetpack_featured_media_url":"https:\/\/www.hoymercedes.com.ar\/principal\/wp-content\/uploads\/2018\/12\/16-biodiversidad-ambiente.jpg","wps_subtitle":"","jetpack_sharing_enabled":true,"_links":{"self":[{"href":"https:\/\/www.hoymercedes.com.ar\/principal\/wp-json\/wp\/v2\/posts\/175331","targetHints":{"allow":["GET"]}}],"collection":[{"href":"https:\/\/www.hoymercedes.com.ar\/principal\/wp-json\/wp\/v2\/posts"}],"about":[{"href":"https:\/\/www.hoymercedes.com.ar\/principal\/wp-json\/wp\/v2\/types\/post"}],"author":[{"embeddable":true,"href":"https:\/\/www.hoymercedes.com.ar\/principal\/wp-json\/wp\/v2\/users\/1"}],"replies":[{"embeddable":true,"href":"https:\/\/www.hoymercedes.com.ar\/principal\/wp-json\/wp\/v2\/comments?post=175331"}],"version-history":[{"count":0,"href":"https:\/\/www.hoymercedes.com.ar\/principal\/wp-json\/wp\/v2\/posts\/175331\/revisions"}],"wp:featuredmedia":[{"embeddable":true,"href":"https:\/\/www.hoymercedes.com.ar\/principal\/wp-json\/wp\/v2\/media\/85609"}],"wp:attachment":[{"href":"https:\/\/www.hoymercedes.com.ar\/principal\/wp-json\/wp\/v2\/media?parent=175331"}],"wp:term":[{"taxonomy":"category","embeddable":true,"href":"https:\/\/www.hoymercedes.com.ar\/principal\/wp-json\/wp\/v2\/categories?post=175331"},{"taxonomy":"post_tag","embeddable":true,"href":"https:\/\/www.hoymercedes.com.ar\/principal\/wp-json\/wp\/v2\/tags?post=175331"}],"curies":[{"name":"wp","href":"https:\/\/api.w.org\/{rel}","templated":true}]}}