{"id":175428,"date":"2024-05-06T09:24:00","date_gmt":"2024-05-06T12:24:00","guid":{"rendered":"https:\/\/www.hoymercedes.com.ar\/principal\/?p=175428"},"modified":"2024-05-06T09:10:00","modified_gmt":"2024-05-06T12:10:00","slug":"el-dr-hernan-salaverri-participa-en-reunion-con-el-presidente-de-la-scba","status":"publish","type":"post","link":"https:\/\/www.hoymercedes.com.ar\/principal\/2024\/05\/06\/el-dr-hernan-salaverri-participa-en-reunion-con-el-presidente-de-la-scba\/","title":{"rendered":"El Dr. Hern\u00e1n Salaverri participa en reuni\u00f3n con el Presidente de la SCBA"},"content":{"rendered":"\n<p>Se trat\u00f3 de una reuni\u00f3n protocolar, luego de la asunci\u00f3n del Dr. Daniel Fernando Soria como titular de la Suprema Corte de Justicia de la provincia de Buenos Aire.<\/p>\n\n\n<div class=\"wp-block-image\">\n<figure class=\"aligncenter size-full\"><img loading=\"lazy\" decoding=\"async\" width=\"800\" height=\"535\" data-attachment-id=\"175429\" data-permalink=\"https:\/\/www.hoymercedes.com.ar\/principal\/2024\/05\/06\/el-dr-hernan-salaverri-participa-en-reunion-con-el-presidente-de-la-scba\/img-20240506-wa0003_copy_800x535\/#main\" data-orig-file=\"https:\/\/www.hoymercedes.com.ar\/principal\/wp-content\/uploads\/2024\/05\/IMG-20240506-WA0003_copy_800x535.jpg\" data-orig-size=\"800,535\" data-comments-opened=\"0\" data-image-meta=\"{&quot;aperture&quot;:&quot;0&quot;,&quot;credit&quot;:&quot;&quot;,&quot;camera&quot;:&quot;&quot;,&quot;caption&quot;:&quot;&quot;,&quot;created_timestamp&quot;:&quot;0&quot;,&quot;copyright&quot;:&quot;&quot;,&quot;focal_length&quot;:&quot;0&quot;,&quot;iso&quot;:&quot;0&quot;,&quot;shutter_speed&quot;:&quot;0&quot;,&quot;title&quot;:&quot;&quot;,&quot;orientation&quot;:&quot;0&quot;}\" data-image-title=\"IMG-20240506-WA0003_copy_800x535\" data-image-description=\"\" data-image-caption=\"\" data-large-file=\"https:\/\/www.hoymercedes.com.ar\/principal\/wp-content\/uploads\/2024\/05\/IMG-20240506-WA0003_copy_800x535.jpg\" src=\"https:\/\/www.hoymercedes.com.ar\/principal\/wp-content\/uploads\/2024\/05\/IMG-20240506-WA0003_copy_800x535.jpg\" alt=\"\" class=\"wp-image-175429\" srcset=\"https:\/\/www.hoymercedes.com.ar\/principal\/wp-content\/uploads\/2024\/05\/IMG-20240506-WA0003_copy_800x535.jpg 800w, https:\/\/www.hoymercedes.com.ar\/principal\/wp-content\/uploads\/2024\/05\/IMG-20240506-WA0003_copy_800x535-630x421.jpg 630w, https:\/\/www.hoymercedes.com.ar\/principal\/wp-content\/uploads\/2024\/05\/IMG-20240506-WA0003_copy_800x535-150x100.jpg 150w\" sizes=\"auto, (max-width: 800px) 100vw, 800px\" \/><\/figure>\n<\/div>\n\n\n<p>El Presidente del Colegio de Abogados del Departamento Judicial de Mercedes, Dr. Hern\u00e1n A. Salaverri, estuvo presente en la reuni\u00f3n celebrada por la Mesa Directiva del COLPROBA con el Dr. Daniel Fernando Soria, actual titular de la SCBA.Se trat\u00f3 de una reuni\u00f3n protocolar, luego de la asunci\u00f3n del Dr. Daniel Fernando Soria como titular de la SCBA, de acuerdo al sistema de rotaci\u00f3n anual establecido por el Art. 162 de la Constituci\u00f3n de la Provincia de Buenos Aires y los Arts. 28 y 29 de la Ley Org\u00e1nica del Poder Judicial.<\/p>\n\n\n\n<p>En ocasi\u00f3n de dicho encuentro se dio tratamiento a diversos temas y el Dr. Salaverri destac\u00f3 la necesidad de abordar problem\u00e1ticas en torno a la Ley de Honorarios Profesionales, pago de Asesores\/Defensores Ad Hoc y vacantes en la SCBA.<\/p>\n\n\n\n<p>Adem\u00e1s del Dr. Salaverri, acompa\u00f1aron al presidente del COLPROBA Dr. Bienvenido Rodr\u00edguez Basalo, los Dres: Rafael Gentili (Bah\u00eda Blanca), Adriana Coliqueo (Avellaneda Lan\u00fas) Guillermina Soria (San Isidro), V\u00edctor Pagani Deluchi (Necochea), Eduardo Sreider (Moreno \u2013 Gral Rodr\u00edguez), Marcos Vilaplana (San Mart\u00edn), Juan Pablo Cremonte (Dolores), y Dami\u00e1n Pimpinatti (Pergamino).<\/p>\n\n\n\n<p>Fuente: CADJMercedes y COLPROBA<\/p>\n\n\n\n<p><\/p>\n","protected":false},"excerpt":{"rendered":"<p>Se trat\u00f3 de una reuni\u00f3n protocolar, luego de la asunci\u00f3n del Dr. Daniel Fernando Soria como titular de la Suprema &#8230; <a title=\"El Dr. Hern\u00e1n Salaverri participa en reuni\u00f3n con el Presidente de la SCBA\" class=\"read-more\" href=\"https:\/\/www.hoymercedes.com.ar\/principal\/2024\/05\/06\/el-dr-hernan-salaverri-participa-en-reunion-con-el-presidente-de-la-scba\/\" aria-label=\"Leer m\u00e1s sobre El Dr. Hern\u00e1n Salaverri participa en reuni\u00f3n con el Presidente de la SCBA\">Leer m\u00e1s<\/a><\/p>\n","protected":false},"author":1,"featured_media":175429,"comment_status":"closed","ping_status":"open","sticky":false,"template":"","format":"standard","meta":{"_monsterinsights_skip_tracking":false,"_monsterinsights_sitenote_active":false,"_monsterinsights_sitenote_note":"","_monsterinsights_sitenote_category":0,"jetpack_post_was_ever_published":false,"_jetpack_newsletter_access":"","_jetpack_dont_email_post_to_subs":false,"_jetpack_newsletter_tier_id":0,"_jetpack_memberships_contains_paywalled_content":false,"_jetpack_memberships_contains_paid_content":false,"footnotes":"","jetpack_publicize_message":"","jetpack_publicize_feature_enabled":true,"jetpack_social_post_already_shared":true,"jetpack_social_options":{"image_generator_settings":{"template":"highway","default_image_id":0,"font":"","enabled":false},"version":2},"_wpas_customize_per_network":false},"categories":[8],"tags":[],"class_list":["post-175428","post","type-post","status-publish","format-standard","has-post-thumbnail","hentry","category-sociedad","generate-columns","tablet-grid-50","mobile-grid-100","grid-parent","grid-50"],"jetpack_publicize_connections":[],"jetpack_featured_media_url":"https:\/\/www.hoymercedes.com.ar\/principal\/wp-content\/uploads\/2024\/05\/IMG-20240506-WA0003_copy_800x535.jpg","wps_subtitle":"","jetpack_sharing_enabled":true,"_links":{"self":[{"href":"https:\/\/www.hoymercedes.com.ar\/principal\/wp-json\/wp\/v2\/posts\/175428","targetHints":{"allow":["GET"]}}],"collection":[{"href":"https:\/\/www.hoymercedes.com.ar\/principal\/wp-json\/wp\/v2\/posts"}],"about":[{"href":"https:\/\/www.hoymercedes.com.ar\/principal\/wp-json\/wp\/v2\/types\/post"}],"author":[{"embeddable":true,"href":"https:\/\/www.hoymercedes.com.ar\/principal\/wp-json\/wp\/v2\/users\/1"}],"replies":[{"embeddable":true,"href":"https:\/\/www.hoymercedes.com.ar\/principal\/wp-json\/wp\/v2\/comments?post=175428"}],"version-history":[{"count":0,"href":"https:\/\/www.hoymercedes.com.ar\/principal\/wp-json\/wp\/v2\/posts\/175428\/revisions"}],"wp:featuredmedia":[{"embeddable":true,"href":"https:\/\/www.hoymercedes.com.ar\/principal\/wp-json\/wp\/v2\/media\/175429"}],"wp:attachment":[{"href":"https:\/\/www.hoymercedes.com.ar\/principal\/wp-json\/wp\/v2\/media?parent=175428"}],"wp:term":[{"taxonomy":"category","embeddable":true,"href":"https:\/\/www.hoymercedes.com.ar\/principal\/wp-json\/wp\/v2\/categories?post=175428"},{"taxonomy":"post_tag","embeddable":true,"href":"https:\/\/www.hoymercedes.com.ar\/principal\/wp-json\/wp\/v2\/tags?post=175428"}],"curies":[{"name":"wp","href":"https:\/\/api.w.org\/{rel}","templated":true}]}}