{"id":175487,"date":"2024-05-08T12:43:00","date_gmt":"2024-05-08T15:43:00","guid":{"rendered":"https:\/\/www.hoymercedes.com.ar\/principal\/?p=175487"},"modified":"2024-05-08T18:58:31","modified_gmt":"2024-05-08T21:58:31","slug":"renuevan-la-red-electrica-en-barrios-de-mercedes","status":"publish","type":"post","link":"https:\/\/www.hoymercedes.com.ar\/principal\/2024\/05\/08\/renuevan-la-red-electrica-en-barrios-de-mercedes\/","title":{"rendered":"Renuevan la red el\u00e9ctrica en barrios de Mercedes"},"content":{"rendered":"\n<p>La empresa EDEN inform\u00f3 que realizaron obras de renovaci\u00f3n y modernizaci\u00f3n en el barrio Los Para\u00edsos y sobre la Avenida de los Inmigrantes. De acuerdo a la informaci\u00f3n provista por la empresas son 4 kil\u00f3metros de redes. <\/p>\n\n\n\n<p>\u00abEl personal t\u00e9cnico de la empresa mont\u00f3 un importante despliegue con el fin de renovar m\u00e1s de\u00a04000 metros de redes que brindan energ\u00eda a hogares, comercios, pymes, emprendimientos y escuelas ubicadas en dichos sectores. Los trabajos consistieron en el reemplazo de l\u00edneas convencionales por preensambladas,\u00a0m\u00e1s modernas y resistentes\u00a0a las inclemencias clim\u00e1ticas\u00bb, destacan desde la empresa.<\/p>\n\n\n\n<p>\u00abAdem\u00e1s, se realizaron trabajos sobre un nuevo\u00a0Centro de Transformaci\u00f3n\u00a0ubicado en las calles 6 y 25, lo que permiti\u00f3 ampliar y mejorar la operaci\u00f3n y capacidad de la red el\u00e9ctrica del sector.Las tareas se realizaron utilizando equipamiento pesado, incluyendo hidroelevadores que permiten intervenir en las instalaciones ubicadas en altura siguiendo las normas de seguridad para el personal\u00bb, expresa EDEN.<\/p>\n\n\n\n<p>\u00a0La informaci\u00f3n de la empresa asegura que son m\u00e1s de 400 usuarios que se vieron beneficiados con esas obras. <\/p>\n\n\n\n<p><img decoding=\"async\" width=\"560\" src=\"https:\/\/ecp.yusercontent.com\/mail?url=https%3A%2F%2Fapp2.dopplerfiles.com%2FUsers%2F402390%2FCampaigns%2F13308353%2FNva_isla_calle_6_y_25_%281%29.jpeg&amp;t=1715204517&amp;ymreqid=254146c1-e10c-ef8a-1c5a-c7000501f500&amp;sig=_77irJtBXExLcnotGfZIOg--~D\" alt=\"Nva_isla_calle_6_y_25_(1)\"><\/p>\n\n\n\n<figure class=\"wp-block-image size-large\"><img loading=\"lazy\" decoding=\"async\" width=\"768\" height=\"1024\" data-attachment-id=\"175488\" data-permalink=\"https:\/\/www.hoymercedes.com.ar\/principal\/2024\/05\/08\/renuevan-la-red-electrica-en-barrios-de-mercedes\/image-51\/#main\" data-orig-file=\"https:\/\/www.hoymercedes.com.ar\/principal\/wp-content\/uploads\/2024\/05\/image.png\" data-orig-size=\"1200,1600\" data-comments-opened=\"0\" data-image-meta=\"{&quot;aperture&quot;:&quot;0&quot;,&quot;credit&quot;:&quot;&quot;,&quot;camera&quot;:&quot;&quot;,&quot;caption&quot;:&quot;&quot;,&quot;created_timestamp&quot;:&quot;0&quot;,&quot;copyright&quot;:&quot;&quot;,&quot;focal_length&quot;:&quot;0&quot;,&quot;iso&quot;:&quot;0&quot;,&quot;shutter_speed&quot;:&quot;0&quot;,&quot;title&quot;:&quot;&quot;,&quot;orientation&quot;:&quot;0&quot;}\" data-image-title=\"image\" data-image-description=\"\" data-image-caption=\"\" data-large-file=\"https:\/\/www.hoymercedes.com.ar\/principal\/wp-content\/uploads\/2024\/05\/image-768x1024.png\" src=\"https:\/\/www.hoymercedes.com.ar\/principal\/wp-content\/uploads\/2024\/05\/image-768x1024.png\" alt=\"\" class=\"wp-image-175488\" srcset=\"https:\/\/www.hoymercedes.com.ar\/principal\/wp-content\/uploads\/2024\/05\/image-768x1024.png 768w, https:\/\/www.hoymercedes.com.ar\/principal\/wp-content\/uploads\/2024\/05\/image-465x620.png 465w, https:\/\/www.hoymercedes.com.ar\/principal\/wp-content\/uploads\/2024\/05\/image-113x150.png 113w, https:\/\/www.hoymercedes.com.ar\/principal\/wp-content\/uploads\/2024\/05\/image-1152x1536.png 1152w, https:\/\/www.hoymercedes.com.ar\/principal\/wp-content\/uploads\/2024\/05\/image.png 1200w\" sizes=\"auto, (max-width: 768px) 100vw, 768px\" \/><\/figure>\n","protected":false},"excerpt":{"rendered":"<p>La empresa EDEN inform\u00f3 que realizaron obras de renovaci\u00f3n y modernizaci\u00f3n en el barrio Los Para\u00edsos y sobre la Avenida &#8230; <a title=\"Renuevan la red el\u00e9ctrica en barrios de Mercedes\" class=\"read-more\" href=\"https:\/\/www.hoymercedes.com.ar\/principal\/2024\/05\/08\/renuevan-la-red-electrica-en-barrios-de-mercedes\/\" aria-label=\"Leer m\u00e1s sobre Renuevan la red el\u00e9ctrica en barrios de Mercedes\">Leer m\u00e1s<\/a><\/p>\n","protected":false},"author":1,"featured_media":175488,"comment_status":"closed","ping_status":"open","sticky":false,"template":"","format":"standard","meta":{"_monsterinsights_skip_tracking":false,"_monsterinsights_sitenote_active":false,"_monsterinsights_sitenote_note":"","_monsterinsights_sitenote_category":0,"jetpack_post_was_ever_published":false,"_jetpack_newsletter_access":"","_jetpack_dont_email_post_to_subs":false,"_jetpack_newsletter_tier_id":0,"_jetpack_memberships_contains_paywalled_content":false,"_jetpack_memberships_contains_paid_content":false,"footnotes":"","jetpack_publicize_message":"","jetpack_publicize_feature_enabled":true,"jetpack_social_post_already_shared":true,"jetpack_social_options":{"image_generator_settings":{"template":"highway","default_image_id":0,"font":"","enabled":false},"version":2},"_wpas_customize_per_network":false},"categories":[8],"tags":[],"class_list":["post-175487","post","type-post","status-publish","format-standard","has-post-thumbnail","hentry","category-sociedad","generate-columns","tablet-grid-50","mobile-grid-100","grid-parent","grid-50"],"jetpack_publicize_connections":[],"jetpack_featured_media_url":"https:\/\/www.hoymercedes.com.ar\/principal\/wp-content\/uploads\/2024\/05\/image.png","wps_subtitle":"","jetpack_sharing_enabled":true,"_links":{"self":[{"href":"https:\/\/www.hoymercedes.com.ar\/principal\/wp-json\/wp\/v2\/posts\/175487","targetHints":{"allow":["GET"]}}],"collection":[{"href":"https:\/\/www.hoymercedes.com.ar\/principal\/wp-json\/wp\/v2\/posts"}],"about":[{"href":"https:\/\/www.hoymercedes.com.ar\/principal\/wp-json\/wp\/v2\/types\/post"}],"author":[{"embeddable":true,"href":"https:\/\/www.hoymercedes.com.ar\/principal\/wp-json\/wp\/v2\/users\/1"}],"replies":[{"embeddable":true,"href":"https:\/\/www.hoymercedes.com.ar\/principal\/wp-json\/wp\/v2\/comments?post=175487"}],"version-history":[{"count":0,"href":"https:\/\/www.hoymercedes.com.ar\/principal\/wp-json\/wp\/v2\/posts\/175487\/revisions"}],"wp:featuredmedia":[{"embeddable":true,"href":"https:\/\/www.hoymercedes.com.ar\/principal\/wp-json\/wp\/v2\/media\/175488"}],"wp:attachment":[{"href":"https:\/\/www.hoymercedes.com.ar\/principal\/wp-json\/wp\/v2\/media?parent=175487"}],"wp:term":[{"taxonomy":"category","embeddable":true,"href":"https:\/\/www.hoymercedes.com.ar\/principal\/wp-json\/wp\/v2\/categories?post=175487"},{"taxonomy":"post_tag","embeddable":true,"href":"https:\/\/www.hoymercedes.com.ar\/principal\/wp-json\/wp\/v2\/tags?post=175487"}],"curies":[{"name":"wp","href":"https:\/\/api.w.org\/{rel}","templated":true}]}}