{"id":175701,"date":"2024-05-16T10:40:18","date_gmt":"2024-05-16T13:40:18","guid":{"rendered":"https:\/\/www.hoymercedes.com.ar\/principal\/?p=175701"},"modified":"2024-05-16T15:13:42","modified_gmt":"2024-05-16T18:13:42","slug":"juana-azurduy-revolucion-inconclusa-una-leccion-de-teatro","status":"publish","type":"post","link":"https:\/\/www.hoymercedes.com.ar\/principal\/2024\/05\/16\/juana-azurduy-revolucion-inconclusa-una-leccion-de-teatro\/","title":{"rendered":"Una lecci\u00f3n de teatro"},"content":{"rendered":"\n<p>Por\u00a0Susana Spano &#8211; En la antigua Grecia los grandes tr\u00e1gicos legaron al mundo p\u00e1ginas que perduran, inalterables, en el imaginario colectivo.<\/p>\n\n\n<div class=\"wp-block-image\">\n<figure class=\"aligncenter size-full\"><img loading=\"lazy\" decoding=\"async\" width=\"800\" height=\"533\" data-attachment-id=\"175705\" data-permalink=\"https:\/\/www.hoymercedes.com.ar\/principal\/2024\/05\/16\/polo-obrero-comunicado-de-prensa\/stella-talia-2\/#main\" data-orig-file=\"https:\/\/www.hoymercedes.com.ar\/principal\/wp-content\/uploads\/2024\/05\/stella-talia-2.jpg\" data-orig-size=\"800,533\" data-comments-opened=\"0\" data-image-meta=\"{&quot;aperture&quot;:&quot;0&quot;,&quot;credit&quot;:&quot;&quot;,&quot;camera&quot;:&quot;&quot;,&quot;caption&quot;:&quot;&quot;,&quot;created_timestamp&quot;:&quot;0&quot;,&quot;copyright&quot;:&quot;&quot;,&quot;focal_length&quot;:&quot;0&quot;,&quot;iso&quot;:&quot;0&quot;,&quot;shutter_speed&quot;:&quot;0&quot;,&quot;title&quot;:&quot;&quot;,&quot;orientation&quot;:&quot;0&quot;}\" data-image-title=\"stella talia 2\" data-image-description=\"\" data-image-caption=\"\" data-large-file=\"https:\/\/www.hoymercedes.com.ar\/principal\/wp-content\/uploads\/2024\/05\/stella-talia-2.jpg\" src=\"https:\/\/www.hoymercedes.com.ar\/principal\/wp-content\/uploads\/2024\/05\/stella-talia-2.jpg\" alt=\"\" class=\"wp-image-175705\" srcset=\"https:\/\/www.hoymercedes.com.ar\/principal\/wp-content\/uploads\/2024\/05\/stella-talia-2.jpg 800w, https:\/\/www.hoymercedes.com.ar\/principal\/wp-content\/uploads\/2024\/05\/stella-talia-2-630x420.jpg 630w, https:\/\/www.hoymercedes.com.ar\/principal\/wp-content\/uploads\/2024\/05\/stella-talia-2-150x100.jpg 150w, https:\/\/www.hoymercedes.com.ar\/principal\/wp-content\/uploads\/2024\/05\/stella-talia-2-700x465.jpg 700w\" sizes=\"auto, (max-width: 800px) 100vw, 800px\" \/><\/figure>\n<\/div>\n\n\n<p>\u00bfC\u00f3mo surgi\u00f3 ese fen\u00f3meno? \u00bfCu\u00e1l fue su esencia? \u00bfPor qu\u00e9 a\u00fan hoy nos conmovemos con los planteos de esos hombres y mujeres que, desde la escena, hablaron de amor, odio, venganza y&nbsp; muerte?&nbsp;<\/p>\n\n\n\n<p>Probablemente la respuesta se encuentre en una palabra: <strong><em>\u201ccatarsis\u201d<\/em><\/strong><em> &#8211; del griego \u03ba\u03ac\u03b8\u03b1\u03c1\u03c3\u03b9\u03c2, k\u00e1tharsis, purificaci\u00f3n, limpieza &#8211; Es la purificaci\u00f3n y purga de emociones a trav\u00e9s del arte dram\u00e1tico que la Real Academia Espa\u00f1ola define como: \u00abliberaci\u00f3n o transformaci\u00f3n interior suscitadas por una experiencia vital profunda\u00bb y el \u00abefecto purificador y liberador que causa la tragedia en los espectadores suscitando la compasi\u00f3n, el horror y otras emociones\u00bb.<\/em><\/p>\n\n\n\n<p>Esa comunicaci\u00f3n m\u00e1gica que se produce entre actor y espectador durante la ceremonia quasi religiosa es la que deviene en el hecho teatral, logra que ambos se modifiquen y crezcan.<\/p>\n\n\n\n<p>El 11 de mayo, quienes asistimos a la representaci\u00f3n del po\u00e9tico y conmovedor mon\u00f3logo de <strong>\u201cJuana Azurduy\u201d: una revoluci\u00f3n inconclusa<\/strong>, experimentamos esa sensaci\u00f3n cuando se alinearon, en perfecta armon\u00eda, un texto desgarrador y bello, una actuaci\u00f3n soberbia y una direcci\u00f3n de excelencia.<\/p>\n\n\n\n<p><strong>Violeta Herrero<\/strong>, es una escritora inteligente y sensible que revel\u00f3 ante nuestros ojos&nbsp; a&nbsp; una hero\u00edna de la Guerra de la Independencia, no solo reafirmando su valor hist\u00f3rico, sino&nbsp; develando su ser interior, desgarrado por el paso del tiempo y sus p\u00e9rdidas: marido, hijos, amigos, compa\u00f1eros de lucha,<em> todo<\/em>\u2026<\/p>\n\n\n\n<p><strong>Stella Siri<\/strong>, dio vida a una <strong>Juana<\/strong> titubeante, vencida por los a\u00f1os, la soledad, la miseria y el olvido. A trav\u00e9s de una actuaci\u00f3n excepcional, cada gesto, cada temblor de la hero\u00edna cansada a la que solo visitan los recuerdos, fue adue\u00f1\u00e1ndose de la escena y a trav\u00e9s de sus ojos empa\u00f1ados fuimos testigos del dolor de esa peque\u00f1a gran mujer, sobreviviente de la desolaci\u00f3n y la orfandad m\u00e1s absoluta.<\/p>\n\n\n\n<p><strong>Jorge Naipauer<\/strong> fue el artesano que logr\u00f3 la metamorfosis de un personaje sublime. Con sabidur\u00eda, logr\u00f3 que <strong>Stella Siri<\/strong> atravesara\u00a0 los\u00a0 momentos de la vida de la hero\u00edna, trasmutando sutilmente los estados de \u00e1nimo que la protagonista requiere: la decadencia profunda, la soledad insoportable, la regeneraci\u00f3n de la mujer heroica y fuerte, la madre que llora a los hijos que entreg\u00f3 a la Patria y el final, donde se eleva en un parlamento prof\u00e9tico y conmovedor\u00a0 dedicado a esta Am\u00e9rica que debe\u00a0 terminar su<strong><em> \u201crevoluci\u00f3n inconclusa\u201d.<\/em><\/strong><\/p>\n\n\n<div class=\"wp-block-image\">\n<figure class=\"aligncenter size-full\"><img loading=\"lazy\" decoding=\"async\" width=\"800\" height=\"533\" data-attachment-id=\"175706\" data-permalink=\"https:\/\/www.hoymercedes.com.ar\/principal\/2024\/05\/16\/polo-obrero-comunicado-de-prensa\/stella-talia-1\/#main\" data-orig-file=\"https:\/\/www.hoymercedes.com.ar\/principal\/wp-content\/uploads\/2024\/05\/stella-talia-1.jpg\" data-orig-size=\"800,533\" data-comments-opened=\"0\" data-image-meta=\"{&quot;aperture&quot;:&quot;0&quot;,&quot;credit&quot;:&quot;&quot;,&quot;camera&quot;:&quot;&quot;,&quot;caption&quot;:&quot;&quot;,&quot;created_timestamp&quot;:&quot;0&quot;,&quot;copyright&quot;:&quot;&quot;,&quot;focal_length&quot;:&quot;0&quot;,&quot;iso&quot;:&quot;0&quot;,&quot;shutter_speed&quot;:&quot;0&quot;,&quot;title&quot;:&quot;&quot;,&quot;orientation&quot;:&quot;0&quot;}\" data-image-title=\"stella talia 1\" data-image-description=\"\" data-image-caption=\"\" data-large-file=\"https:\/\/www.hoymercedes.com.ar\/principal\/wp-content\/uploads\/2024\/05\/stella-talia-1.jpg\" src=\"https:\/\/www.hoymercedes.com.ar\/principal\/wp-content\/uploads\/2024\/05\/stella-talia-1.jpg\" alt=\"\" class=\"wp-image-175706\" srcset=\"https:\/\/www.hoymercedes.com.ar\/principal\/wp-content\/uploads\/2024\/05\/stella-talia-1.jpg 800w, https:\/\/www.hoymercedes.com.ar\/principal\/wp-content\/uploads\/2024\/05\/stella-talia-1-630x420.jpg 630w, https:\/\/www.hoymercedes.com.ar\/principal\/wp-content\/uploads\/2024\/05\/stella-talia-1-150x100.jpg 150w, https:\/\/www.hoymercedes.com.ar\/principal\/wp-content\/uploads\/2024\/05\/stella-talia-1-700x465.jpg 700w\" sizes=\"auto, (max-width: 800px) 100vw, 800px\" \/><\/figure>\n<\/div>\n\n\n<p>La conjunci\u00f3n de un texto bello y trascendente, una actuaci\u00f3n de excelencia y un director que supo interpretar las palabras, las acciones y los momentos m\u00e1s profundos que la obra requiere, hicieron de la funci\u00f3n del 11 de mayo, un acto de <strong><em>\u201ccatarsis\u201d<\/em><\/strong> colectiva, \u00fanico e inolvidable.<\/p>\n\n\n\n<p>El pr\u00f3ximo s\u00e1bado 18 de mayo, a las 21:00, nuevamente se levantar\u00e1 el tel\u00f3n y <strong>Juana Azurduy<\/strong> volver\u00e1 al <strong>Teatro Tal\u00eda<\/strong> para dejarnos su mensaje de amor y esperanza.<\/p>\n","protected":false},"excerpt":{"rendered":"<p>Por\u00a0Susana Spano &#8211; En la antigua Grecia los grandes tr\u00e1gicos legaron al mundo p\u00e1ginas que perduran, inalterables, en el imaginario &#8230; <a title=\"Una lecci\u00f3n de teatro\" class=\"read-more\" href=\"https:\/\/www.hoymercedes.com.ar\/principal\/2024\/05\/16\/juana-azurduy-revolucion-inconclusa-una-leccion-de-teatro\/\" aria-label=\"Leer m\u00e1s sobre Una lecci\u00f3n de teatro\">Leer m\u00e1s<\/a><\/p>\n","protected":false},"author":1,"featured_media":175705,"comment_status":"closed","ping_status":"open","sticky":false,"template":"","format":"standard","meta":{"_monsterinsights_skip_tracking":false,"_monsterinsights_sitenote_active":false,"_monsterinsights_sitenote_note":"","_monsterinsights_sitenote_category":0,"jetpack_post_was_ever_published":false,"_jetpack_newsletter_access":"","_jetpack_dont_email_post_to_subs":false,"_jetpack_newsletter_tier_id":0,"_jetpack_memberships_contains_paywalled_content":false,"_jetpack_memberships_contains_paid_content":false,"footnotes":"","jetpack_publicize_message":"","jetpack_publicize_feature_enabled":true,"jetpack_social_post_already_shared":true,"jetpack_social_options":{"image_generator_settings":{"template":"highway","default_image_id":0,"font":"","enabled":false},"version":2},"_wpas_customize_per_network":false},"categories":[104],"tags":[7805],"class_list":["post-175701","post","type-post","status-publish","format-standard","has-post-thumbnail","hentry","category-cultura","tag-cultura","generate-columns","tablet-grid-50","mobile-grid-100","grid-parent","grid-50"],"jetpack_publicize_connections":[],"jetpack_featured_media_url":"https:\/\/www.hoymercedes.com.ar\/principal\/wp-content\/uploads\/2024\/05\/stella-talia-2.jpg","wps_subtitle":"\"Juana Azurduy: revoluci\u00f3n inconclusa\"","jetpack_sharing_enabled":true,"_links":{"self":[{"href":"https:\/\/www.hoymercedes.com.ar\/principal\/wp-json\/wp\/v2\/posts\/175701","targetHints":{"allow":["GET"]}}],"collection":[{"href":"https:\/\/www.hoymercedes.com.ar\/principal\/wp-json\/wp\/v2\/posts"}],"about":[{"href":"https:\/\/www.hoymercedes.com.ar\/principal\/wp-json\/wp\/v2\/types\/post"}],"author":[{"embeddable":true,"href":"https:\/\/www.hoymercedes.com.ar\/principal\/wp-json\/wp\/v2\/users\/1"}],"replies":[{"embeddable":true,"href":"https:\/\/www.hoymercedes.com.ar\/principal\/wp-json\/wp\/v2\/comments?post=175701"}],"version-history":[{"count":0,"href":"https:\/\/www.hoymercedes.com.ar\/principal\/wp-json\/wp\/v2\/posts\/175701\/revisions"}],"wp:featuredmedia":[{"embeddable":true,"href":"https:\/\/www.hoymercedes.com.ar\/principal\/wp-json\/wp\/v2\/media\/175705"}],"wp:attachment":[{"href":"https:\/\/www.hoymercedes.com.ar\/principal\/wp-json\/wp\/v2\/media?parent=175701"}],"wp:term":[{"taxonomy":"category","embeddable":true,"href":"https:\/\/www.hoymercedes.com.ar\/principal\/wp-json\/wp\/v2\/categories?post=175701"},{"taxonomy":"post_tag","embeddable":true,"href":"https:\/\/www.hoymercedes.com.ar\/principal\/wp-json\/wp\/v2\/tags?post=175701"}],"curies":[{"name":"wp","href":"https:\/\/api.w.org\/{rel}","templated":true}]}}